{"id":2125,"date":"2015-07-28T16:24:45","date_gmt":"2015-07-28T16:24:45","guid":{"rendered":"http:\/\/granadacosta.es\/?p=2125"},"modified":"2015-07-28T16:24:45","modified_gmt":"2015-07-28T16:24:45","slug":"junta-y-ayuntamiento-de-cenes-de-la-vega-formalizan-la-cesion-del-local-que-acoge-el-centro-de-salud","status":"publish","type":"post","link":"https:\/\/granadacostaglobal.es\/?p=2125","title":{"rendered":"Junta y Ayuntamiento de Cenes de la Vega formalizan la cesi\u00f3n del local que acoge el Centro de Salud"},"content":{"rendered":"<p>La delegada del Gobierno ofrece el apoyo del Gobierno andaluz para impulsar estrategia de promoci\u00f3n tur\u00edstico-deportiva<\/p>\n<p>La delegada del Gobierno, Sandra Garc\u00eda, ha visitado el municipio de Cenes de la Vega, en donde ha mantenido una reuni\u00f3n de trabajo con el alcalde de la localidad, Juan Ram\u00f3n Castell\u00f3n. En este encuentro se ha firmado el acuerdo alcanzado entre ambas administraciones para la cesi\u00f3n del local, de propiedad municipal, que acoge el Centro de Salud. Recordar que el Consejo de Gobierno de 12 de mayo se acept\u00f3 la cesi\u00f3n gratuita del terreno.<\/p>\n<p>En la reuni\u00f3n se han tratado otros asuntos en los que tiene competencia la Junta de Andaluc\u00eda, tal es el caso de la ampliaci\u00f3n del colegio p\u00fablico de Educaci\u00f3n Infantil y Primaria El Zargal, un centro cuyas obras ser\u00e1n pr\u00f3ximamente licitadas, as\u00ed como las obras del pabell\u00f3n deportivo.<\/p>\n<p><a href=\"http:\/\/granadacosta.es\/wp-content\/uploads\/2015\/07\/JMG_4895-cenes.jpg\"><img decoding=\"async\" loading=\"lazy\" class=\"aligncenter size-large wp-image-2128\" src=\"http:\/\/granadacosta.es\/wp-content\/uploads\/2015\/07\/JMG_4895-cenes-1024x684.jpg\" alt=\"JMG_4895-cenes\" width=\"1024\" height=\"684\" \/><\/a><\/p>\n<p><strong>Puerta de entrada a Sierra Nevada<\/strong><\/p>\n<p>En el transcurso de esta visita al Ayuntamiento de Cenes, Sandra Garc\u00eda, ha llamado la atenci\u00f3n sobre el papel del municipio como puerta de entrada a Sierra Nevada, \u201cpunto estrat\u00e9gico en el acceso a la estaci\u00f3n de esqu\u00ed\u201d, lo que ha permitido a esta localidad ser polo de atracci\u00f3n para empresas deportes riesgo y vinculados a la nieve.<\/p>\n<p>En este sentido, la delegada del Gobierno mostr\u00f3 la total colaboraci\u00f3n del Gobierno andaluz con la administraci\u00f3n local para impulsar todas las estrategia de promoci\u00f3n tur\u00edstico-deportiva necesarias para convertirlas en pilar del desarrollo econ\u00f3mico de Cenes de la Vega.<\/p>\n<p><a href=\"http:\/\/granadacosta.es\/wp-content\/uploads\/2015\/07\/JMG_4894-cenes.jpg\"><img decoding=\"async\" loading=\"lazy\" class=\"aligncenter size-large wp-image-2127\" src=\"http:\/\/granadacosta.es\/wp-content\/uploads\/2015\/07\/JMG_4894-cenes-1024x684.jpg\" alt=\"JMG_4894-cenes\" width=\"1024\" height=\"684\" \/><\/a><\/p>\n<p>Por su parte, el alcalde de la localidad se mostr\u00f3 agradecido por el compromiso y colaboraci\u00f3n con la Junta de Andaluc\u00eda \u201cpara el impulso de las infraestructura del municipio\u201d.<\/p>\n","protected":false},"excerpt":{"rendered":"<p>La delegada del Gobierno ofrece el apoyo del Gobierno andaluz para impulsar estrategia de promoci\u00f3n tur\u00edstico-deportiva La delegada del Gobierno,&hellip;<\/p>\n","protected":false},"author":2,"featured_media":2129,"comment_status":"open","ping_status":"open","sticky":false,"template":"","format":"standard","meta":{"om_disable_all_campaigns":false,"_mi_skip_tracking":false,"_monsterinsights_sitenote_active":false,"_monsterinsights_sitenote_note":"","_monsterinsights_sitenote_category":0,"footnotes":""},"categories":[22],"tags":[],"aioseo_notices":[],"_links":{"self":[{"href":"https:\/\/granadacostaglobal.es\/index.php?rest_route=\/wp\/v2\/posts\/2125"}],"collection":[{"href":"https:\/\/granadacostaglobal.es\/index.php?rest_route=\/wp\/v2\/posts"}],"about":[{"href":"https:\/\/granadacostaglobal.es\/index.php?rest_route=\/wp\/v2\/types\/post"}],"author":[{"embeddable":true,"href":"https:\/\/granadacostaglobal.es\/index.php?rest_route=\/wp\/v2\/users\/2"}],"replies":[{"embeddable":true,"href":"https:\/\/granadacostaglobal.es\/index.php?rest_route=%2Fwp%2Fv2%2Fcomments&post=2125"}],"version-history":[{"count":0,"href":"https:\/\/granadacostaglobal.es\/index.php?rest_route=\/wp\/v2\/posts\/2125\/revisions"}],"wp:featuredmedia":[{"embeddable":true,"href":"https:\/\/granadacostaglobal.es\/index.php?rest_route=\/"}],"wp:attachment":[{"href":"https:\/\/granadacostaglobal.es\/index.php?rest_route=%2Fwp%2Fv2%2Fmedia&parent=2125"}],"wp:term":[{"taxonomy":"category","embeddable":true,"href":"https:\/\/granadacostaglobal.es\/index.php?rest_route=%2Fwp%2Fv2%2Fcategories&post=2125"},{"taxonomy":"post_tag","embeddable":true,"href":"https:\/\/granadacostaglobal.es\/index.php?rest_route=%2Fwp%2Fv2%2Ftags&post=2125"}],"curies":[{"name":"wp","href":"https:\/\/api.w.org\/{rel}","templated":true}]}}