{"id":21248,"date":"2019-06-02T08:07:56","date_gmt":"2019-06-02T08:07:56","guid":{"rendered":"http:\/\/granadacostanacional.es\/?p=21248"},"modified":"2019-06-02T08:07:56","modified_gmt":"2019-06-02T08:07:56","slug":"unas-jornadas-memorables","status":"publish","type":"post","link":"https:\/\/granadacostaglobal.es\/?p=21248","title":{"rendered":"UNAS JORNADAS MEMORABLES"},"content":{"rendered":"<p style=\"text-align: justify;\">El secreto dej\u00f3 de serlo hace unos d\u00edas,\u00a0 cuando viniendo en el Ave procedente de Madrid, me llam\u00f3 el presidente de la Asociaci\u00f3n de Frutos Tropicales, para decirme que el homenajeado que figuraba en el \u00a0programa de actos de las \u201cVI Jornadas T\u00e9cnicas\u201d, \u00a0previsto para unos d\u00edas despu\u00e9s, era yo,\u00a0 y no pod\u00eda faltar\u2026l\u00f3gicamente.<\/p>\n<p style=\"text-align: justify;\">\u00a0\u00a0\u00a0\u00a0\u00a0 No sal\u00eda de mi asombro, \u00a0por cuanto una \u00a0\u201csorpresa\u00a0 oculta\u201d \u00a0m\u00e1s de una semana, se hace poco menos que imposible, sobre todo cuando el secreto est\u00e1 en manos de diversos amigos con los que convives casi a diario. En una barra de bar, o sentados en una mesa con un whisky con hielo en la mano, y entre colegas, se abren las cajas secretas m\u00e1s ocultas, \u00a0antes de tomar el \u00faltimo sorbo de la copa y pedir un repuesto, para soltar esa noticia que viene quemando y que casi nadie es capaz de mantener en secreto, cuando se trata de un acto que har\u00e1 feliz a un amigo. Pues no;\u00a0 nadie solt\u00f3 prenda y ni siquiera mis numerosos \u00e1rboles de aguacate con los que parlamento cada d\u00eda \u00a0me dijeron una palabra, \u00a0y estaban tal vez en el secreto, que pudo cocerse incluso\u00a0 bajo sus ramas.<\/p>\n<p style=\"text-align: justify;\">\u00a0\u00a0\u00a0\u00a0\u00a0 Los homenajes tienen muchas connotaciones y naturalmente aflora entre ellas, \u00a0alg\u00fan oculto merecimiento. Auscultando en mis ya obsoletas actuaciones personales, enseguida comprend\u00ed que aquella\u00a0 distinci\u00f3n que se me hac\u00eda, era en realidad un homenaje a un sector de \u00e9xito, como era la agricultura tropical y de manera especial al aguacate. Y como dicho fruto est\u00e1 de moda, y la televisi\u00f3n, la radio, la prensa, las revistas dominicales, y las tertulias no paran de referirse a un fruto que los mexicanos llamaban<em> ahu\u00e1calt<\/em>, \u00a0los peruanos \u00a0conoc\u00edan como <em>\u00a0palta<\/em>, \u00a0\u00a0en Estados Unidos por la influencia mexicana lo llamaron \u00a0<em>avocado<\/em>, y los conquistadores andaluces, \u00a0que fueron los verdaderos descubridores del fruto en Puebla (M\u00e9xico) lo bautizaron entonces \u00a0con el nombre de \u00a0<em>aguacate, \u00a0<\/em>\u00a0(tal vez porque se les hac\u00eda dif\u00edcil pronunciar la palabra\u00a0 \u201cahu\u00e1calt\u201d\u00a0 all\u00ed usada).<\/p>\n<p style=\"text-align: justify;\"><a href=\"http:\/\/granadacostanacional.es\/wp-content\/uploads\/2019\/06\/IMG_4707.jpg\"><img decoding=\"async\" loading=\"lazy\" class=\"aligncenter size-large wp-image-21252\" src=\"http:\/\/granadacostanacional.es\/wp-content\/uploads\/2019\/06\/IMG_4707-1024x682.jpg\" alt=\"IMG_4707\" width=\"1024\" height=\"682\" \/><\/a><\/p>\n<p style=\"text-align: justify;\">\u00a0\u00a0\u00a0\u00a0\u00a0 Y el \u00e9xito de una pulpa \u201csinsabor\u201d ha ganado los paladares del mundo por dos razones: la primera,\u00a0 porque\u00a0 esa grasa que no suele gustar cuando se come por primera vez, resulta deliciosa cuando se conocen sus numerosas aplicaciones culinarias; pero la segunda y fundamental, por las cualidades \u00a0saludables que contiene este fruto milenario, \u00a0que los aztecas aprovechaban para su alimentaci\u00f3n antes de la llegada de los espa\u00f1oles, \u00a0y cre\u00edan \u00a0firmemente en sus propiedades \u00a0afrodis\u00edacas para sus encuentros amorosos; sabedores de \u00a0que la vitamina E que el fruto conten\u00eda, era la vitamina del sexo\u2026<\/p>\n<p style=\"text-align: justify;\">\u00a0\u00a0\u00a0\u00a0\u00a0 Para mostrar mi agradecimiento a la Asociaci\u00f3n como promotora de mi homenaje, ilustr\u00e9 al auditorio con dos noticias que ven\u00edan al caso y encajaban perfectamente en el\u00a0 importante acto que se celebraba titulado\u00a0 <em>\u201cVI Jornadas T\u00e9cnicas. Retos de Futuro\u201d, <\/em>en las que interven\u00edan acreditados \u00a0doctores en el arte de la producci\u00f3n y manejo de la\u00a0palta chilena y\u00a0 andaluza.<\/p>\n<p style=\"text-align: justify;\">\u00a0\u00a0\u00a0\u00a0\u00a0 La m\u00e1s importante noticia que desvel\u00e9, fue la reciente visita que hab\u00eda tenido del Dr. Diter Wienberg, el que fuera primer director de La Mayora e\u00a0 introductor del aguacate en la Axarqu\u00eda malague\u00f1a; en nuestro encuentro, tuve ocasi\u00f3n de realizarle una entrevista para Granada Costa y La Tribuna de Marbella,\u00a0 que puede ser hist\u00f3rica, habida cuenta de que ese d\u00eda estaba cumpliendo\u00a0 noventa a\u00f1os.<\/p>\n<p style=\"text-align: justify;\"><a href=\"http:\/\/granadacostanacional.es\/wp-content\/uploads\/2019\/06\/IMG_4731.jpg\"><img decoding=\"async\" loading=\"lazy\" class=\"aligncenter size-large wp-image-21250\" src=\"http:\/\/granadacostanacional.es\/wp-content\/uploads\/2019\/06\/IMG_4731-682x1024.jpg\" alt=\"IMG_4731\" width=\"682\" height=\"1024\" \/><\/a><\/p>\n<p style=\"text-align: justify;\">\u00a0\u00a0\u00a0\u00a0\u00a0 Y la segunda noticia y muy importante para el sector profesional, fue, que hab\u00eda terminado mi d\u00e9cimo libro titulado\u00a0 <em>\u201cTropicales raros, raros, raros. (Desconocidos)\u201d<\/em> y que me dispon\u00eda a \u00a0presentar en breves fechas por medio de la Asociaci\u00f3n, \u00a0en Torre del Mar. Un libro \u00fanico, \u00a0que pone al descubierto las numerosas frutas ignotas de los pa\u00edses del este asi\u00e1tico, Malasia, Borneo, Sumatra, y algunas otras nativas del Centro y Sur de Am\u00e9rica. Cabe suponer, que entre las 150 especies que trato en este raro\u00a0 libro, surgir\u00e1 alguna que pueda ocupar un espacio en los suelos andaluces sin que haya pasado mucho tiempo.<\/p>\n<p style=\"text-align: justify;\">\u00a0\u00a0\u00a0\u00a0\u00a0 La asistencia a estas Jornadas que la Asociaci\u00f3n organiza anualmente\u00a0 para sus socios,\u00a0 en esta ocasi\u00f3n se celebr\u00f3 en los Jardines El Trapiche de V\u00e9lez-M\u00e1laga y en dicho\u00a0 acto, sus suntuosos salones se vieron repletos de socios, investigadores,\u00a0 empresarios y personalidades relacionadas con el sector tropical. Agradec\u00ed su presencia a todos los asistentes, y desde el presente informe lo hago de manera especial, \u00a0\u00a0a los directores de La Tribuna (Marbella), y Granada Costa (Molvizar) que nos acompa\u00f1aron en tan importante jornada.<\/p>\n<p style=\"text-align: right;\"><em><strong>Juli\u00e1n D\u00edaz Robledo<\/strong><\/em><\/p>\n","protected":false},"excerpt":{"rendered":"<p>El secreto dej\u00f3 de serlo hace unos d\u00edas,\u00a0 cuando viniendo en el Ave procedente de Madrid, me llam\u00f3 el presidente&hellip;<\/p>\n","protected":false},"author":2,"featured_media":21249,"comment_status":"open","ping_status":"open","sticky":false,"template":"","format":"standard","meta":{"om_disable_all_campaigns":false,"_mi_skip_tracking":false,"_monsterinsights_sitenote_active":false,"_monsterinsights_sitenote_note":"","_monsterinsights_sitenote_category":0,"footnotes":""},"categories":[21,30],"tags":[],"aioseo_notices":[],"_links":{"self":[{"href":"https:\/\/granadacostaglobal.es\/index.php?rest_route=\/wp\/v2\/posts\/21248"}],"collection":[{"href":"https:\/\/granadacostaglobal.es\/index.php?rest_route=\/wp\/v2\/posts"}],"about":[{"href":"https:\/\/granadacostaglobal.es\/index.php?rest_route=\/wp\/v2\/types\/post"}],"author":[{"embeddable":true,"href":"https:\/\/granadacostaglobal.es\/index.php?rest_route=\/wp\/v2\/users\/2"}],"replies":[{"embeddable":true,"href":"https:\/\/granadacostaglobal.es\/index.php?rest_route=%2Fwp%2Fv2%2Fcomments&post=21248"}],"version-history":[{"count":0,"href":"https:\/\/granadacostaglobal.es\/index.php?rest_route=\/wp\/v2\/posts\/21248\/revisions"}],"wp:featuredmedia":[{"embeddable":true,"href":"https:\/\/granadacostaglobal.es\/index.php?rest_route=\/"}],"wp:attachment":[{"href":"https:\/\/granadacostaglobal.es\/index.php?rest_route=%2Fwp%2Fv2%2Fmedia&parent=21248"}],"wp:term":[{"taxonomy":"category","embeddable":true,"href":"https:\/\/granadacostaglobal.es\/index.php?rest_route=%2Fwp%2Fv2%2Fcategories&post=21248"},{"taxonomy":"post_tag","embeddable":true,"href":"https:\/\/granadacostaglobal.es\/index.php?rest_route=%2Fwp%2Fv2%2Ftags&post=21248"}],"curies":[{"name":"wp","href":"https:\/\/api.w.org\/{rel}","templated":true}]}}