{"id":2122,"date":"2015-07-28T16:23:04","date_gmt":"2015-07-28T16:23:04","guid":{"rendered":"http:\/\/granadacosta.es\/?p=2122"},"modified":"2015-07-28T16:23:04","modified_gmt":"2015-07-28T16:23:04","slug":"el-ayuntamiento-de-almunecar-recuerda-que-esta-prohibido-dejar-sombrillas-sin-usuarios-en-la-playa","status":"publish","type":"post","link":"https:\/\/granadacostaglobal.es\/?p=2122","title":{"rendered":"El Ayuntamiento de Almu\u00f1\u00e9car recuerda que est\u00e1 prohibido dejar sombrillas sin usuarios en la playa."},"content":{"rendered":"<p><strong>Advierte que pueden ser retiradas de la playa atendiendo la ordenanza que regula esta situaci\u00f3n. <\/strong><\/p>\n<p>&nbsp;<\/p>\n<p>El Concejal de Medio Ambiente, Luis Arag\u00f3n,\u00a0 ha pedido\u00a0 la colaboraci\u00f3n a ba\u00f1istas y visitantes de las playas\u00a0 sexitanas para que respeten la playa y no ejerzan una ocupaci\u00f3n abusiva de la orilla del mar, \u00a0con la reserva de espacios mediante la instalaci\u00f3n de sombrillas y hamacas, ya que \u00a0supone un perjuicio para el resto de usuarios e impide la correcta limpieza de la zona a primera hora de la ma\u00f1ana.<\/p>\n<p>&nbsp;<\/p>\n<p>As\u00ed lo ha manifestado las quejas recibidas en el \u00c1rea de Medio Ambiente y con el fin de buscar el mejor uso de las playas.<\/p>\n<p>&nbsp;<\/p>\n<p>Y es que las sombrillas y hamacas quedan abandonadas durante horas, tanto a primera hora de la ma\u00f1ana como a medio d\u00eda, \u201desta costumbre se viene repitiendo en todas las playas del municipio y por ello, \u00a0queremos recordar a los usuarios, \u00a0que deben respetar la normativa vigente en nuestras playas y pedir adem\u00e1s su colaboraci\u00f3n para que todos podamos disfrutar de la playa con las mejores condiciones posibles\u201d.<\/p>\n<p>&nbsp;<\/p>\n<p>Arag\u00f3n ha recordado que a pesar de que las playas cuenta con carteles informativos, \u201clos usuarios, en muchas ocasiones, \u00a0hacen caso omiso a estas se\u00f1ales. Seg\u00fan recoge \u00a0las ordenanzas municipales, advirti\u00f3,\u00a0 los enseres como sombrillas y tumbonas, colocados en la arena a modo de reserva de espacio, \u201csiempre y cuando no se encuentren sus propietarios, podr\u00e1n ser retirados por los servicios municipales\u201d, indic\u00f3<\/p>\n<p>&nbsp;<\/p>\n<p>Desde principio de verano nos vienen llegando algunas quejas de usuarios de las playas al respecto\u00a0 \u201clas sombrillas y hamacas quedan abandonadas durante horas, tanto a primera hora de la ma\u00f1ana, como a medio d\u00eda,\u201d esta costumbre se viene repitiendo en todas las playas del municipio, por ello queremos recordar a los usuarios que deben respetar la normativa vigente en nuestras playas y pedir adem\u00e1s su colaboraci\u00f3n para que todos podamos disfrutar de la playa con las mejores condiciones posibles.<a href=\"http:\/\/granadacosta.es\/wp-content\/uploads\/2015\/07\/SOBRILLAS-EN-PRIMERA-LINEA-DE-PLAYA-SIN-BA\u00d1ISTAS-15-.jpg\"><br \/>\n<\/a><\/p>\n","protected":false},"excerpt":{"rendered":"<p>Advierte que pueden ser retiradas de la playa atendiendo la ordenanza que regula esta situaci\u00f3n. &nbsp; El Concejal de Medio&hellip;<\/p>\n","protected":false},"author":2,"featured_media":2123,"comment_status":"open","ping_status":"open","sticky":false,"template":"","format":"standard","meta":{"om_disable_all_campaigns":false,"_mi_skip_tracking":false,"_monsterinsights_sitenote_active":false,"_monsterinsights_sitenote_note":"","_monsterinsights_sitenote_category":0,"footnotes":""},"categories":[22],"tags":[],"aioseo_notices":[],"_links":{"self":[{"href":"https:\/\/granadacostaglobal.es\/index.php?rest_route=\/wp\/v2\/posts\/2122"}],"collection":[{"href":"https:\/\/granadacostaglobal.es\/index.php?rest_route=\/wp\/v2\/posts"}],"about":[{"href":"https:\/\/granadacostaglobal.es\/index.php?rest_route=\/wp\/v2\/types\/post"}],"author":[{"embeddable":true,"href":"https:\/\/granadacostaglobal.es\/index.php?rest_route=\/wp\/v2\/users\/2"}],"replies":[{"embeddable":true,"href":"https:\/\/granadacostaglobal.es\/index.php?rest_route=%2Fwp%2Fv2%2Fcomments&post=2122"}],"version-history":[{"count":0,"href":"https:\/\/granadacostaglobal.es\/index.php?rest_route=\/wp\/v2\/posts\/2122\/revisions"}],"wp:featuredmedia":[{"embeddable":true,"href":"https:\/\/granadacostaglobal.es\/index.php?rest_route=\/"}],"wp:attachment":[{"href":"https:\/\/granadacostaglobal.es\/index.php?rest_route=%2Fwp%2Fv2%2Fmedia&parent=2122"}],"wp:term":[{"taxonomy":"category","embeddable":true,"href":"https:\/\/granadacostaglobal.es\/index.php?rest_route=%2Fwp%2Fv2%2Fcategories&post=2122"},{"taxonomy":"post_tag","embeddable":true,"href":"https:\/\/granadacostaglobal.es\/index.php?rest_route=%2Fwp%2Fv2%2Ftags&post=2122"}],"curies":[{"name":"wp","href":"https:\/\/api.w.org\/{rel}","templated":true}]}}