{"id":21161,"date":"2019-05-28T12:23:35","date_gmt":"2019-05-28T12:23:35","guid":{"rendered":"http:\/\/granadacostanacional.es\/?p=21161"},"modified":"2019-05-28T12:23:35","modified_gmt":"2019-05-28T12:23:35","slug":"el-aula-hospitalaria-en-el-dia-de-la-ciencia-en-la-calle","status":"publish","type":"post","link":"https:\/\/granadacostaglobal.es\/?p=21161","title":{"rendered":"El aula Hospitalaria en el Dia de la Ciencia en la Calle"},"content":{"rendered":"<p style=\"text-align: justify;\"><span data-blogger-escaped-style=\"font-family: &quot;Helvetica Neue&quot;, Arial, Helvetica, sans-serif; font-size: large;\">El Aula Hospitalaria de Lleida participa en\u00a0<\/span><span data-blogger-escaped-style=\"color: #660000;\">el d\u00eda e la Ciencia al C\u00e0rrer<\/span><span data-blogger-escaped-style=\"font-family: &quot;Helvetica Neue&quot;, Arial, Helvetica, sans-serif; font-size: large;\">\u00a0( Calle)\u00a0 \u00a0El aula hospitalaria participa desde las primeras ediciones en este evento cient\u00edfico-cultural-social donde avances y propuestas pedag\u00f3gicas se muestran a la ciudad.\u00a0 \u00a0 \u00a0 \u00a0 \u00a0 \u00a0 \u00a0 \u00a0 \u00a0 \u00a0 \u00a0 \u00a0 \u00a0 \u00a0 \u00a0 \u00a0 \u00a0 \u00a0 \u00a0 \u00a0 \u00a0 \u00a0 \u00a0 \u00a0 \u00a0 \u00a0 \u00a0 \u00a0 \u00a0 \u00a0 \u00a0 \u00a0 \u00a0 \u00a0 \u00a0 \u00a0 \u00a0 \u00a0 \u00a0 \u00a0 \u00a0 \u00a0 \u00a0 \u00a0 \u00a0 \u00a0 \u00a0 \u00a0 \u00a0 \u00a0 \u00a0 \u00a0 \u00a0 \u00a0 \u00a0 \u00a0 \u00a0 \u00a0 \u00a0 \u00a0 \u00a0 \u00a0 \u00a0 \u00a0 \u00a0 \u00a0 \u00a0 \u00a0 \u00a0 \u00a0 \u00a0 \u00a0 \u00a0 \u00a0 \u00a0 \u00a0 \u00a0 \u00a0 \u00a0 \u00a0 \u00a0 \u00a0 \u00a0 \u00a0 \u00a0 \u00a0 \u00a0 \u00a0 \u00a0 \u00a0 \u00a0 \u00a0 \u00a0 \u00a0 \u00a0 \u00a0<\/span><\/p>\n<p><a href=\"http:\/\/granadacostanacional.es\/wp-content\/uploads\/2019\/05\/7abfa7a9-aa23-4fee-b514-066410c3f8dd.jpg\"><img decoding=\"async\" loading=\"lazy\" class=\"size-medium wp-image-21163 alignnone\" src=\"http:\/\/granadacostanacional.es\/wp-content\/uploads\/2019\/05\/7abfa7a9-aa23-4fee-b514-066410c3f8dd-300x225.jpg\" alt=\"7abfa7a9-aa23-4fee-b514-066410c3f8dd\" width=\"300\" height=\"225\" \/><\/a><\/p>\n<p style=\"text-align: justify;\">Gracias a Manuel Ceballos, M\u00ba Angels Molpeceres, Mar Carmen Cazorla, Mireia Palma, Mario Palma, M\u00aa Angeles Abanades, Y Miguel Subias\u00a0 como Voluntarios, en la foto Junto a la Dra To\u00f1y Castillo Directora del Aula.\u00a0 \u00a0 \u00a0 \u00a0 \u00a0 \u00a0 \u00a0 \u00a0 \u00a0 \u00a0 \u00a0 \u00a0 \u00a0 \u00a0 \u00a0 \u00a0 \u00a0 \u00a0 \u00a0 \u00a0 \u00a0 \u00a0 \u00a0 \u00a0 \u00a0 \u00a0 \u00a0 \u00a0 \u00a0 \u00a0 \u00a0 \u00a0 \u00a0 \u00a0 \u00a0 \u00a0 \u00a0 \u00a0 \u00a0 \u00a0 \u00a0 \u00a0 \u00a0 \u00a0 \u00a0 \u00a0 \u00a0 \u00a0 \u00a0 \u00a0 \u00a0 \u00a0 \u00a0 \u00a0 \u00a0 \u00a0 \u00a0 \u00a0 \u00a0 \u00a0 \u00a0 \u00a0 \u00a0 \u00a0 \u00a0 \u00a0 \u00a0 \u00a0 \u00a0 \u00a0 \u00a0 \u00a0 \u00a0 \u00a0 \u00a0 \u00a0 \u00a0 \u00a0 \u00a0 \u00a0 \u00a0 \u00a0 \u00a0 \u00a0 \u00a0 \u00a0 \u00a0 \u00a0 \u00a0 \u00a0 \u00a0 \u00a0 \u00a0 \u00a0 \u00a0 \u00a0 \u00a0 \u00a0 \u00a0 \u00a0 \u00a0 \u00a0 \u00a0 \u00a0 \u00a0 \u00a0 \u00a0 \u00a0 \u00a0 \u00a0 \u00a0 \u00a0 \u00a0 \u00a0<a href=\"http:\/\/granadacostanacional.es\/wp-content\/uploads\/2019\/05\/0fa82b3e-5e18-4382-9b1e-670c3bcec1f1.jpg\"><img decoding=\"async\" loading=\"lazy\" class=\"alignnone size-medium wp-image-21162\" src=\"http:\/\/granadacostanacional.es\/wp-content\/uploads\/2019\/05\/0fa82b3e-5e18-4382-9b1e-670c3bcec1f1-300x225.jpg\" alt=\"0fa82b3e-5e18-4382-9b1e-670c3bcec1f1\" width=\"300\" height=\"225\" \/><\/a><\/p>\n<p style=\"text-align: justify;\"><span data-blogger-escaped-style=\"font-family: Helvetica Neue, Arial, Helvetica, sans-serif; font-size: large;\"><span style=\"color: #993366;\"><strong><span data-blogger-escaped-style=\"color: #660000;\">Pero&#8230;<br \/>\n\u00bfQu\u00e9 es Ciencia en la Calle?\u00a0 \u00a0 \u00a0 \u00a0 \u00a0 \u00a0 \u00a0 \u00a0 \u00a0 \u00a0 \u00a0 \u00a0 \u00a0 \u00a0 \u00a0 \u00a0 \u00a0 \u00a0 \u00a0 \u00a0 \u00a0 \u00a0 \u00a0 \u00a0 \u00a0 \u00a0 \u00a0 \u00a0 \u00a0 \u00a0 \u00a0 \u00a0 \u00a0 \u00a0 \u00a0 \u00a0 \u00a0 \u00a0 \u00a0 \u00a0 \u00a0 \u00a0 \u00a0 \u00a0 \u00a0 \u00a0 \u00a0 \u00a0 \u00a0 \u00a0 \u00a0 \u00a0 \u00a0 \u00a0 \u00a0 \u00a0 \u00a0 \u00a0 \u00a0 \u00a0 \u00a0 \u00a0 \u00a0 \u00a0 \u00a0 \u00a0 \u00a0 \u00a0 \u00a0 \u00a0 \u00a0 \u00a0 \u00a0 \u00a0 \u00a0 \u00a0 \u00a0 \u00a0 \u00a0 \u00a0 \u00a0 \u00a0 \u00a0 \u00a0 \u00a0 \u00a0 \u00a0 \u00a0 \u00a0 \u00a0 \u00a0 \u00a0 \u00a0 \u00a0 \u00a0 \u00a0 \u00a0 \u00a0 \u00a0 \u00a0 \u00a0 \u00a0 \u00a0 <\/span><\/strong><\/span><\/span>Se trata de una feria en la que divulgadores de la ciencia, empresas, docentes y alumnado de todos los niveles muestran experimentos de todas las disciplinas cient\u00edficas. Durante cuatro horas intensas os podr\u00e9is acercar a cientos de demostraciones.<\/p>\n<p style=\"text-align: justify;\">\n<div data-blogger-escaped-style=\"text-align: justify;\">\n<p><a href=\"http:\/\/granadacostanacional.es\/wp-content\/uploads\/2019\/05\/70bcb206-5655-4aba-9d77-4bf24c751279.jpg\"><img decoding=\"async\" loading=\"lazy\" class=\"alignnone size-medium wp-image-21173\" src=\"http:\/\/granadacostanacional.es\/wp-content\/uploads\/2019\/05\/70bcb206-5655-4aba-9d77-4bf24c751279-225x300.jpg\" alt=\"70bcb206-5655-4aba-9d77-4bf24c751279\" width=\"225\" height=\"300\" \/><\/a><\/p>\n<p><span style=\"color: #993366;\"><strong><span data-blogger-escaped-style=\"color: #660000;\">\u00bfQui\u00e9n lo organiza?\u00a0 \u00a0 \u00a0 \u00a0 \u00a0 \u00a0 \u00a0 \u00a0 \u00a0 \u00a0 \u00a0 \u00a0 \u00a0 \u00a0 \u00a0 \u00a0 \u00a0 \u00a0 \u00a0 \u00a0 \u00a0 \u00a0 \u00a0 \u00a0 \u00a0 \u00a0 \u00a0 \u00a0 \u00a0 \u00a0 \u00a0 \u00a0 \u00a0 \u00a0 \u00a0 \u00a0 \u00a0 \u00a0 \u00a0 \u00a0 \u00a0 \u00a0 \u00a0 \u00a0 \u00a0 \u00a0 \u00a0 \u00a0 \u00a0 \u00a0 \u00a0 \u00a0 \u00a0 \u00a0 \u00a0 \u00a0 \u00a0 \u00a0 \u00a0 \u00a0 \u00a0 \u00a0 \u00a0 \u00a0 \u00a0 \u00a0 \u00a0 \u00a0 \u00a0 \u00a0 \u00a0 \u00a0 \u00a0 \u00a0 \u00a0 \u00a0 \u00a0 \u00a0 \u00a0 \u00a0 \u00a0 \u00a0 \u00a0 \u00a0 \u00a0 \u00a0 \u00a0 \u00a0 \u00a0 \u00a0 \u00a0 \u00a0 \u00a0 \u00a0 \u00a0 \u00a0 \u00a0 \u00a0 \u00a0 \u00a0 \u00a0 \u00a0 \u00a0 \u00a0 \u00a0 \u00a0 \u00a0 \u00a0 \u00a0 \u00a0 \u00a0 \u00a0 \u00a0 \u00a0 \u00a0 \u00a0<\/span><\/strong><\/span><\/p>\n<p><a href=\"http:\/\/granadacostanacional.es\/wp-content\/uploads\/2019\/05\/aa5c96ca-5315-4b00-a79e-13e783127454.jpg\"><img decoding=\"async\" loading=\"lazy\" class=\"size-medium wp-image-21172 alignleft\" src=\"http:\/\/granadacostanacional.es\/wp-content\/uploads\/2019\/05\/aa5c96ca-5315-4b00-a79e-13e783127454-225x300.jpg\" alt=\"aa5c96ca-5315-4b00-a79e-13e783127454\" width=\"225\" height=\"300\" \/><\/a><\/p>\n<div data-blogger-escaped-style=\"text-align: justify;\">\n<p>Ciencia en la Calle es una iniciativa del\u00a0<a href=\"http:\/\/sesegria.cat\/\">CRP del Segri\u00e0<\/a>\u00a0, desde donde se coordina esta actividad.\u00a0 \u00a0 \u00a0 \u00a0 \u00a0 \u00a0 \u00a0 \u00a0 \u00a0 \u00a0 \u00a0 \u00a0 \u00a0 \u00a0 \u00a0 \u00a0 \u00a0 \u00a0 \u00a0 \u00a0 \u00a0 \u00a0 \u00a0 \u00a0 \u00a0<a href=\"http:\/\/granadacostanacional.es\/wp-content\/uploads\/2019\/05\/ec7557b5-bf35-4d03-b31a-216e533e52ea.jpg\"><img decoding=\"async\" loading=\"lazy\" class=\"alignnone size-medium wp-image-21165\" src=\"http:\/\/granadacostanacional.es\/wp-content\/uploads\/2019\/05\/ec7557b5-bf35-4d03-b31a-216e533e52ea-225x300.jpg\" alt=\"ec7557b5-bf35-4d03-b31a-216e533e52ea\" width=\"225\" height=\"300\" \/><\/a><a href=\"http:\/\/granadacostanacional.es\/wp-content\/uploads\/2019\/05\/ca9a7033-c3f5-4df4-9d3b-449fe1772733.jpg\"><img decoding=\"async\" loading=\"lazy\" class=\"alignnone size-medium wp-image-21186\" src=\"http:\/\/granadacostanacional.es\/wp-content\/uploads\/2019\/05\/ca9a7033-c3f5-4df4-9d3b-449fe1772733-300x225.jpg\" alt=\"ca9a7033-c3f5-4df4-9d3b-449fe1772733\" width=\"300\" height=\"225\" \/><\/a><\/p>\n<\/div>\n<div style=\"text-align: justify;\" data-blogger-escaped-style=\"text-align: justify;\">\n<span style=\"color: #993366;\"><strong><span data-blogger-escaped-style=\"color: #660000;\">\u00bfQu\u00e9 pretende esta feria?\u00a0 \u00a0 \u00a0 \u00a0 \u00a0 \u00a0 \u00a0 \u00a0 \u00a0 \u00a0 \u00a0 \u00a0 \u00a0 \u00a0 \u00a0 \u00a0 \u00a0 \u00a0 \u00a0 \u00a0 \u00a0 \u00a0 \u00a0 \u00a0 \u00a0 \u00a0 \u00a0 \u00a0 \u00a0 \u00a0 \u00a0 \u00a0 \u00a0 \u00a0 \u00a0 \u00a0 \u00a0 \u00a0 \u00a0 \u00a0 \u00a0 \u00a0 \u00a0 \u00a0 \u00a0 \u00a0 \u00a0 \u00a0 \u00a0 \u00a0 \u00a0 \u00a0 \u00a0 \u00a0 \u00a0 \u00a0 \u00a0 \u00a0 \u00a0 \u00a0 \u00a0 \u00a0 \u00a0 \u00a0 \u00a0 \u00a0 \u00a0 \u00a0 \u00a0 \u00a0 \u00a0 \u00a0 \u00a0 \u00a0 \u00a0 \u00a0 \u00a0 \u00a0 \u00a0 \u00a0 \u00a0 \u00a0 \u00a0 \u00a0 \u00a0 \u00a0 \u00a0 \u00a0 \u00a0 \u00a0 \u00a0 \u00a0 \u00a0 \u00a0 \u00a0 \u00a0 \u00a0 \u00a0 \u00a0 \u00a0 \u00a0 \u00a0 \u00a0 \u00a0 <\/span><\/strong><\/span><\/div>\n<div style=\"text-align: justify;\" data-blogger-escaped-style=\"text-align: justify;\"><\/div>\n<div style=\"text-align: justify;\" data-blogger-escaped-style=\"text-align: justify;\">Quiere despertar la curiosidad por los fen\u00f3menos naturales y fomentar la inquietud por la investigaci\u00f3n y el esp\u00edritu cr\u00edtico a trav\u00e9s de exhibiciones y demostraciones de base cient\u00edfica.\u00a0 \u00a0 \u00a0 \u00a0 \u00a0 \u00a0 \u00a0 \u00a0 \u00a0 \u00a0 \u00a0 \u00a0 \u00a0 \u00a0 \u00a0 \u00a0 \u00a0 \u00a0 \u00a0 \u00a0 \u00a0 \u00a0 \u00a0 \u00a0 \u00a0 \u00a0 \u00a0 \u00a0 \u00a0 \u00a0 \u00a0 \u00a0 \u00a0 \u00a0 \u00a0 \u00a0 \u00a0 \u00a0 \u00a0 \u00a0 \u00a0 \u00a0 \u00a0 \u00a0 \u00a0 \u00a0 \u00a0 \u00a0 \u00a0 \u00a0 \u00a0 \u00a0 \u00a0 \u00a0 \u00a0 \u00a0 \u00a0 \u00a0 \u00a0 \u00a0 \u00a0 \u00a0 \u00a0 \u00a0 \u00a0 \u00a0 \u00a0 \u00a0 \u00a0 \u00a0 \u00a0 \u00a0 \u00a0 \u00a0 \u00a0 \u00a0 \u00a0 \u00a0 \u00a0 \u00a0 \u00a0 \u00a0 \u00a0 \u00a0 \u00a0 \u00a0 \u00a0 \u00a0 \u00a0 \u00a0 \u00a0 \u00a0 \u00a0 \u00a0 \u00a0 \u00a0 \u00a0 \u00a0 \u00a0 \u00a0 \u00a0 \u00a0 \u00a0 \u00a0 \u00a0 \u00a0 \u00a0 \u00a0 \u00a0 \u00a0 \u00a0<a href=\"http:\/\/granadacostanacional.es\/wp-content\/uploads\/2019\/05\/b3dd703f-ae9e-408b-a888-e6ec9c39aa2c.jpg\"><img decoding=\"async\" loading=\"lazy\" class=\"alignnone size-medium wp-image-21189\" src=\"http:\/\/granadacostanacional.es\/wp-content\/uploads\/2019\/05\/b3dd703f-ae9e-408b-a888-e6ec9c39aa2c-225x300.jpg\" alt=\"b3dd703f-ae9e-408b-a888-e6ec9c39aa2c\" width=\"225\" height=\"300\" \/><\/a><a href=\"http:\/\/granadacostanacional.es\/wp-content\/uploads\/2019\/05\/cda54a0c-e86a-4fb9-b075-f5acfc86ba37.jpg\"><img decoding=\"async\" loading=\"lazy\" class=\"alignnone size-medium wp-image-21190\" src=\"http:\/\/granadacostanacional.es\/wp-content\/uploads\/2019\/05\/cda54a0c-e86a-4fb9-b075-f5acfc86ba37-225x300.jpg\" alt=\"cda54a0c-e86a-4fb9-b075-f5acfc86ba37\" width=\"225\" height=\"300\" \/><\/a><\/div>\n<div style=\"text-align: justify;\" data-blogger-escaped-style=\"text-align: justify;\"><\/div>\n<div style=\"text-align: justify;\" data-blogger-escaped-style=\"text-align: justify;\"><span style=\"color: #993366;\" data-blogger-escaped-style=\"color: #660000;\"><strong>\u00a0\u00bfQui\u00e9n puede participar?<\/strong>\u00a0 \u00a0 \u00a0 \u00a0 \u00a0 \u00a0 \u00a0 \u00a0 \u00a0 \u00a0 \u00a0 \u00a0 \u00a0 \u00a0 \u00a0 \u00a0 \u00a0 \u00a0 \u00a0 \u00a0 \u00a0 \u00a0 \u00a0 \u00a0 \u00a0 \u00a0 \u00a0 \u00a0 \u00a0 \u00a0 \u00a0 \u00a0 \u00a0 \u00a0 \u00a0 \u00a0 \u00a0 \u00a0 \u00a0 \u00a0 \u00a0 \u00a0 \u00a0 \u00a0 \u00a0 \u00a0 \u00a0 \u00a0 \u00a0 \u00a0 \u00a0 \u00a0 \u00a0 \u00a0 \u00a0 \u00a0 \u00a0 \u00a0 \u00a0 \u00a0 \u00a0 \u00a0 \u00a0 \u00a0 \u00a0 \u00a0 \u00a0 \u00a0 \u00a0 \u00a0 \u00a0 \u00a0 \u00a0 \u00a0 \u00a0 \u00a0 \u00a0 \u00a0 \u00a0 \u00a0 \u00a0 \u00a0 \u00a0 \u00a0 \u00a0 \u00a0 \u00a0 \u00a0 \u00a0 \u00a0 \u00a0 \u00a0 \u00a0 \u00a0 \u00a0 \u00a0 \u00a0 \u00a0 \u00a0 \u00a0 \u00a0 \u00a0 \u00a0 \u00a0 \u00a0 \u00a0 \u00a0 \u00a0 \u00a0 \u00a0 \u00a0 \u00a0 \u00a0 \u00a0 \u00a0 \u00a0<a href=\"http:\/\/granadacostanacional.es\/wp-content\/uploads\/2019\/05\/dbcb34a1-feb8-425b-a2cb-bbe3cd3dcdc2.jpg\"><img decoding=\"async\" loading=\"lazy\" class=\"alignnone size-medium wp-image-21191\" src=\"http:\/\/granadacostanacional.es\/wp-content\/uploads\/2019\/05\/dbcb34a1-feb8-425b-a2cb-bbe3cd3dcdc2-225x300.jpg\" alt=\"dbcb34a1-feb8-425b-a2cb-bbe3cd3dcdc2\" width=\"225\" height=\"300\" \/><\/a><a href=\"http:\/\/granadacostanacional.es\/wp-content\/uploads\/2019\/05\/f6c369e5-ad3c-419a-bd8c-16c39a911fba.jpg\"><img decoding=\"async\" loading=\"lazy\" class=\"alignnone size-medium wp-image-21192\" src=\"http:\/\/granadacostanacional.es\/wp-content\/uploads\/2019\/05\/f6c369e5-ad3c-419a-bd8c-16c39a911fba-225x300.jpg\" alt=\"f6c369e5-ad3c-419a-bd8c-16c39a911fba\" width=\"225\" height=\"300\" \/><\/a>\u00a0 \u00a0 \u00a0 \u00a0 \u00a0 \u00a0 \u00a0 \u00a0 \u00a0 \u00a0 \u00a0 \u00a0 \u00a0 \u00a0 \u00a0 \u00a0 \u00a0 \u00a0 \u00a0 \u00a0 \u00a0 \u00a0 \u00a0 \u00a0 \u00a0 \u00a0 \u00a0 \u00a0 \u00a0 \u00a0 \u00a0 \u00a0 \u00a0 \u00a0 \u00a0 \u00a0 \u00a0 \u00a0 \u00a0 \u00a0 \u00a0 \u00a0 \u00a0 \u00a0 \u00a0 \u00a0 \u00a0 \u00a0 \u00a0 \u00a0 \u00a0 \u00a0 \u00a0 \u00a0 \u00a0 \u00a0 \u00a0 \u00a0 \u00a0 \u00a0 \u00a0 \u00a0 \u00a0 \u00a0 \u00a0 \u00a0 \u00a0 \u00a0 \u00a0 \u00a0 \u00a0 \u00a0 \u00a0 \u00a0 \u00a0<\/span>Centros docentes, divulgadores, universidades, empresas, instituciones, museos y fundaciones.<\/div>\n<div style=\"text-align: justify;\" data-blogger-escaped-style=\"text-align: justify;\"><a href=\"http:\/\/granadacostanacional.es\/wp-content\/uploads\/2019\/05\/a8dd76e8-21b0-44b1-8e53-4875ecd14fc8.jpg\"><img decoding=\"async\" loading=\"lazy\" class=\"alignnone size-medium wp-image-21164\" src=\"http:\/\/granadacostanacional.es\/wp-content\/uploads\/2019\/05\/a8dd76e8-21b0-44b1-8e53-4875ecd14fc8-300x225.jpg\" alt=\"a8dd76e8-21b0-44b1-8e53-4875ecd14fc8\" width=\"300\" height=\"225\" \/><\/a><a href=\"http:\/\/granadacostanacional.es\/wp-content\/uploads\/2019\/05\/64efeee8-a3fb-4684-866c-d2b8fc8627e1.jpg\"><img decoding=\"async\" loading=\"lazy\" class=\"alignnone size-medium wp-image-21193\" src=\"http:\/\/granadacostanacional.es\/wp-content\/uploads\/2019\/05\/64efeee8-a3fb-4684-866c-d2b8fc8627e1-300x225.jpg\" alt=\"64efeee8-a3fb-4684-866c-d2b8fc8627e1\" width=\"300\" height=\"225\" \/><\/a><\/p>\n<p><span style=\"color: #993366;\"><strong><span data-blogger-escaped-style=\"color: #660000;\">\u00bfA qui\u00e9n va dirigido?\u00a0<\/span><\/strong><\/span><br \/>\nA los estudiantes, profesorado, peatones y ciudadan\u00eda en general. Donde nos encontrar\u00e1?<br \/>\nLa feria se sit\u00faa en el centro hist\u00f3rico de la ciudad de Lleida en calles peatonales al\u00a0<a href=\"http:\/\/g.co\/maps\/5ymn5\">eje comercial de la ciudad de Lleida<\/a>\u00a0. Al margen de la feria propiamente dicha se hacen actos paralelos como conferencias, visitas, muestra de cine o teatro, que tienen lugar en espacios diversos.<\/div>\n<\/div>\n","protected":false},"excerpt":{"rendered":"<p>El Aula Hospitalaria de Lleida participa en\u00a0el d\u00eda e la Ciencia al C\u00e0rrer\u00a0( Calle)\u00a0 \u00a0El aula hospitalaria participa desde las&hellip;<\/p>\n","protected":false},"author":4,"featured_media":21198,"comment_status":"open","ping_status":"open","sticky":false,"template":"","format":"standard","meta":{"om_disable_all_campaigns":false,"_mi_skip_tracking":false,"_monsterinsights_sitenote_active":false,"_monsterinsights_sitenote_note":"","_monsterinsights_sitenote_category":0,"footnotes":""},"categories":[25,21,35,22,19,30],"tags":[],"aioseo_notices":[],"_links":{"self":[{"href":"https:\/\/granadacostaglobal.es\/index.php?rest_route=\/wp\/v2\/posts\/21161"}],"collection":[{"href":"https:\/\/granadacostaglobal.es\/index.php?rest_route=\/wp\/v2\/posts"}],"about":[{"href":"https:\/\/granadacostaglobal.es\/index.php?rest_route=\/wp\/v2\/types\/post"}],"author":[{"embeddable":true,"href":"https:\/\/granadacostaglobal.es\/index.php?rest_route=\/wp\/v2\/users\/4"}],"replies":[{"embeddable":true,"href":"https:\/\/granadacostaglobal.es\/index.php?rest_route=%2Fwp%2Fv2%2Fcomments&post=21161"}],"version-history":[{"count":0,"href":"https:\/\/granadacostaglobal.es\/index.php?rest_route=\/wp\/v2\/posts\/21161\/revisions"}],"wp:featuredmedia":[{"embeddable":true,"href":"https:\/\/granadacostaglobal.es\/index.php?rest_route=\/"}],"wp:attachment":[{"href":"https:\/\/granadacostaglobal.es\/index.php?rest_route=%2Fwp%2Fv2%2Fmedia&parent=21161"}],"wp:term":[{"taxonomy":"category","embeddable":true,"href":"https:\/\/granadacostaglobal.es\/index.php?rest_route=%2Fwp%2Fv2%2Fcategories&post=21161"},{"taxonomy":"post_tag","embeddable":true,"href":"https:\/\/granadacostaglobal.es\/index.php?rest_route=%2Fwp%2Fv2%2Ftags&post=21161"}],"curies":[{"name":"wp","href":"https:\/\/api.w.org\/{rel}","templated":true}]}}