{"id":21133,"date":"2019-05-28T11:48:57","date_gmt":"2019-05-28T11:48:57","guid":{"rendered":"http:\/\/granadacostanacional.es\/?p=21133"},"modified":"2019-05-28T11:48:57","modified_gmt":"2019-05-28T11:48:57","slug":"21133-2","status":"publish","type":"post","link":"https:\/\/granadacostaglobal.es\/?p=21133","title":{"rendered":"Dia 21 de Mayo Educar en el Hospital Hoy Magia en El IEI de Lleida"},"content":{"rendered":"<p style=\"text-align: justify;\"><a href=\"http:\/\/granadacostanacional.es\/wp-content\/uploads\/2019\/05\/183c1c76-61a4-45ad-a6ea-d89d4938f1d4.jpg\"><img decoding=\"async\" loading=\"lazy\" class=\"size-medium wp-image-21155 alignleft\" src=\"http:\/\/granadacostanacional.es\/wp-content\/uploads\/2019\/05\/183c1c76-61a4-45ad-a6ea-d89d4938f1d4-300x225.jpg\" alt=\"183c1c76-61a4-45ad-a6ea-d89d4938f1d4\" width=\"300\" height=\"225\" \/><\/a><\/p>\n<p style=\"text-align: justify;\">El d\u00eda 21 de Mayo en los Estudios Ilerdenses de Lleida tuvo lugar la presentaci\u00f3n del Libro Educar en el hospital Hoy Magia.<\/p>\n<p style=\"text-align: justify;\"><a href=\"http:\/\/granadacostanacional.es\/wp-content\/uploads\/2019\/05\/4fca062b-42a6-432a-b38d-cf2fb3f00c50.jpg\"><img decoding=\"async\" loading=\"lazy\" class=\"alignnone size-medium wp-image-21134\" src=\"http:\/\/granadacostanacional.es\/wp-content\/uploads\/2019\/05\/4fca062b-42a6-432a-b38d-cf2fb3f00c50-225x300.jpg\" alt=\"4fca062b-42a6-432a-b38d-cf2fb3f00c50\" width=\"225\" height=\"300\" \/><\/a><\/p>\n<p style=\"text-align: justify;\">\u00a0La sala Magna del Edificio se ilimin\u00f3 de\u00a0 vida y magia,\u00a0 aquella\u00a0 \u00a0necesaria para empatizar\u00a0 con las enfermedades y los ni\u00f1os ingresados y que asisten al aula hospitalaria Dr. antoni Cambrod\u00ed del Hospital Universitario Arnau de Vilanova de Lleida necesitan en su d\u00eda a d\u00eda.<\/p>\n<p style=\"text-align: justify;\"><a href=\"http:\/\/granadacostanacional.es\/wp-content\/uploads\/2019\/05\/b6c1d333-6e0a-48e2-8284-b0a1cebdfe6c.jpg\"><img decoding=\"async\" loading=\"lazy\" class=\"alignnone size-medium wp-image-21138\" src=\"http:\/\/granadacostanacional.es\/wp-content\/uploads\/2019\/05\/b6c1d333-6e0a-48e2-8284-b0a1cebdfe6c-300x225.jpg\" alt=\"b6c1d333-6e0a-48e2-8284-b0a1cebdfe6c\" width=\"300\" height=\"225\" \/><\/a><a href=\"http:\/\/granadacostanacional.es\/wp-content\/uploads\/2019\/05\/55ece367-e3fc-4817-a6ca-e28340a813eb.jpg\"><img decoding=\"async\" loading=\"lazy\" class=\"alignnone size-medium wp-image-21137\" src=\"http:\/\/granadacostanacional.es\/wp-content\/uploads\/2019\/05\/55ece367-e3fc-4817-a6ca-e28340a813eb-300x225.jpg\" alt=\"55ece367-e3fc-4817-a6ca-e28340a813eb\" width=\"300\" height=\"225\" \/><\/a><\/p>\n<p style=\"text-align: justify;\">Un libro magistralmente presentado por el Sr. Antoni Balasch Asesor Cultural de La Diputaci\u00f3n de Lleida que ejerce funciones de Director de Los Estudios Ilerdenses.<\/p>\n<p style=\"text-align: justify;\">Un libro<a href=\"http:\/\/granadacostanacional.es\/wp-content\/uploads\/2019\/05\/1594c5b5-c79e-4b68-95a8-6ed8d5c9ac8a-1.jpg\"><img decoding=\"async\" loading=\"lazy\" class=\"size-medium wp-image-21142 alignleft\" src=\"http:\/\/granadacostanacional.es\/wp-content\/uploads\/2019\/05\/1594c5b5-c79e-4b68-95a8-6ed8d5c9ac8a-1-225x300.jpg\" alt=\"1594c5b5-c79e-4b68-95a8-6ed8d5c9ac8a\" width=\"225\" height=\"300\" \/><\/a> que pretende adentrar al lector en un aula hospitalaria y las necesidades afectivas y emocionales que toda enfermedad comporta, pero a la vez, ofrecer herramientas para trabajar la autoestima partiendo de los valores y los propios materiales de trabajo del ni\u00f1o y sus centros de referencia.<\/p>\n<p style=\"text-align: justify;\">Pero a la vez, un libro para aprender magia mientras nos\u00a0 curamos de nuestras enfermedades.<\/p>\n<p style=\"text-align: justify;\"><a href=\"http:\/\/granadacostanacional.es\/wp-content\/uploads\/2019\/05\/7ee7e6d4-6bd9-4312-8ed8-821ed992a44c.jpg\"><img decoding=\"async\" loading=\"lazy\" class=\"alignnone size-medium wp-image-21139\" src=\"http:\/\/granadacostanacional.es\/wp-content\/uploads\/2019\/05\/7ee7e6d4-6bd9-4312-8ed8-821ed992a44c-225x300.jpg\" alt=\"7ee7e6d4-6bd9-4312-8ed8-821ed992a44c\" width=\"225\" height=\"300\" \/><\/a><a href=\"http:\/\/granadacostanacional.es\/wp-content\/uploads\/2019\/05\/6de8801b-8d23-4213-a0b1-22e99352ec33.jpg\"><img decoding=\"async\" loading=\"lazy\" class=\"alignnone size-medium wp-image-21152\" src=\"http:\/\/granadacostanacional.es\/wp-content\/uploads\/2019\/05\/6de8801b-8d23-4213-a0b1-22e99352ec33-300x225.jpg\" alt=\"6de8801b-8d23-4213-a0b1-22e99352ec33\" width=\"300\" height=\"225\" \/><\/a><\/p>\n<p style=\"text-align: justify;\">\u00a0No olvidemos que: La atenci\u00f3n a la diversidad en contextos educativos ha de contemplar a todos y cada uno de los ni\u00f1os en edad escolar obligatoria. \u201cEsta concepci\u00f3n implica una revisi\u00f3n de las decisiones que se adoptan en el curr\u00edculum, las formas de ense\u00f1anza y la gesti\u00f3n de los sistemas y de los centros educativos.\u201d Este concepto b\u00e1sico enmarca la necesidad de atender de manera adecuada a toda la poblaci\u00f3n y, con ello, abarcar a todos y cada uno de los alumnos sea cual fuere su condici\u00f3n y caracter\u00edsticas. \u201cLos alumnos no son el objeto de la educaci\u00f3n sino sujetos de derecho a una educaci\u00f3n que potencie al m\u00e1ximo su desarrollo como personas y les permita insertarse e influir en la sociedad en la que est\u00e1n inmersos\u201d (UNESCO, 2002)2 .<\/p>\n<p style=\"text-align: justify;\"><a href=\"http:\/\/granadacostanacional.es\/wp-content\/uploads\/2019\/05\/58e76a08-a059-4280-ae57-58838090b441.jpg\"><img decoding=\"async\" loading=\"lazy\" class=\"alignnone size-medium wp-image-21153\" src=\"http:\/\/granadacostanacional.es\/wp-content\/uploads\/2019\/05\/58e76a08-a059-4280-ae57-58838090b441-300x225.jpg\" alt=\"58e76a08-a059-4280-ae57-58838090b441\" width=\"300\" height=\"225\" \/><\/a><a href=\"http:\/\/granadacostanacional.es\/wp-content\/uploads\/2019\/05\/32c77eb5-0963-4e01-a8c8-5189bc456e1b.jpg\"><img decoding=\"async\" loading=\"lazy\" class=\"alignnone size-medium wp-image-21154\" src=\"http:\/\/granadacostanacional.es\/wp-content\/uploads\/2019\/05\/32c77eb5-0963-4e01-a8c8-5189bc456e1b-300x225.jpg\" alt=\"32c77eb5-0963-4e01-a8c8-5189bc456e1b\" width=\"300\" height=\"225\" \/><\/a><\/p>\n<p><a href=\"http:\/\/granadacostanacional.es\/wp-content\/uploads\/2019\/05\/9f02598c-5702-40f9-81ab-bfe0942d6ea2.jpg\"><img decoding=\"async\" loading=\"lazy\" class=\"alignnone size-medium wp-image-21158 alignleft\" src=\"http:\/\/granadacostanacional.es\/wp-content\/uploads\/2019\/05\/9f02598c-5702-40f9-81ab-bfe0942d6ea2-225x300.jpg\" alt=\"9f02598c-5702-40f9-81ab-bfe0942d6ea2\" width=\"225\" height=\"300\" \/><\/a>Magia educativa es educar desde el alma. Dra. To\u00f1y Castillo<\/p>\n","protected":false},"excerpt":{"rendered":"<p>El d\u00eda 21 de Mayo en los Estudios Ilerdenses de Lleida tuvo lugar la presentaci\u00f3n del Libro Educar en el&hellip;<\/p>\n","protected":false},"author":4,"featured_media":21135,"comment_status":"open","ping_status":"open","sticky":false,"template":"","format":"standard","meta":{"om_disable_all_campaigns":false,"_mi_skip_tracking":false,"_monsterinsights_sitenote_active":false,"_monsterinsights_sitenote_note":"","_monsterinsights_sitenote_category":0,"footnotes":""},"categories":[25,21,35,22,19,30],"tags":[],"aioseo_notices":[],"_links":{"self":[{"href":"https:\/\/granadacostaglobal.es\/index.php?rest_route=\/wp\/v2\/posts\/21133"}],"collection":[{"href":"https:\/\/granadacostaglobal.es\/index.php?rest_route=\/wp\/v2\/posts"}],"about":[{"href":"https:\/\/granadacostaglobal.es\/index.php?rest_route=\/wp\/v2\/types\/post"}],"author":[{"embeddable":true,"href":"https:\/\/granadacostaglobal.es\/index.php?rest_route=\/wp\/v2\/users\/4"}],"replies":[{"embeddable":true,"href":"https:\/\/granadacostaglobal.es\/index.php?rest_route=%2Fwp%2Fv2%2Fcomments&post=21133"}],"version-history":[{"count":0,"href":"https:\/\/granadacostaglobal.es\/index.php?rest_route=\/wp\/v2\/posts\/21133\/revisions"}],"wp:featuredmedia":[{"embeddable":true,"href":"https:\/\/granadacostaglobal.es\/index.php?rest_route=\/"}],"wp:attachment":[{"href":"https:\/\/granadacostaglobal.es\/index.php?rest_route=%2Fwp%2Fv2%2Fmedia&parent=21133"}],"wp:term":[{"taxonomy":"category","embeddable":true,"href":"https:\/\/granadacostaglobal.es\/index.php?rest_route=%2Fwp%2Fv2%2Fcategories&post=21133"},{"taxonomy":"post_tag","embeddable":true,"href":"https:\/\/granadacostaglobal.es\/index.php?rest_route=%2Fwp%2Fv2%2Ftags&post=21133"}],"curies":[{"name":"wp","href":"https:\/\/api.w.org\/{rel}","templated":true}]}}