{"id":21062,"date":"2019-05-24T11:18:54","date_gmt":"2019-05-24T11:18:54","guid":{"rendered":"http:\/\/granadacostanacional.es\/?p=21062"},"modified":"2019-05-24T11:18:54","modified_gmt":"2019-05-24T11:18:54","slug":"recibimiento-en-la-embajada-de-espana-en-panana-a-las-dras-tony-castillo-y-carmen-tello","status":"publish","type":"post","link":"https:\/\/granadacostaglobal.es\/?p=21062","title":{"rendered":"Recibimiento en la Embajada de Espa\u00f1a en Panan\u00e1 a las Dras To\u00f1y Castillo y Carmen Tello"},"content":{"rendered":"<p>Recibimiento en la Embajada de Espa\u00f1a de la Dra To\u00f1y Castillo, Directora del Aula Hospitalaria Dr. Antoni Cambrod\u00ed y Directora de la Academia de las Ciencias Bellas Artes y Buenas Letras Granada Costa, y la Dra Carmen Tello.\u00a0 Ya que se hab\u00edan desplazado a Panam\u00e1\u00a0 con motivo de la ponencia que realizar\u00eda la Dra To\u00f1y Castillo durante los actos del:<\/p>\n<p style=\"text-align: justify;\"><a href=\"http:\/\/granadacostanacional.es\/wp-content\/uploads\/2019\/05\/303ef5bc-93e4-4137-9cf7-b0174b874d16.jpg\"><img decoding=\"async\" loading=\"lazy\" class=\"size-medium wp-image-21070 alignleft\" src=\"http:\/\/granadacostanacional.es\/wp-content\/uploads\/2019\/05\/303ef5bc-93e4-4137-9cf7-b0174b874d16-300x225.jpg\" alt=\"303ef5bc-93e4-4137-9cf7-b0174b874d16\" width=\"300\" height=\"225\" \/><\/a>\u00a0IV Congreso Internacional Pedagog\u00eda Hospitalaria: Innovaci\u00f3n Educativa, Pol\u00edticas y Formaci\u00f3n de Profesionales se realizo el 18 y 19 de mayo en la Sede Permanente del PARLATINO en Panam\u00e1.<\/p>\n<div>\n<p style=\"text-align: justify;\"><a href=\"http:\/\/granadacostanacional.es\/wp-content\/uploads\/2019\/05\/1e37f978-5434-4754-bdf6-2f83d4b572f4.jpg\"><img decoding=\"async\" loading=\"lazy\" class=\"alignnone size-medium wp-image-21064\" src=\"http:\/\/granadacostanacional.es\/wp-content\/uploads\/2019\/05\/1e37f978-5434-4754-bdf6-2f83d4b572f4-225x300.jpg\" alt=\"1e37f978-5434-4754-bdf6-2f83d4b572f4\" width=\"225\" height=\"300\" \/><\/a><a href=\"http:\/\/granadacostanacional.es\/wp-content\/uploads\/2019\/05\/4b7d88d9-f47a-4f85-ac1c-a98492ce7be7.jpg\"><img decoding=\"async\" loading=\"lazy\" class=\"alignnone size-medium wp-image-21066\" src=\"http:\/\/granadacostanacional.es\/wp-content\/uploads\/2019\/05\/4b7d88d9-f47a-4f85-ac1c-a98492ce7be7-225x300.jpg\" alt=\"4b7d88d9-f47a-4f85-ac1c-a98492ce7be7\" width=\"225\" height=\"300\" \/><\/a><\/p>\n<p style=\"text-align: justify;\">Durante una hora que dur\u00f3 la entrevista se expusieron las l\u00edneas b\u00e1sicas de la Intervenci\u00f3n de la Dra Castillo, as\u00ed como los proyectos comunes que realizan las Doctoras Tello y Castillo en pro la infancia.<\/p>\n<p><a href=\"http:\/\/granadacostanacional.es\/wp-content\/uploads\/2019\/05\/04eea926-4df5-4e66-8f7c-d44eceaa6da4.jpg\"><img decoding=\"async\" loading=\"lazy\" class=\"alignnone size-medium wp-image-21065 alignleft\" src=\"http:\/\/granadacostanacional.es\/wp-content\/uploads\/2019\/05\/04eea926-4df5-4e66-8f7c-d44eceaa6da4-225x300.jpg\" alt=\"04eea926-4df5-4e66-8f7c-d44eceaa6da4\" width=\"225\" height=\"300\" \/><\/a>\u00a0Se desea darle las Gracias a los miembros de la Embajada de Espa\u00f1a y al Se\u00f1or Ram\u00f3n Santos el Embajador con el cordial recibimiento.<\/p>\n<\/div>\n","protected":false},"excerpt":{"rendered":"<p>Recibimiento en la Embajada de Espa\u00f1a de la Dra To\u00f1y Castillo, Directora del Aula Hospitalaria Dr. Antoni Cambrod\u00ed y Directora&hellip;<\/p>\n","protected":false},"author":4,"featured_media":21069,"comment_status":"open","ping_status":"open","sticky":false,"template":"","format":"standard","meta":{"om_disable_all_campaigns":false,"_mi_skip_tracking":false,"_monsterinsights_sitenote_active":false,"_monsterinsights_sitenote_note":"","_monsterinsights_sitenote_category":0,"footnotes":""},"categories":[25,21,35,22,19,30],"tags":[],"aioseo_notices":[],"_links":{"self":[{"href":"https:\/\/granadacostaglobal.es\/index.php?rest_route=\/wp\/v2\/posts\/21062"}],"collection":[{"href":"https:\/\/granadacostaglobal.es\/index.php?rest_route=\/wp\/v2\/posts"}],"about":[{"href":"https:\/\/granadacostaglobal.es\/index.php?rest_route=\/wp\/v2\/types\/post"}],"author":[{"embeddable":true,"href":"https:\/\/granadacostaglobal.es\/index.php?rest_route=\/wp\/v2\/users\/4"}],"replies":[{"embeddable":true,"href":"https:\/\/granadacostaglobal.es\/index.php?rest_route=%2Fwp%2Fv2%2Fcomments&post=21062"}],"version-history":[{"count":0,"href":"https:\/\/granadacostaglobal.es\/index.php?rest_route=\/wp\/v2\/posts\/21062\/revisions"}],"wp:featuredmedia":[{"embeddable":true,"href":"https:\/\/granadacostaglobal.es\/index.php?rest_route=\/"}],"wp:attachment":[{"href":"https:\/\/granadacostaglobal.es\/index.php?rest_route=%2Fwp%2Fv2%2Fmedia&parent=21062"}],"wp:term":[{"taxonomy":"category","embeddable":true,"href":"https:\/\/granadacostaglobal.es\/index.php?rest_route=%2Fwp%2Fv2%2Fcategories&post=21062"},{"taxonomy":"post_tag","embeddable":true,"href":"https:\/\/granadacostaglobal.es\/index.php?rest_route=%2Fwp%2Fv2%2Ftags&post=21062"}],"curies":[{"name":"wp","href":"https:\/\/api.w.org\/{rel}","templated":true}]}}