{"id":21040,"date":"2019-05-24T08:47:41","date_gmt":"2019-05-24T08:47:41","guid":{"rendered":"http:\/\/granadacostanacional.es\/?p=21040"},"modified":"2019-05-24T08:47:41","modified_gmt":"2019-05-24T08:47:41","slug":"especial-la-voz-de-los-ninos-y-jovenes-con-enfermedades-desde-el-parlatino-de-panama-para-el-mundo-1","status":"publish","type":"post","link":"https:\/\/granadacostaglobal.es\/?p=21040","title":{"rendered":"Especial la voz de los ni\u00f1os y jovenes con enfermedades desde el Parlatino de Panam\u00e1 para el mundo. 1"},"content":{"rendered":"<div data-blogger-escaped-style=\"text-align: justify;\">\n<p style=\"text-align: justify;\"><a href=\"http:\/\/granadacostanacional.es\/wp-content\/uploads\/2019\/05\/WhatsApp-Image-2019-05-18-at-19.06.20.jpeg\"><img decoding=\"async\" loading=\"lazy\" class=\"alignnone size-medium wp-image-21047 alignleft\" src=\"http:\/\/granadacostanacional.es\/wp-content\/uploads\/2019\/05\/WhatsApp-Image-2019-05-18-at-19.06.20-300x225.jpeg\" alt=\"WhatsApp Image 2019-05-18 at 19.06.20\" width=\"300\" height=\"225\" \/><\/a>La Dra To\u00f1y Castillo Directora del Aula Hospitalaria Dr. Antoni Cambrod\u00ed del Hospital Universitario Arnau de Vilanova de Lleida.\u00a0 Y Directora de la Academia de las Ciencias, bellas artes y Buenas Letras del Proyecto Cultural Nacional Granada Costa.\u00a0 Particip\u00f3 en la Sede del Parlatino. Parlamento latinoamericano y del Caribe en calidad de Experta Investigadora Europea.\u00a0 Su ponencia : El duelo ante las adversidades del vivir y morir. Ni\u00f1o y enfermedad.<\/p>\n<div data-blogger-escaped-style=\"text-align: justify;\">\n<p style=\"text-align: justify;\">El IV Congreso Internacional Pedagog\u00eda Hospitalaria: Innovaci\u00f3n Educativa, Pol\u00edticas y Formaci\u00f3n de Profesionales se realizo el 18 y 19 de mayo en la Sede Permanente del PARLATINO en Panam\u00e1 con la participaci\u00f3n de expertos en el tema y acad\u00e9micos.<\/p>\n<figure id=\"attachment_21048\" aria-describedby=\"caption-attachment-21048\" style=\"width: 225px\" class=\"wp-caption aligncenter\"><a href=\"http:\/\/granadacostanacional.es\/wp-content\/uploads\/2019\/05\/0be3a7f2-b2c7-4835-b496-cd13a4b577d7-1.jpg\"><img decoding=\"async\" loading=\"lazy\" class=\"wp-image-21048 size-medium\" src=\"http:\/\/granadacostanacional.es\/wp-content\/uploads\/2019\/05\/0be3a7f2-b2c7-4835-b496-cd13a4b577d7-1-225x300.jpg\" alt=\"0be3a7f2-b2c7-4835-b496-cd13a4b577d7\" width=\"225\" height=\"300\" \/><\/a><figcaption id=\"caption-attachment-21048\" class=\"wp-caption-text\">Con las Doctoras Carme Tello y Ver\u00f3nica Violant<\/figcaption><\/figure>\n<\/div>\n<div style=\"text-align: justify;\" data-blogger-escaped-style=\"text-align: justify;\"><a href=\"http:\/\/granadacostanacional.es\/wp-content\/uploads\/2019\/05\/b5162197-689f-46fb-9ba9-94335903ae93.jpg\"><img decoding=\"async\" loading=\"lazy\" class=\"size-medium wp-image-21046 alignleft\" src=\"http:\/\/granadacostanacional.es\/wp-content\/uploads\/2019\/05\/b5162197-689f-46fb-9ba9-94335903ae93-300x225.jpg\" alt=\"b5162197-689f-46fb-9ba9-94335903ae93\" width=\"300\" height=\"225\" \/><\/a><\/div>\n<div style=\"text-align: justify;\" data-blogger-escaped-style=\"text-align: justify;\">\n<p>El evento se efectuo con la organizaci\u00f3n de la Red Latinoamericana y el Caribe por el Derecho a la Educaci\u00f3n de Ni\u00f1os, Ni\u00f1as y J\u00f3venes Hospitalizados o en Tratamientos (REDLACEH).<\/p>\n<p>Foto Con Gl\u00f3ria Paniagua Miembro del Comit\u00e9 Cientifico<\/p>\n<\/div>\n<\/div>\n<p>&nbsp;<\/p>\n<p>&nbsp;<\/p>\n<p>&nbsp;<\/p>\n<p>&nbsp;<\/p>\n<div data-blogger-escaped-style=\"text-align: justify;\">\n<div style=\"text-align: justify;\" data-blogger-escaped-style=\"text-align: justify;\">\n<p><a href=\"http:\/\/granadacostanacional.es\/wp-content\/uploads\/2019\/05\/3dae312b-3baa-4734-87d2-39a9ecfc8322.jpg\"><img decoding=\"async\" loading=\"lazy\" class=\"alignnone size-medium wp-image-21042 alignleft\" src=\"http:\/\/granadacostanacional.es\/wp-content\/uploads\/2019\/05\/3dae312b-3baa-4734-87d2-39a9ecfc8322-300x300.jpg\" alt=\"3dae312b-3baa-4734-87d2-39a9ecfc8322\" width=\"300\" height=\"300\" \/><\/a>En el acto inaugural participaron, el diputado El\u00edas Castillo, presidente del PARLATINO; el diputado Rolando Gonz\u00e1lez Patricio, secretario de Comisiones; la presidenta de REDLACEH,\u00a0<a href=\"https:\/\/www.facebook.com\/sriquelmeacuna?eid=ARAO9iXh5MZ_G9djOZoQCmECfk0qzGKBG97T1HwjTVIi4z-O1VM8k411Uz-sQIHglUEGlZgkH5GzpOtu\">Sylvia Riquelme Acu\u00f1a<\/a>: la viceministra Acad\u00e9mica de Educaci\u00f3n de Panam\u00e1, Lurys C\u00e1rdenas; mientras que le correspondi\u00f3 a la Dra. Cecilia Barbieri, especialista senior de Educaci\u00f3n de la Oficina Regional de la UNESCO en Am\u00e9rica Latina y el Caribe dictar la conferencia magistral sobre la Educaci\u00f3n 2030.<\/p>\n<p>Foto con El Vicepresidente de La comisi\u00f3n de Educaci\u00f3n, ciencia, T\u00e9cnologia y Comunicaci\u00f3n del Parlamento Latinoamericano y Caribe\u00f1o y Dra Tello<\/p>\n<\/div>\n<div data-blogger-escaped-style=\"text-align: justify;\"><\/div>\n<\/div>\n","protected":false},"excerpt":{"rendered":"<p>La Dra To\u00f1y Castillo Directora del Aula Hospitalaria Dr. Antoni Cambrod\u00ed del Hospital Universitario Arnau de Vilanova de Lleida.\u00a0 Y&hellip;<\/p>\n","protected":false},"author":4,"featured_media":21045,"comment_status":"open","ping_status":"open","sticky":false,"template":"","format":"standard","meta":{"om_disable_all_campaigns":false,"_mi_skip_tracking":false,"_monsterinsights_sitenote_active":false,"_monsterinsights_sitenote_note":"","_monsterinsights_sitenote_category":0,"footnotes":""},"categories":[25,21,35,22,19,30],"tags":[],"aioseo_notices":[],"_links":{"self":[{"href":"https:\/\/granadacostaglobal.es\/index.php?rest_route=\/wp\/v2\/posts\/21040"}],"collection":[{"href":"https:\/\/granadacostaglobal.es\/index.php?rest_route=\/wp\/v2\/posts"}],"about":[{"href":"https:\/\/granadacostaglobal.es\/index.php?rest_route=\/wp\/v2\/types\/post"}],"author":[{"embeddable":true,"href":"https:\/\/granadacostaglobal.es\/index.php?rest_route=\/wp\/v2\/users\/4"}],"replies":[{"embeddable":true,"href":"https:\/\/granadacostaglobal.es\/index.php?rest_route=%2Fwp%2Fv2%2Fcomments&post=21040"}],"version-history":[{"count":0,"href":"https:\/\/granadacostaglobal.es\/index.php?rest_route=\/wp\/v2\/posts\/21040\/revisions"}],"wp:featuredmedia":[{"embeddable":true,"href":"https:\/\/granadacostaglobal.es\/index.php?rest_route=\/"}],"wp:attachment":[{"href":"https:\/\/granadacostaglobal.es\/index.php?rest_route=%2Fwp%2Fv2%2Fmedia&parent=21040"}],"wp:term":[{"taxonomy":"category","embeddable":true,"href":"https:\/\/granadacostaglobal.es\/index.php?rest_route=%2Fwp%2Fv2%2Fcategories&post=21040"},{"taxonomy":"post_tag","embeddable":true,"href":"https:\/\/granadacostaglobal.es\/index.php?rest_route=%2Fwp%2Fv2%2Ftags&post=21040"}],"curies":[{"name":"wp","href":"https:\/\/api.w.org\/{rel}","templated":true}]}}