{"id":20943,"date":"2019-05-20T15:31:13","date_gmt":"2019-05-20T15:31:13","guid":{"rendered":"http:\/\/granadacostanacional.es\/?p=20943"},"modified":"2019-05-20T15:31:13","modified_gmt":"2019-05-20T15:31:13","slug":"4o-cata-de-vinos-de-la-alpujarra-en-albondon","status":"publish","type":"post","link":"https:\/\/granadacostaglobal.es\/?p=20943","title":{"rendered":"4\u00ba CATA DE VINOS DE LA ALPUJARRA EN ALBOND\u00d3N."},"content":{"rendered":"<p style=\"text-align: justify;\"><strong><a href=\"http:\/\/granadacostanacional.es\/wp-content\/uploads\/2019\/05\/P1160365.jpg\"><img decoding=\"async\" loading=\"lazy\" class=\"aligncenter size-large wp-image-20945\" src=\"http:\/\/granadacostanacional.es\/wp-content\/uploads\/2019\/05\/P1160365-731x1024.jpg\" alt=\"P1160365\" width=\"731\" height=\"1024\" \/><\/a>MIEMBROS DEL JURADO<\/strong><\/p>\n<p style=\"text-align: justify;\">PEDRO SEGURA G\u00d3NZALEZ.<\/p>\n<p style=\"text-align: justify;\">JUAN LUIS SUAREZ ALCALDE.<\/p>\n<p style=\"text-align: justify;\">NICOLAS MORALES ARIAS.<\/p>\n<p style=\"text-align: justify;\">ANDR\u00c9S VALENTIN L\u00d3PEZ.<\/p>\n<p style=\"text-align: justify;\">ENCARNI BARRAG\u00c1N S\u00c1NCHEZ.<\/p>\n<p style=\"text-align: justify;\">RA\u00daL MARTINEZ MONTORO.<\/p>\n<p style=\"text-align: justify;\">VICTOR EUSEBIO S\u00c1NCHEZ CERVILLA.<\/p>\n<p style=\"text-align: justify;\">ANDR\u00c9S PARRA MAR\u00cdN.<\/p>\n<p style=\"text-align: justify;\">DIRECTOR T\u00c9CNICO.\u00a0 FRANCISCO JAVIER MOLINA.<\/p>\n<p><iframe loading=\"lazy\" title=\"IV Cata concurso de vino de la Alpujarra, Albond\u00f3n\" width=\"640\" height=\"360\" src=\"https:\/\/www.youtube.com\/embed\/hIbHBMYBBsk?feature=oembed\" frameborder=\"0\" allow=\"accelerometer; autoplay; clipboard-write; encrypted-media; gyroscope; picture-in-picture; web-share\" allowfullscreen><\/iframe><\/p>\n<p style=\"text-align: justify;\"><strong>BODEGAS PARTICIPANTES.<\/strong><\/p>\n<ol style=\"text-align: justify;\">\n<li>BODEGA RAMBLA HUAREA.<\/li>\n<li>BODEGA PIEDRA BLANCA.<\/li>\n<li>BODEGA CORTIJO FUENTEZUELAS.<\/li>\n<li>BODEGAS MORENO.<\/li>\n<li>BODEGA CUATRO VIENTOS.<\/li>\n<li>BODEGA F\u00c9LIX.<\/li>\n<li>BODEGA SOTILLO.<\/li>\n<li>BODEGA HAZA DEL LINO.<\/li>\n<li>BODEGA LOS MARTOS.<\/li>\n<li>BODEGA FRANCISCO LOPEZ.<\/li>\n<li>BODEGA ALFREDO MARTOS.<\/li>\n<\/ol>\n<p style=\"text-align: justify;\">PREMIOS .<\/p>\n<p style=\"text-align: justify;\"><strong>VINOS BLANCOS.<\/strong><\/p>\n<p style=\"text-align: justify;\">1\u00ba POETA EN NUEVA YORK.<\/p>\n<p style=\"text-align: justify;\">2\u00ba RA\u00d1OL ( SOTILLO).<\/p>\n<p style=\"text-align: justify;\">3\u00ba MARQUES DE LA CONTRAVIESA ECOL\u00d3GICO ( 4 VIENTOS).<\/p>\n<p style=\"text-align: justify;\"><strong>VINOS ROSADOS.<\/strong><\/p>\n<p style=\"text-align: justify;\"><strong>1\u00ba MALAFOLLA 4V.<\/strong><\/p>\n<p style=\"text-align: justify;\"><strong>2\u00ba PIEDRA BLANCA ROSADO.<\/strong><\/p>\n<p style=\"text-align: justify;\"><strong>3\u00ba VINO MIGUEL ( FUENTEZUELAS).<\/strong><\/p>\n<p style=\"text-align: justify;\"><strong>TINTOS SIN CRIANZA.<\/strong><\/p>\n<p style=\"text-align: justify;\"><strong>1\u00ba VINO MIGUEL ( FUENTEZUELAS).<\/strong><\/p>\n<p style=\"text-align: justify;\"><strong>2\u00ba CARA NORTE (ALFREDO MARTOS).<\/strong><\/p>\n<p style=\"text-align: justify;\"><strong>3\u00ba MALAFOLL\u00c1 TINTO.<\/strong><\/p>\n<p style=\"text-align: justify;\"><strong>TINTOS CON CRIANZA.<\/strong><\/p>\n<p style=\"text-align: justify;\"><strong>1\u00ba MARQUES DE LA CONTRAVIESA CABERNET-SAVIGNO.<\/strong><\/p>\n<p style=\"text-align: justify;\"><strong>2\u00ba MALAFOLLA ( 4VIENTOS).<\/strong><\/p>\n<p style=\"text-align: justify;\"><strong>3\u00ba LOS MARTOS.<\/strong><\/p>\n<p style=\"text-align: justify;\"><strong>PREMIOS LOCALES<\/strong><\/p>\n<p style=\"text-align: justify;\"><strong>1\u00ba ROSADO.\u00a0\u00a0 BODEGAS MORENO.<\/strong><\/p>\n<p style=\"text-align: justify;\"><strong>2\u00ba BLANCO. LOS MARTOS.<\/strong><\/p>\n<p style=\"text-align: justify;\"><strong>3\u00ba TINO. FELIX GARC\u00cdA.<\/strong><\/p>\n<p style=\"text-align: justify;\"><a href=\"http:\/\/granadacostanacional.es\/wp-content\/uploads\/2019\/05\/P1160368.jpg\"><img decoding=\"async\" loading=\"lazy\" class=\"aligncenter size-large wp-image-20946\" src=\"http:\/\/granadacostanacional.es\/wp-content\/uploads\/2019\/05\/P1160368-1024x768.jpg\" alt=\"P1160368\" width=\"1024\" height=\"768\" \/><\/a> <a href=\"http:\/\/granadacostanacional.es\/wp-content\/uploads\/2019\/05\/P1160369.jpg\"><img decoding=\"async\" loading=\"lazy\" class=\"aligncenter size-large wp-image-20947\" src=\"http:\/\/granadacostanacional.es\/wp-content\/uploads\/2019\/05\/P1160369-1024x768.jpg\" alt=\"P1160369\" width=\"1024\" height=\"768\" \/><\/a> <a href=\"http:\/\/granadacostanacional.es\/wp-content\/uploads\/2019\/05\/P1160378.jpg\"><img decoding=\"async\" loading=\"lazy\" class=\"aligncenter size-large wp-image-20948\" src=\"http:\/\/granadacostanacional.es\/wp-content\/uploads\/2019\/05\/P1160378-1024x768.jpg\" alt=\"P1160378\" width=\"1024\" height=\"768\" \/><\/a> <a href=\"http:\/\/granadacostanacional.es\/wp-content\/uploads\/2019\/05\/P1160379.jpg\"><img decoding=\"async\" loading=\"lazy\" class=\"aligncenter size-large wp-image-20949\" src=\"http:\/\/granadacostanacional.es\/wp-content\/uploads\/2019\/05\/P1160379-1024x768.jpg\" alt=\"P1160379\" width=\"1024\" height=\"768\" \/><\/a> <a href=\"http:\/\/granadacostanacional.es\/wp-content\/uploads\/2019\/05\/P1160382.jpg\"><img decoding=\"async\" loading=\"lazy\" class=\"aligncenter size-large wp-image-20950\" src=\"http:\/\/granadacostanacional.es\/wp-content\/uploads\/2019\/05\/P1160382-1024x768.jpg\" alt=\"P1160382\" width=\"1024\" height=\"768\" \/><\/a> <a href=\"http:\/\/granadacostanacional.es\/wp-content\/uploads\/2019\/05\/P1160431.jpg\"><img decoding=\"async\" loading=\"lazy\" class=\"aligncenter size-large wp-image-20951\" src=\"http:\/\/granadacostanacional.es\/wp-content\/uploads\/2019\/05\/P1160431-1024x768.jpg\" alt=\"P1160431\" width=\"1024\" height=\"768\" \/><\/a> <a href=\"http:\/\/granadacostanacional.es\/wp-content\/uploads\/2019\/05\/P1160433.jpg\"><img decoding=\"async\" loading=\"lazy\" class=\"aligncenter size-large wp-image-20952\" src=\"http:\/\/granadacostanacional.es\/wp-content\/uploads\/2019\/05\/P1160433-1024x768.jpg\" alt=\"P1160433\" width=\"1024\" height=\"768\" \/><\/a> <a href=\"http:\/\/granadacostanacional.es\/wp-content\/uploads\/2019\/05\/P1160435.jpg\"><img decoding=\"async\" loading=\"lazy\" class=\"aligncenter size-large wp-image-20953\" src=\"http:\/\/granadacostanacional.es\/wp-content\/uploads\/2019\/05\/P1160435-1024x768.jpg\" alt=\"P1160435\" width=\"1024\" height=\"768\" \/><\/a> <a href=\"http:\/\/granadacostanacional.es\/wp-content\/uploads\/2019\/05\/P1160471.jpg\"><img decoding=\"async\" loading=\"lazy\" class=\"aligncenter size-large wp-image-20954\" src=\"http:\/\/granadacostanacional.es\/wp-content\/uploads\/2019\/05\/P1160471-1024x768.jpg\" alt=\"P1160471\" width=\"1024\" height=\"768\" \/><\/a><\/p>\n<p style=\"text-align: right;\"><em><strong>Juan Fern\u00e1ndez Ben\u00edtez<\/strong><\/em><\/p>\n","protected":false},"excerpt":{"rendered":"<p>MIEMBROS DEL JURADO PEDRO SEGURA G\u00d3NZALEZ. JUAN LUIS SUAREZ ALCALDE. NICOLAS MORALES ARIAS. ANDR\u00c9S VALENTIN L\u00d3PEZ. ENCARNI BARRAG\u00c1N S\u00c1NCHEZ. RA\u00daL&hellip;<\/p>\n","protected":false},"author":2,"featured_media":20944,"comment_status":"open","ping_status":"open","sticky":false,"template":"","format":"standard","meta":{"om_disable_all_campaigns":false,"_mi_skip_tracking":false,"_monsterinsights_sitenote_active":false,"_monsterinsights_sitenote_note":"","_monsterinsights_sitenote_category":0,"footnotes":""},"categories":[21,22],"tags":[],"aioseo_notices":[],"_links":{"self":[{"href":"https:\/\/granadacostaglobal.es\/index.php?rest_route=\/wp\/v2\/posts\/20943"}],"collection":[{"href":"https:\/\/granadacostaglobal.es\/index.php?rest_route=\/wp\/v2\/posts"}],"about":[{"href":"https:\/\/granadacostaglobal.es\/index.php?rest_route=\/wp\/v2\/types\/post"}],"author":[{"embeddable":true,"href":"https:\/\/granadacostaglobal.es\/index.php?rest_route=\/wp\/v2\/users\/2"}],"replies":[{"embeddable":true,"href":"https:\/\/granadacostaglobal.es\/index.php?rest_route=%2Fwp%2Fv2%2Fcomments&post=20943"}],"version-history":[{"count":0,"href":"https:\/\/granadacostaglobal.es\/index.php?rest_route=\/wp\/v2\/posts\/20943\/revisions"}],"wp:featuredmedia":[{"embeddable":true,"href":"https:\/\/granadacostaglobal.es\/index.php?rest_route=\/"}],"wp:attachment":[{"href":"https:\/\/granadacostaglobal.es\/index.php?rest_route=%2Fwp%2Fv2%2Fmedia&parent=20943"}],"wp:term":[{"taxonomy":"category","embeddable":true,"href":"https:\/\/granadacostaglobal.es\/index.php?rest_route=%2Fwp%2Fv2%2Fcategories&post=20943"},{"taxonomy":"post_tag","embeddable":true,"href":"https:\/\/granadacostaglobal.es\/index.php?rest_route=%2Fwp%2Fv2%2Ftags&post=20943"}],"curies":[{"name":"wp","href":"https:\/\/api.w.org\/{rel}","templated":true}]}}