{"id":20884,"date":"2019-05-13T14:20:45","date_gmt":"2019-05-13T14:20:45","guid":{"rendered":"http:\/\/granadacostanacional.es\/?p=20884"},"modified":"2019-05-13T14:20:45","modified_gmt":"2019-05-13T14:20:45","slug":"xxv-aniversario-del-circuito-voley-playa-de-la-costa-tropical","status":"publish","type":"post","link":"https:\/\/granadacostaglobal.es\/?p=20884","title":{"rendered":"XXV Aniversario Del Circuito V\u00f3ley Playa De La Costa Tropical."},"content":{"rendered":"<p style=\"text-align: justify;\"><em>Este lunes 13 de mayo, la sede de la Mancomunidad de Municipios ha acogido la presentaci\u00f3n del XXV Circuito de V\u00f3ley Playa de la Costa Tropical. Con la presencia \u00a0de D. Juan Antonio Palomino Jefe de Deportes de la Diputaci\u00f3n de Granada, D. Vicente Tovar Escudero, Jefe de Departamento de Secretaria de La Autoridad Portuaria, D. Juan Carlos Rodr\u00edguez repres\u00e9ntate de la empresa Coca-Cola, el Presidente de La Mancomunidad de Municipios de la Costa Tropical, D. Sergio Garc\u00eda Alabarce junto a los representantes municipales de los municipios en los que discurre el circuito.<\/em><\/p>\n<p style=\"text-align: justify;\">\n<p style=\"text-align: justify;\">Entre el 30 de junio\u00a0 y el 4 de Agosto, el circuito podr\u00e1 verse por las diferentes playas del litoral, en esta edici\u00f3n el pistoletazo de salida se dar\u00e1 en Gualchos \u2013 Castell de Ferro, donde el 30 de junio empezar\u00e1 la competici\u00f3n en la playa El Sotillo, y llegando a su fin el 4 de agosto en la playa\u00a0 del Pe\u00f1\u00f3n en Salobre\u00f1a.<\/p>\n<p style=\"text-align: justify;\">Sergio Garc\u00eda \u00a0han destacado la importancia de este evento, no solo desde el punto de vista deportivo, sino tambi\u00e9n tur\u00edstico, adem\u00e1s el Presidente \u00a0de Mancomunidad de Municipios ha agradecido el esfuerzo del \u201cmotor del circuito Mustafa Lisdidy, \u201cgracias a su empe\u00f1o, el circuito cumple su XXV edici\u00f3n.<\/p>\n<p style=\"text-align: justify;\">\u00a0Juan Carlos Rodr\u00edguez, representante de Coca- Cola ha reivindicado que a trav\u00e9s de la apuesta por el deporte, tambi\u00e9n se pone en valor el entorno tan maravilloso en el que tiene lugar.<\/p>\n<p style=\"text-align: justify;\">Desde La Autoridad Portuaria de Motril, Vicente Tovar ha argumentado, que desde la instituci\u00f3n a la que representa seguir\u00e1n apostando por este evento deportivo, que\u00a0 adem\u00e1s promociona la Costa Tropical.<\/p>\n<p style=\"text-align: justify;\">Desde La Diputaci\u00f3n de Granada, su Jefe de Deportes ha agradecido\u00a0 que un circuito de estas caracter\u00edsticas cumpla\u00a0 25 ediciones, es un circuito consolidado en el Costa Tropical, y permite que en \u00e9pocas estivales nuestros j\u00f3venes puedan hacer deporte en el litoral de la provincia.<\/p>\n<p style=\"text-align: justify;\">\n<p style=\"text-align: justify;\">El anfitri\u00f3n del acto ha sido Mustafa Lisdidy, representante del Club Deportivo \u00c1gonos y organizador, quien ha dado a conocer las fechas en las que el circuito tendr\u00e1 lugar:<\/p>\n<p style=\"text-align: justify;\">Gualchos- Castell de Ferro\u00a0 30 de Junio\u00a0 Playa de El Sotillo<\/p>\n<p style=\"text-align: justify;\">Polopos \u2013 La Mamola\u00a0 7 de julio\u00a0 Playa La Mamola<\/p>\n<p style=\"text-align: justify;\">Albu\u00f1ol\u00a0 14 de Julio\u00a0\u00a0 Playa la R\u00e1bita<\/p>\n<p style=\"text-align: justify;\">Torrenueva Costa\u00a0 21 de Julio Playa de Torrenueva<\/p>\n<p style=\"text-align: justify;\">Motril\u00a0 28 de Julio\u00a0 Playa de Poniente<\/p>\n<p style=\"text-align: justify;\">Salobre\u00f1a 4 de Agosto\u00a0 Playa del Pe\u00f1\u00f3n<\/p>\n<p style=\"text-align: justify;\">Mustafa ha destacado el esfuerzo que desde el Club, las instituciones patrocinadoras, los ayuntamientos, las empresas colaboradoras y patrocinadoras de este evento, el Circuito V\u00f3ley Playa de la Costa Tropical es unos de los que perdura en el tiempo, y a\u00f1o tras a\u00f1o lo demuestran participantes y aficionados.<\/p>\n","protected":false},"excerpt":{"rendered":"<p>Este lunes 13 de mayo, la sede de la Mancomunidad de Municipios ha acogido la presentaci\u00f3n del XXV Circuito de&hellip;<\/p>\n","protected":false},"author":2,"featured_media":20885,"comment_status":"open","ping_status":"open","sticky":false,"template":"","format":"standard","meta":{"om_disable_all_campaigns":false,"_mi_skip_tracking":false,"_monsterinsights_sitenote_active":false,"_monsterinsights_sitenote_note":"","_monsterinsights_sitenote_category":0,"footnotes":""},"categories":[22],"tags":[],"aioseo_notices":[],"_links":{"self":[{"href":"https:\/\/granadacostaglobal.es\/index.php?rest_route=\/wp\/v2\/posts\/20884"}],"collection":[{"href":"https:\/\/granadacostaglobal.es\/index.php?rest_route=\/wp\/v2\/posts"}],"about":[{"href":"https:\/\/granadacostaglobal.es\/index.php?rest_route=\/wp\/v2\/types\/post"}],"author":[{"embeddable":true,"href":"https:\/\/granadacostaglobal.es\/index.php?rest_route=\/wp\/v2\/users\/2"}],"replies":[{"embeddable":true,"href":"https:\/\/granadacostaglobal.es\/index.php?rest_route=%2Fwp%2Fv2%2Fcomments&post=20884"}],"version-history":[{"count":0,"href":"https:\/\/granadacostaglobal.es\/index.php?rest_route=\/wp\/v2\/posts\/20884\/revisions"}],"wp:featuredmedia":[{"embeddable":true,"href":"https:\/\/granadacostaglobal.es\/index.php?rest_route=\/"}],"wp:attachment":[{"href":"https:\/\/granadacostaglobal.es\/index.php?rest_route=%2Fwp%2Fv2%2Fmedia&parent=20884"}],"wp:term":[{"taxonomy":"category","embeddable":true,"href":"https:\/\/granadacostaglobal.es\/index.php?rest_route=%2Fwp%2Fv2%2Fcategories&post=20884"},{"taxonomy":"post_tag","embeddable":true,"href":"https:\/\/granadacostaglobal.es\/index.php?rest_route=%2Fwp%2Fv2%2Ftags&post=20884"}],"curies":[{"name":"wp","href":"https:\/\/api.w.org\/{rel}","templated":true}]}}