{"id":20877,"date":"2019-05-13T11:54:37","date_gmt":"2019-05-13T11:54:37","guid":{"rendered":"http:\/\/granadacostanacional.es\/?p=20877"},"modified":"2019-05-13T11:54:37","modified_gmt":"2019-05-13T11:54:37","slug":"guadalinfo-abre-inscripciones-en-17-cursos-para-desempleadas-sobre-habilidades-de-comunicacion-y-destrezas-digitales","status":"publish","type":"post","link":"https:\/\/granadacostaglobal.es\/?p=20877","title":{"rendered":"Guadalinfo abre inscripciones en 17 cursos para desempleadas sobre habilidades de comunicaci\u00f3n y destrezas digitales"},"content":{"rendered":"<ul>\n<li style=\"text-align: justify;\"><strong>Con el objetivo de mejorar sus oportunidades de empleo, se ofrece a las participantes 17 talleres presenciales en otros tantos centros Guadalinfo de las 8 provincias y un refuerzo on line de 30 horas<\/strong><\/li>\n<li style=\"text-align: justify;\"><strong>Cada taller oferta 15 plazas, lo que supone un alcance de 255 mujeres. Se realizar\u00e1n 2 talleres en Almer\u00eda, C\u00f3rdoba, Huelva, Ja\u00e9n, M\u00e1laga y Sevilla; 1 en C\u00e1diz y 4 en Granada<\/strong><\/li>\n<\/ul>\n<p style=\"text-align: justify;\">Granada, 13 de mayo de 2019.- El Consorcio Fernando de los R\u00edos (entidad p\u00fablica que gestiona la red de centros p\u00fablicos de acceso a la sociedad de la informaci\u00f3n Guadalinfo, por encargo de la Junta de Andaluc\u00eda y las 8 diputaciones provinciales) pone en marcha el programa para mejorar la empleabilidad de mujeres rurales \u201cEn C\u00f3digo Femenino\u201d. Se trata de una formaci\u00f3n presencial y on line para mejorar las habilidades de comunicaci\u00f3n y destrezas digitales de hasta 255 mujeres de entornos rurales en las 8 provincias andaluzas. Las inscripciones est\u00e1n ya abiertas y las interesadas pueden obtener m\u00e1s informaci\u00f3n en cada uno de los centros Guadalinfo sede de los talleres presenciales. En la web <a href=\"http:\/\/www.guadalinfo.es\/centros\">www.guadalinfo.es\/centros<\/a> pueden acceder a los datos de contacto de cada uno de ellos. La formaci\u00f3n comienza el 21 de mayo en Vi\u00f1uela (M\u00e1laga) y seguir\u00e1 con la siguiente distribuci\u00f3n de fechas:<\/p>\n<p>&nbsp;<\/p>\n<table width=\"0\">\n<tbody>\n<tr>\n<td width=\"108\"><strong>PROVINCIA<\/strong><\/td>\n<td width=\"150\"><strong>MUNICIPIO<\/strong><\/td>\n<td width=\"145\"><strong>FECHA<\/strong><\/td>\n<\/tr>\n<tr>\n<td width=\"108\"><strong>ALMER\u00cdA<\/strong><\/td>\n<td width=\"150\">Laroya<\/td>\n<td width=\"145\">30 de mayo<\/td>\n<\/tr>\n<tr>\n<td width=\"108\"><strong>ALMER\u00cdA<\/strong><\/td>\n<td width=\"150\">Pechina<\/td>\n<td width=\"145\">14 de junio<\/td>\n<\/tr>\n<tr>\n<td width=\"108\"><strong>C\u00c1DIZ<\/strong><\/td>\n<td width=\"150\">Alcal\u00e1 de los Gazules<\/td>\n<td width=\"145\">Pendiente de fecha<\/td>\n<\/tr>\n<tr>\n<td width=\"108\"><strong>C\u00d3RDOBA<\/strong><\/td>\n<td width=\"150\">Montalb\u00e1n<\/td>\n<td width=\"145\">21 y 22 de mayo<\/td>\n<\/tr>\n<tr>\n<td width=\"108\"><strong>C\u00d3RDOBA<\/strong><\/td>\n<td width=\"150\">Dos Torres<\/td>\n<td width=\"145\">31 de mayo<\/td>\n<\/tr>\n<tr>\n<td width=\"108\"><strong>GRANADA<\/strong><\/td>\n<td width=\"150\">Granada (CAPI Almanj\u00e1yar)<\/td>\n<td width=\"145\">24 y 27 de mayo<\/td>\n<\/tr>\n<tr>\n<td width=\"108\"><strong>GRANADA<\/strong><\/td>\n<td width=\"150\">Montefr\u00edo<\/td>\n<td width=\"145\">3 y 5 de junio<\/td>\n<\/tr>\n<tr>\n<td width=\"108\"><strong>GRANADA<\/strong><\/td>\n<td width=\"150\">Cullar Vega<\/td>\n<td width=\"145\">3 y 5 de junio<\/td>\n<\/tr>\n<tr>\n<td width=\"108\"><strong>GRANADA<\/strong><\/td>\n<td width=\"150\">Orce<\/td>\n<td width=\"145\">6 y 7 de junio<\/td>\n<\/tr>\n<tr>\n<td width=\"108\"><strong>HUELVA<\/strong><\/td>\n<td width=\"150\">Alosno<\/td>\n<td width=\"145\">11 de junio<\/td>\n<\/tr>\n<tr>\n<td width=\"108\"><strong>HUELVA<\/strong><\/td>\n<td width=\"150\">Santa Olalla del Cala<\/td>\n<td width=\"145\">10 de junio<\/td>\n<\/tr>\n<tr>\n<td width=\"108\"><strong>JA\u00c9N<\/strong><\/td>\n<td width=\"150\">Cazorla<\/td>\n<td width=\"145\">28 de mayo<\/td>\n<\/tr>\n<tr>\n<td width=\"108\"><strong>JA\u00c9N<\/strong><\/td>\n<td width=\"150\">Meng\u00edbar<\/td>\n<td width=\"145\">28 de mayo<\/td>\n<\/tr>\n<tr>\n<td width=\"108\"><strong>M\u00c1LAGA<\/strong><\/td>\n<td width=\"150\">Manilva<\/td>\n<td width=\"145\">Pendiente de fecha<\/td>\n<\/tr>\n<tr>\n<td width=\"108\"><strong>M\u00c1LAGA<\/strong><\/td>\n<td width=\"150\">Vi\u00f1uela<\/td>\n<td width=\"145\">21 de mayo<\/td>\n<\/tr>\n<tr>\n<td width=\"108\"><strong>SEVILLA<\/strong><\/td>\n<td width=\"150\">Estepa<\/td>\n<td width=\"145\">12 de junio<\/td>\n<\/tr>\n<tr>\n<td width=\"108\"><strong>SEVILLA<\/strong><\/td>\n<td width=\"150\">La Puebla de Cazalla<\/td>\n<td width=\"145\">13 de junio<\/td>\n<\/tr>\n<\/tbody>\n<\/table>\n<p>&nbsp;<\/p>\n<p style=\"text-align: justify;\">Guadalinfo persigue entre sus l\u00edneas estrat\u00e9gicas capacitar en competencias digitales como v\u00eda para mejorar las opciones de empleo de sus usuarios y usuarias, e incluso su autoconfianza y motivaci\u00f3n para abordar proyectos y\/o nuevas opciones de trabajo. Esta iniciativa en concreto, pretende \u201cformar, motivar y activar a mujeres del \u00e1mbito rural, impulsando su acceso al empleo y\/o a emprender proyectos propios\u201d.<\/p>\n<p style=\"text-align: justify;\"><a href=\"http:\/\/granadacostanacional.es\/wp-content\/uploads\/2019\/05\/codigo-femenino-np2.jpg\"><img decoding=\"async\" loading=\"lazy\" class=\"aligncenter size-large wp-image-20879\" src=\"http:\/\/granadacostanacional.es\/wp-content\/uploads\/2019\/05\/codigo-femenino-np2-1024x617.jpg\" alt=\"codigo-femenino-np2\" width=\"1024\" height=\"617\" \/><\/a><\/p>\n<p style=\"text-align: justify;\">El programa consta de talleres presenciales de 6 horas en los 17 centros Guadalinfo designados, con un m\u00e1ximo de 15 participantes por taller para que sea una formaci\u00f3n eficaz y personalizada. Adem\u00e1s, \u00a0las participantes contar\u00e1n con un refuerzo de otras 30 horas de formaci\u00f3n on line. Distribuidos en tres m\u00f3dulos, los cursos tratar\u00e1n temas como la comunicaci\u00f3n y la transmisi\u00f3n sin miedo, la comunicaci\u00f3n digital y marca personal, y recursos digitales para la b\u00fasqueda de empleo.<\/p>\n<p style=\"text-align: justify;\"><strong>\u00a0<\/strong><\/p>\n<p style=\"text-align: justify;\"><strong>Guadalinfo en Granada:<\/strong><\/p>\n<p style=\"text-align: justify;\">El Consorcio Fernando de los R\u00edos (por encargo de la Junta de Andaluc\u00eda y las ocho diputaciones) gestiona Guadalinfo, red p\u00fablica de centros TIC cuyo objetivo es garantizar la igualdad de oportunidades en el acceso a la tecnolog\u00eda. Los centros Guadalinfo (en ayuntamientos menores de 20.000 habitantes y en las barriadas menos favorecidas de poblaciones mayores) ofrecen servicios TIC y capacitaci\u00f3n en competencias digitales. Asesoran a los usuarios en sus proyectos\u00a0 e impulsan iniciativas colectivas de dinamizaci\u00f3n social, sensibilizaci\u00f3n comunitaria y promoci\u00f3n del entorno. Act\u00faan en empleabilidad, alfabetizaci\u00f3n digital, promoci\u00f3n de la cultura innovadora, participaci\u00f3n ciudadana, mejora de la calidad de vida, emprendimiento, digitalizaci\u00f3n empresarial y administraci\u00f3n electr\u00f3nica. En la provincia de Granada esa labor se realiza desde 172 centros en virtud de la Orden de subvenciones actualmente vigente dirigida a su apertura, dinamizaci\u00f3n y mantenimiento. Hasta el pasado 30 de marzo,\u00a0\u00a0 251.218 personas se han dado de alta como usuarias en los centros Guadalinfo de Granada, que han programado en este primer trimestre 5.547 actividades.<\/p>\n<p style=\"text-align: justify;\"><strong>\u00a0<\/strong><\/p>\n<p style=\"text-align: justify;\"><strong>\u00a0<a href=\"http:\/\/granadacostanacional.es\/wp-content\/uploads\/2019\/05\/codigo-femenino-np3.jpg\"><img decoding=\"async\" loading=\"lazy\" class=\"aligncenter size-large wp-image-20880\" src=\"http:\/\/granadacostanacional.es\/wp-content\/uploads\/2019\/05\/codigo-femenino-np3-1024x617.jpg\" alt=\"codigo-femenino-np3\" width=\"1024\" height=\"617\" \/><\/a><\/strong><\/p>\n<ul style=\"text-align: justify;\">\n<li><strong> M\u00e1s Informaci\u00f3n:<\/strong><\/li>\n<\/ul>\n<p style=\"text-align: justify;\"><strong>\u00a0<\/strong><\/p>\n<p style=\"text-align: justify;\"><strong>Informaci\u00f3n e inscripciones en los centros Guadalinfo designados (www.guadalinfo.es\/centros)<\/strong><\/p>\n<p style=\"text-align: justify;\">\u00a0<a href=\"http:\/\/www.consorciofernandodelosrios.es\/\">www.consorciofernandodelosrios.es<\/a> y www.guadalinfo.es.<\/p>\n<p style=\"text-align: justify;\">Comunicaci\u00f3n: Cristina Vera (671563557 \/\/ cvpeinado@guadalinfo.es)<\/p>\n","protected":false},"excerpt":{"rendered":"<p>Con el objetivo de mejorar sus oportunidades de empleo, se ofrece a las participantes 17 talleres presenciales en otros tantos&hellip;<\/p>\n","protected":false},"author":3,"featured_media":20878,"comment_status":"open","ping_status":"open","sticky":false,"template":"","format":"standard","meta":{"om_disable_all_campaigns":false,"_mi_skip_tracking":false,"_monsterinsights_sitenote_active":false,"_monsterinsights_sitenote_note":"","_monsterinsights_sitenote_category":0,"footnotes":""},"categories":[22],"tags":[],"aioseo_notices":[],"_links":{"self":[{"href":"https:\/\/granadacostaglobal.es\/index.php?rest_route=\/wp\/v2\/posts\/20877"}],"collection":[{"href":"https:\/\/granadacostaglobal.es\/index.php?rest_route=\/wp\/v2\/posts"}],"about":[{"href":"https:\/\/granadacostaglobal.es\/index.php?rest_route=\/wp\/v2\/types\/post"}],"author":[{"embeddable":true,"href":"https:\/\/granadacostaglobal.es\/index.php?rest_route=\/wp\/v2\/users\/3"}],"replies":[{"embeddable":true,"href":"https:\/\/granadacostaglobal.es\/index.php?rest_route=%2Fwp%2Fv2%2Fcomments&post=20877"}],"version-history":[{"count":0,"href":"https:\/\/granadacostaglobal.es\/index.php?rest_route=\/wp\/v2\/posts\/20877\/revisions"}],"wp:featuredmedia":[{"embeddable":true,"href":"https:\/\/granadacostaglobal.es\/index.php?rest_route=\/"}],"wp:attachment":[{"href":"https:\/\/granadacostaglobal.es\/index.php?rest_route=%2Fwp%2Fv2%2Fmedia&parent=20877"}],"wp:term":[{"taxonomy":"category","embeddable":true,"href":"https:\/\/granadacostaglobal.es\/index.php?rest_route=%2Fwp%2Fv2%2Fcategories&post=20877"},{"taxonomy":"post_tag","embeddable":true,"href":"https:\/\/granadacostaglobal.es\/index.php?rest_route=%2Fwp%2Fv2%2Ftags&post=20877"}],"curies":[{"name":"wp","href":"https:\/\/api.w.org\/{rel}","templated":true}]}}