{"id":20801,"date":"2019-05-09T07:58:44","date_gmt":"2019-05-09T07:58:44","guid":{"rendered":"http:\/\/granadacostanacional.es\/?p=20801"},"modified":"2019-05-09T07:58:44","modified_gmt":"2019-05-09T07:58:44","slug":"isabel-oliver-gira-visita-oficial-a-la-costa-tropical-de-granada","status":"publish","type":"post","link":"https:\/\/granadacostaglobal.es\/?p=20801","title":{"rendered":"Isabel Oliver gira visita oficial a la Costa Tropical de Granada."},"content":{"rendered":"<p style=\"text-align: justify;\"><em>La Secretaria de Estado de Turismo se compromete a mediar con el nuevo Gobierno de la Naci\u00f3n, en asuntos tan importantes para la Costa Tropical como las obras de refuerzo de las playas y la promoci\u00f3n de nuestro destino.<\/em><\/p>\n<p style=\"text-align: justify;\"><em>Costa Tropical- 8\/mayo\/2019<\/em><\/p>\n<p style=\"text-align: justify;\">La Mancomunidad de Municipios de la Costa Tropical de Granada, ha recibido hoy la visita de la Secretaria de Estado para el Turismo, Isabel Mar\u00eda Oliver, quien durante dos jornadas, conocer\u00e1 algunos puntos de la costa granadina, contando con el presidente del ente comarcal, Sergio Garc\u00eda, como anfitri\u00f3n de la visita.<\/p>\n<p style=\"text-align: justify;\">La Secretaria de Estado para el Turismo ha sido recibida por la alcaldesa de Motril, Flor Alm\u00f3n, el presidente de la Diputaci\u00f3n de Granada, Jos\u00e9 Entrena, la Subdelegada del Gobierno en Granada, Inmaculada L\u00f3pez, la delegada de Turismo de la Mancomunidad y alcaldesa de Salobre\u00f1a, M\u00aa Eugenia Rufino, as\u00ed como los alcaldes y concejales de varios municipios costeros.<\/p>\n<p style=\"text-align: justify;\">Sergio Garc\u00eda ha abierto el turno de intervenciones para darle la bienvenida a la Costa Tropical \u201cuna tierra de contrastes con playas maravillosas, una vega f\u00e9rtil de subtropicales, una amplia oferta hotelera y chiringuitos y restaurantes que hacen de nuestra gastronom\u00eda una oferta de lujo\u201d.<\/p>\n<p style=\"text-align: justify;\">El presidente de Mancomunidad ha destacado que \u201ctoda ayuda es poca\u201d a la hora de pedir a la Secretaria de Estado que apoye las principales demandas en materia tur\u00edstica que afectan a la Costa Tropical, como \u201cel proyecto de refuerzo del litoral, que debe ser una realidad lo antes posible para que nuestras playas y los empresarios que trabajan en ellas no sufran tanto las consecuencias de las mareas y tormentas\u201d.<\/p>\n<p style=\"text-align: justify;\">Tras hacer una breve descripci\u00f3n de la riqueza paisaj\u00edstica y la variedad y calidad del producto que\u00a0 ofrece al visitante nuestra comarca, ha tomado la palabra el presidente de Diputaci\u00f3n, Jos\u00e9 Entrena, quien ha centrado su intervenci\u00f3n en ofrecer los datos tur\u00edsticos de ocupaci\u00f3n \u201cque hacen de la provincia de Granada un destino especial, con la Playa, la Alhambra, Sierra Nevada y la capital como reclamo exclusivo y \u00fanico\u201d.<\/p>\n<p style=\"text-align: justify;\"><a href=\"http:\/\/granadacostanacional.es\/wp-content\/uploads\/2019\/05\/Imagen-JPEG.jpeg\"><img decoding=\"async\" loading=\"lazy\" class=\"aligncenter size-large wp-image-20802\" src=\"http:\/\/granadacostanacional.es\/wp-content\/uploads\/2019\/05\/Imagen-JPEG-1024x498.jpeg\" alt=\"Imagen JPEG\" width=\"1024\" height=\"498\" \/><\/a><\/p>\n<p style=\"text-align: justify;\">Alm\u00f3n ha argumentado que en Motril la actividad tur\u00edstica es muy importante para su econom\u00eda porque junto a la agricultura, genera riqueza, bienestar y empleo. \u201cSomos un destino tur\u00edstico singular, una tierra de\u00a0 experiencias \u00fanicas con un potencial de desarrollo muy importante y por eso es importante seguir trabajando juntos para desarrollar toda esa capacidad, para romper la estacionalidad y crecer en n\u00famero de visitantes, en ingresos y, c\u00f3mo no, generar empleo\u201d.<\/p>\n<p style=\"text-align: justify;\">En este sentido. La alcaldesa de Motril ha hecho dos peticiones a la secretaria de Estado de Turismo. \u201cLa primera es que sea la embajadora de Motril en el Gobierno para que se hagan los espigones de nuestras playas, porque no podemos avanzar en el desarrollo tur\u00edstico sin ellos, son fundamentales. La segunda\u201d, ha insistido Alm\u00f3n, \u201ces que desde la administraci\u00f3n central haya financiaci\u00f3n para los ayuntamientos para el mantenimiento de las playas. No podemos dar servicios de calidad sin esas ayudas. Son imprescindibles, por ejemplo para conseguir las banderas azules\u201d, ha destacado Flor Alm\u00f3n.<\/p>\n<p style=\"text-align: justify;\">Ha cerrado el acto la Secretaria de Estado, ofreci\u00e9ndose como \u201chilo conductor\u201d de todo lo que necesite la Costa Tropical de Granada del Gobierno de la Naci\u00f3n. Isabel Oliver ha agradecido un recibimiento tan afectuoso, afirmado haber \u201ctomado nota\u201d de las demandas, propuestas y proyectos que le han planteado, tanto el presidente de la Mancomunidad como los alcaldes de la costa con los que se ha reunido a posteriori en privado. \u201cNos queda mucho por hacer pero me ofrezco para que cont\u00e9is conmigo, me llam\u00e9is, me cont\u00e9is lo que os preocupa y necesit\u00e1is para poder crecer en creaci\u00f3n de empleo y bienestar, porque todo lo que yo pueda gestionar con el resto de mis compa\u00f1eros de gobierno y est\u00e9 en mi mano, lo gestionar\u00e9 con total celeridad y entrega. Pod\u00e9is contar con ello\u201d, concluy\u00f3.<\/p>\n","protected":false},"excerpt":{"rendered":"<p>La Secretaria de Estado de Turismo se compromete a mediar con el nuevo Gobierno de la Naci\u00f3n, en asuntos tan&hellip;<\/p>\n","protected":false},"author":2,"featured_media":20803,"comment_status":"open","ping_status":"open","sticky":false,"template":"","format":"standard","meta":{"om_disable_all_campaigns":false,"_mi_skip_tracking":false,"_monsterinsights_sitenote_active":false,"_monsterinsights_sitenote_note":"","_monsterinsights_sitenote_category":0,"footnotes":""},"categories":[22],"tags":[],"aioseo_notices":[],"_links":{"self":[{"href":"https:\/\/granadacostaglobal.es\/index.php?rest_route=\/wp\/v2\/posts\/20801"}],"collection":[{"href":"https:\/\/granadacostaglobal.es\/index.php?rest_route=\/wp\/v2\/posts"}],"about":[{"href":"https:\/\/granadacostaglobal.es\/index.php?rest_route=\/wp\/v2\/types\/post"}],"author":[{"embeddable":true,"href":"https:\/\/granadacostaglobal.es\/index.php?rest_route=\/wp\/v2\/users\/2"}],"replies":[{"embeddable":true,"href":"https:\/\/granadacostaglobal.es\/index.php?rest_route=%2Fwp%2Fv2%2Fcomments&post=20801"}],"version-history":[{"count":0,"href":"https:\/\/granadacostaglobal.es\/index.php?rest_route=\/wp\/v2\/posts\/20801\/revisions"}],"wp:featuredmedia":[{"embeddable":true,"href":"https:\/\/granadacostaglobal.es\/index.php?rest_route=\/"}],"wp:attachment":[{"href":"https:\/\/granadacostaglobal.es\/index.php?rest_route=%2Fwp%2Fv2%2Fmedia&parent=20801"}],"wp:term":[{"taxonomy":"category","embeddable":true,"href":"https:\/\/granadacostaglobal.es\/index.php?rest_route=%2Fwp%2Fv2%2Fcategories&post=20801"},{"taxonomy":"post_tag","embeddable":true,"href":"https:\/\/granadacostaglobal.es\/index.php?rest_route=%2Fwp%2Fv2%2Ftags&post=20801"}],"curies":[{"name":"wp","href":"https:\/\/api.w.org\/{rel}","templated":true}]}}