{"id":20793,"date":"2019-05-09T07:56:15","date_gmt":"2019-05-09T07:56:15","guid":{"rendered":"http:\/\/granadacostanacional.es\/?p=20793"},"modified":"2019-05-09T07:56:15","modified_gmt":"2019-05-09T07:56:15","slug":"entrevista-al-doctor-hans-diter-wienberg","status":"publish","type":"post","link":"https:\/\/granadacostaglobal.es\/?p=20793","title":{"rendered":"ENTREVISTA AL DOCTOR HANS DITER WIENBERG"},"content":{"rendered":"<p style=\"text-align: justify;\"><strong>La primera secuencia que conocimos p\u00fablicamente de los merecid\u00edsimos homenajes ofrecidos al Excmo. Sr. D.\u00a0 Hans- Diter Wienberg, fue el 23 de mayo de 2016 celebrado en El Rectorado de la Universidad de M\u00e1laga, con motivo de su investidura como Doctor Honoris Causa. <\/strong><\/p>\n<p style=\"text-align: justify;\"><strong>\u00a0\u00a0\u00a0\u00a0\u00a0 Y seguidamente, con fecha 10 de marzo de 2017 el Excmo. Ayuntamiento de Algarrobo (M\u00e1laga) le adjudic\u00f3 una calle importante a su nombre que daba acceso a La Mayora, y cuya calle vio pasar\u00a0 al Dr. Wienberg\u00a0 hace 55 a\u00f1os,\u00a0 d\u00eda a d\u00eda,\u00a0 para desarrollar su trabajo de investigaci\u00f3n a favor de la agricultura andaluza, desde su puesto de mando como director\u00a0 de la Estaci\u00f3n Experimental La Mayora de Algarrobo (M\u00e1laga). <\/strong><\/p>\n<p style=\"text-align: justify;\"><strong>\u00a0\u00a0\u00a0\u00a0\u00a0 Todo ello, por mor\u00a0 de los excepcionales m\u00e9ritos que concurr\u00edan en su persona, habida cuenta del impacto que hab\u00eda\u00a0 tenido su trabajo en\u00a0 M\u00e1laga y Andaluc\u00eda en general. Porque la historia del Dr. Wienberg, es la historia de una visi\u00f3n hecha realidad a base\u00a0 de esfuerzo y trabajo duro, y representa\u00a0 un ejemplo\u00a0 excepcional de la importancia que tiene la ciencia para el desarrollo y el progreso de la sociedad. <\/strong><\/p>\n<p style=\"text-align: justify;\"><strong>\u00a0\u00a0\u00a0\u00a0\u00a0 En su empe\u00f1o por crear en Espa\u00f1a una \u201cCalifornia europea\u201d, en el a\u00f1o 1961 a trav\u00e9s de la colaboraci\u00f3n del Consejo Superior de Investigaciones Cient\u00edficas y el gobierno alem\u00e1n, se cre\u00f3\u00a0 un centro de investigaci\u00f3n experimental en una finca de\u00a0 Algarrobo Costa denominado \u00a0La Mayora. Fue nombrado\u00a0 director y en los diecis\u00e9is a\u00f1os que permaneci\u00f3 al frente de la direcci\u00f3n se realizaron, gracias al trabajo de investigaci\u00f3n y desarrollo, extraordinarias aportaciones que hoy vienen dando trabajo\u00a0 directo a miles\u00a0 de personas, generando beneficios anuales que ascienden a mil millones de euros, \u00a0principalmente en las provincias de M\u00e1laga, Granada y Huelva.<\/strong><\/p>\n<p style=\"text-align: justify;\"><a href=\"http:\/\/granadacostanacional.es\/wp-content\/uploads\/2019\/05\/DSC_0271.jpg\"><img decoding=\"async\" loading=\"lazy\" class=\"aligncenter size-large wp-image-20794\" src=\"http:\/\/granadacostanacional.es\/wp-content\/uploads\/2019\/05\/DSC_0271-1024x669.jpg\" alt=\"DSC_0271\" width=\"1024\" height=\"669\" \/><\/a><\/p>\n<p style=\"text-align: justify;\"><strong>\u00a0\u00a0\u00a0\u00a0\u00a0 Entre sus aportaciones, cabe destacar por su impacto socioecon\u00f3mico la introducci\u00f3n y desarrollo de los cultivos de fres\u00f3n y entre los\u00a0 tropicales, de manera especial el aguacate.<\/strong><\/p>\n<p style=\"text-align: justify;\"><strong>\u00a0\u00a0\u00a0\u00a0\u00a0 El cultivo de fres\u00f3n se inicia en La Mayora, \u00a0tras una estancia de estudio que durante mes y medio el Dr. Wienberg realiz\u00f3 en \u00a0la Universidad de California Davis y de donde import\u00f3\u00a0 las variedades Tioga, Fresno y Solano de temprana estaci\u00f3n, lleg\u00e1ndose a producir 400 toneladas anuales en la finca. El \u00e9xito fue de tal calibre, que los campos de\u00a0 la Axarqu\u00eda cambiaron su paisaje tradicional de patatas y hortalizas tempranas, por el color rojo y brillante del fres\u00f3n que tanto enriquecieron a la agricultura, y que llenaron\u00a0 las bodegas de los aviones con cientos de toneladas de fruto\u00a0 con destino a Europa.<\/strong><\/p>\n<p style=\"text-align: justify;\"><a href=\"http:\/\/granadacostanacional.es\/wp-content\/uploads\/2019\/05\/DSC_0267.jpg\"><img decoding=\"async\" loading=\"lazy\" class=\"aligncenter size-large wp-image-20795\" src=\"http:\/\/granadacostanacional.es\/wp-content\/uploads\/2019\/05\/DSC_0267-1024x702.jpg\" alt=\"DSC_0267\" width=\"1024\" height=\"702\" \/><\/a><\/p>\n<p style=\"text-align: justify;\"><strong>\u00a0\u00a0\u00a0\u00a0\u00a0 Entre tanto,\u00a0 y de forma paralela, el Dr. Wienberg\u00a0 mantuvo ensayos similares en la provincia de\u00a0 Huelva bajo su directa supervisi\u00f3n y\u00a0 asesoramiento con el personal t\u00e9cnico de La Mayora, y arraig\u00f3 de forma tan espectacular en aquellos pueblos de Huelva, con\u00a0 unas condiciones de clima y suelos excepcionales, que convirtieron a Espa\u00f1a en el mayor productor y exportador europeo de fres\u00f3n, \u00a0cuya situaci\u00f3n\u00a0 se mantiene en nuestros d\u00edas.<\/strong><\/p>\n<p style=\"text-align: justify;\"><strong>\u00a0\u00a0\u00a0\u00a0\u00a0 En el a\u00f1o 1965\u00a0 conoc\u00ed al Dr. Wienberg en Madrid,\u00a0 durante una visita que\u00a0 formul\u00f3 a la fruter\u00eda de lujo que Casa Juli\u00e1n ten\u00eda en la calle Hortaleza 120, donde los escaparates llamaban la atenci\u00f3n, no s\u00f3lo por su espectacular decoraci\u00f3n, sino por la variedad de frutos tropicales tra\u00eddos de las islas Canarias, aguacate y mango especialmente, as\u00ed como el\u00a0 fres\u00f3n de dichas islas\u00a0 a partir del mes de diciembre hasta bien avanzada la primavera.\u00a0 Por aquel\u00a0 entonces dispon\u00edamos de la variedad inglesa \u201cFavorite\u201d, cultivada en Gran Canaria por Mr. David Leacock, propietario de una gran finca de pl\u00e1tanos en el municipio de Gu\u00eda,\u00a0 que produc\u00eda\u00a0 una calidad excepcional\u00a0 de fres\u00f3n en los meses de invierno, aprovechando el clima templado de aquella isla. La Cooperativa Freteco de Tenerife nos suministraba tambi\u00e9n en las mismas fechas.<\/strong><\/p>\n<p style=\"text-align: justify;\"><strong>\u00a0\u00a0\u00a0\u00a0\u00a0 Diter Wienberg cambi\u00f3 impresiones conmigo, sobre las\u00a0 posibilidades de venta en Europa durante la primavera, con fres\u00f3n\u00a0 procedente de M\u00e1laga,\u00a0 con\u00a0 variedades tempranas que \u00e9l conoc\u00eda y\u00a0 que pod\u00eda\u00a0\u00a0 importar de California. Y analizando su idea sobre\u00a0 las posibilidades del fruto en una \u00e9poca primaveral, que se anticipaba tres meses a los cultivos tradicionales de otras regiones espa\u00f1olas, estimamos que podr\u00eda ser un \u00e9xito,\u00a0 y el Dr. Wienberg se dispuso a tomar rumbo a California. Al siguiente a\u00f1o, los fresones producidos en La Estaci\u00f3n Experimental La Mayora,\u00a0 por iniciativa personal del Dr. Wienberg causaron sensaci\u00f3n en Europa.<\/strong><\/p>\n<p style=\"text-align: justify;\"><strong>\u00a0<\/strong><\/p>\n<p style=\"text-align: justify;\"><strong>A continuaci\u00f3n, iniciamos la siguiente entrevista:<\/strong><\/p>\n<p style=\"text-align: justify;\">\n<p style=\"text-align: justify;\"><strong>&#8212;Doctor Wienberg, de tantas iniciativas, viajes, estudios, condecoraciones y reconocimientos como ha tenido a lo largo de su historia, \u00a0\u00bfcu\u00e1l de ellos mantiene en su memoria de manera especial?<\/strong><\/p>\n<p style=\"text-align: justify;\">Nunca olvidar\u00e9 tantos regalos recibidos, \u00a0y si lo comparo con el trabajo que realic\u00e9 en las embajadas de \u00a0Madrid, Portugal e Italia, todo qued\u00f3 escrito en los papeles de ellas. Pero en \u00a0la Mayora puede verse lo que \u00a0hemos hecho cada d\u00eda \u00a0y lo que se sigue haciendo, \u00a0porque el equipo que dej\u00e9 \u00a0est\u00e1 trabajando muy bien, perfectamente \u00a0bien. \u00a0Para m\u00ed, puedo decir, que el trabajo en La Mayora ha sido \u00a0lo mejor que hice en mi vida.<\/p>\n<p style=\"text-align: justify;\"><strong>&#8212;De su estancia en La Mayora, \u00bfqu\u00e9 recuerdo mantiene en su mente como el m\u00e1s importante de cuantos le acontecieron?<\/strong><\/p>\n<p style=\"text-align: justify;\">La introducci\u00f3n del fres\u00f3n ha tenido un \u00e9xito incre\u00edble: en Huelva hay 7.500 hect\u00e1reas y dicha \u00a0producci\u00f3n alcanza unos ingresos adicionales, \u00a0s\u00f3lo en Huelva, de m\u00e1s de 500 millones de euros anuales.<\/p>\n<p style=\"text-align: justify;\"><strong>&#8212;De sus diversas actividades investigadas en la Estaci\u00f3n Experimental, (verduras, fres\u00f3n, aguacates etc.)\u00a0 \u00bfcu\u00e1l de ellas le proporcionaron mayor satisfacci\u00f3n?<\/strong><\/p>\n<p style=\"text-align: justify;\">Sin duda alguna el fres\u00f3n, pero despu\u00e9s tambi\u00e9n el aguacate. Yo vi los cultivos de California entre \u00a0Los \u00c1ngeles y San Diego, donde hay miles y miles de hect\u00e1reas, y \u00a0pens\u00e9 de \u00a0su cultivo en \u00a0Espa\u00f1a. Consegu\u00ed una beca \u00a0para un colaborador de La Mayora, Sr. Farr\u00e9,\u00a0 quien estuvo un a\u00f1o en California e hizo una labor fant\u00e1stica. Fruto de ello, actualmente \u00a0tenemos cerca de 10.000 \u00a0hect\u00e1reas en Espa\u00f1a.<\/p>\n<p style=\"text-align: justify;\"><strong>&#8212;\u00bfDe sus muchos proyectos de investigaci\u00f3n, \u00bfrecuerda con a\u00f1oranza alguno del que no tuvo el resultado deseado?<\/strong><\/p>\n<p style=\"text-align: justify;\">Al iniciarme en La Mayora \u00a0nunca hab\u00eda pensado en el fres\u00f3n,\u00a0 y el aguacate no lo conoc\u00eda. Por ello inici\u00e9 mi trabajo con las hortalizas, y \u00a0la patata temprana, \u00a0jud\u00edas sin hebra, tomate etc. \u00a0que se produc\u00edan en la Axarqu\u00eda, esperando poder mejorar los cultivos, pero enseguida me di cuenta \u00a0de que los invernaderos de Almer\u00eda crec\u00edan imparables con nuevas variedades, \u00a0\u00a0y, por otro lado, el turismo aumentaba y se instalaban nuevas construcciones en la costa, \u00a0y por ello busqu\u00e9 otro futuro y empec\u00e9 con el fres\u00f3n.<\/p>\n<p style=\"text-align: justify;\"><a href=\"http:\/\/granadacostanacional.es\/wp-content\/uploads\/2019\/05\/DSC_0266.jpg\"><img decoding=\"async\" loading=\"lazy\" class=\"aligncenter size-large wp-image-20796\" src=\"http:\/\/granadacostanacional.es\/wp-content\/uploads\/2019\/05\/DSC_0266-1024x655.jpg\" alt=\"DSC_0266\" width=\"1024\" height=\"655\" \/><\/a><\/p>\n<p style=\"text-align: justify;\"><strong>&#8212;Yo tuve el privilegio de encontrarme en Canarias con Wilson Popenoe, \u00a0cuando buscaba huesos de aguacate para traerlos a la pen\u00ednsula, porque estaba prohibida la importaci\u00f3n. \u00bfLleg\u00f3 Ud. a\u00a0 entrevistarse con dicho personaje, que fue el\u00a0 magnate de\u00a0 los cultivos tropicales en Am\u00e9rica?<\/strong><\/p>\n<p style=\"text-align: justify;\">Pues no tuve ocasi\u00f3n y bien que lo siento. Yo hab\u00eda o\u00eddo hablar de dicho personaje, pero nunca coincid\u00ed con \u00e9l.<\/p>\n<p style=\"text-align: justify;\"><strong>&#8212;Huelva termin\u00f3 con el\u00a0 fres\u00f3n malague\u00f1o que con tanto \u00e9xito Ud. hab\u00eda introducido. Y fue mi\u00a0 tambi\u00e9n amigo\u00a0 Antonio Medina\u00a0 (finca Las Madres), \u00a0quien asesorado por Ud. puso la primera plantaci\u00f3n de Huelva. \u00bfSe arrepinti\u00f3 de haber ayudado a tan gran competidor?<\/strong><\/p>\n<p style=\"text-align: justify;\">Nunca, en absoluto. Nunca. Era la obligaci\u00f3n de La Mayora extender el cultivo en Espa\u00f1a en general y Andaluc\u00eda en particular,\u00a0 y Antonio Medina hombre muy activo me visit\u00f3 varias veces en la Estaci\u00f3n, me pidi\u00f3 que fuera a su finca y lo hice con alg\u00fan colaborador m\u00edo, y siguiendo nuestros consejos, \u00e9l realiz\u00f3 un buen trabajo. Y tal como Ud. dice, \u00a0fue el primero que plant\u00f3 en Huelva. Pero tengo que a\u00f1adir, que jam\u00e1s le escuch\u00e9 decir que su fres\u00f3n hab\u00eda venido de La Mayora y de nuestra colaboraci\u00f3n. Cosa que me ha sorprendido mucho.<\/p>\n<p style=\"text-align: justify;\"><strong>&#8212;Dr. Wienberg, en su larga vida profesional,\u00a0 ha ocupado cargos importantes en diversos pa\u00edses, (Alemania, Espa\u00f1a, Portugal, Italia etc.) \u00a0\u00bfEn cu\u00e1l de ellos se ha sentido m\u00e1s a gusto?\u00a0 <\/strong><\/p>\n<p style=\"text-align: justify;\">En Espa\u00f1a sin duda alguna. He pasado 56 a\u00f1os y es mi segunda tierra;\u00a0 tengo un hijo que ha cambiado su nacionalidad y est\u00e1 casado con una m\u00e9dica de Pamplona; tengo un nieto y \u00a0una nieta \u00a0hijos \u00a0de espa\u00f1oles, y\u00a0 mi vida en Espa\u00f1a es mucho m\u00e1s intensa que con Portugal o Italia.<\/p>\n<p style=\"text-align: justify;\"><strong>&#8212;Ahora se encuentra Ud. descansando con su esposa en la bella localidad de Baden-Baden de su Alemania natal. \u00bfRecuerda con a\u00f1oranza sus d\u00edas de estancia en Andaluc\u00eda? <\/strong><\/p>\n<p style=\"text-align: justify;\">Claro que s\u00ed. \u00a0Porque \u00a0en los \u00faltimos a\u00f1os despu\u00e9s de entrar en la \u00faltima fase de mi vida de retirado, hemos pasado los inviernos\u00a0 mi esposa y yo aqu\u00ed \u00a0en Marbella y \u00a0antes en Benalm\u00e1dena, \u00a0y el resto del a\u00f1o, una\u00a0 parte de los veranos en Alemania.<\/p>\n<p style=\"text-align: justify;\">&#8212; <strong>\u00bfY<\/strong> <strong>por qu\u00e9 precisamente se ubic\u00f3 en \u00a0Marbella, y hasta compr\u00f3 una vivienda? <\/strong><\/p>\n<p style=\"text-align: justify;\">Es una ciudad que ofrece \u00a0todo. Tiene un clima inmejorable; tiene un paseo mar\u00edtimo envidiable; un nivel cultural mayor que en otros lugares.\u00a0 Me encanta su gente \u00a0y el turismo multinacional que disfruta, \u00a0con el que hice relaciones muy interesantes,\u00a0 como asociarme a Rotary Internacional que me ha permitido \u00a0hacer amigos por todas partes.<\/p>\n<p style=\"text-align: justify;\"><strong>&#8212;Est\u00e1 entre sus planes matrimoniales\u00a0 venir a visitarnos en la primavera actual \u00a0y poder compartir alguna jornada en el Hotel La\u00a0 Vi\u00f1uela que tanto le impact\u00f3 por su belleza en la \u00faltima ocasi\u00f3n que estuvimos juntos?<\/strong><\/p>\n<p style=\"text-align: justify;\">Juli\u00e1n, \u00a0no debe olvidar que tengo 90 a\u00f1os y los viajes en avi\u00f3n cada d\u00eda me molestan m\u00e1s, y precisamente por ello acabo de vender mi casa de Marbella. Era demasiado trabajo para mi mujer tener que atender dos casas. Pero tenemos intenci\u00f3n de volver tantas \u00a0veces como podamos en el tiempo que me queda\u2026 Ya me gustar\u00eda, claro, pero tengo que contar con que la edad me lo permita. Recuerdo ese delicioso d\u00eda que pas\u00e9 con Ud. en la Vi\u00f1uela, con aquel paisaje del pantano y los preciosos jardines de hotel, donde mi esposa y mis amigos disfrutamos de la estancia.<\/p>\n<p style=\"text-align: justify;\"><strong>&#8212;Aqu\u00ed nos acompa\u00f1a Antonio G\u00f3mez Barcina, que le sucedi\u00f3 como director en La Mayora, y\u00a0 que ha venido expresamente desde Granada donde reside, \u00a0para encontrarse con Ud. \u00bfCu\u00e1nto tiempo hace que no se ve\u00edan? <\/strong><\/p>\n<p style=\"text-align: justify;\">A Antonio creo que le vi en el a\u00f1o 88\/ 89 cuando yo trabajaba en Roma, en la Embajada alemana de Italia como Agregado Comercial.<\/p>\n<p style=\"text-align: justify;\"><strong>&#8212;Sus colaboradores y amigos de La Mayora,\u00a0 Farr\u00e9, Hermoso, Cuartero y dem\u00e1s, que saben de nuestra relaci\u00f3n, me preguntan mucho por Ud. y me encargan que le remita el abrazo de todos ellos\u2026<\/strong><\/p>\n<p style=\"text-align: justify;\">Siento mucha alegr\u00eda al escucharlo,\u00a0 y le ruego que\u00a0 les trasmita mi recuerdo y afectuoso saludo.<\/p>\n<p style=\"text-align: justify;\"><strong>&#8212;Creo recordar que hab\u00eda un tema de nuestro vecino \u00a0Portugal,\u00a0 que Ud. lament\u00f3 mucho porque no se llegaron a cumplir sus deseos. \u00bfPuede\u00a0 decirme ahora de qu\u00e9 se trataba ? <\/strong><\/p>\n<p style=\"text-align: justify;\">Pues s\u00ed, se lo dir\u00e9. Al marcharme de La Mayora tuve la idea de que en Portugal pod\u00eda hacer algo interesante. Y consegu\u00ed\u00a0 que\u00a0 Alemania hiciera un convenio con\u00a0 Portugal\u00a0 para\u00a0 crear all\u00ed\u00a0 una\u00a0 segunda Mayora.\u00a0 El presidente de Portugal General Eanes, \u00a0se interes\u00f3 mucho por ello, pero lamentablemente ces\u00f3 de su cargo y los siguientes presidentes se desinteresaron del Proyecto y tuvimos que zanjarlo.<\/p>\n<p style=\"text-align: justify;\"><a href=\"http:\/\/granadacostanacional.es\/wp-content\/uploads\/2019\/05\/DSC_0257.jpg\"><img decoding=\"async\" loading=\"lazy\" class=\"aligncenter size-large wp-image-20797\" src=\"http:\/\/granadacostanacional.es\/wp-content\/uploads\/2019\/05\/DSC_0257-1024x767.jpg\" alt=\"DSC_0257\" width=\"1024\" height=\"767\" \/><\/a><\/p>\n<p style=\"text-align: justify;\"><strong>&#8212;Quisiera preguntarle, \u00bftiene alguna cuesti\u00f3n interesante que debamos exponer, y \u00a0que podamos \u00a0recoger en la \u00a0presente entrevista?<\/strong><\/p>\n<p style=\"text-align: justify;\">Pues s\u00ed, me \u00a0falta mencionar a dos personalidades sin cuya intervenci\u00f3n no hubiera sido posible realizar la presente entrevista:\u00a0 el \u00a0entonces Secretario General de Investigaci\u00f3n del Consejo Superior de Investigaciones Cient\u00edficas, \u00a0profesor Jos\u00e9 Mar\u00eda Albareda \u00a0y el Profesor de \u00a0Econom\u00eda Mundial de Alemania en Kiel, Profesor Friz Bade, porque sin ellos dos no hubiera podido conseguir el \u00a0trabajo en La Mayora.<\/p>\n<p style=\"text-align: justify;\">&#8212;<strong>Y aqu\u00ed damos por terminada la entrevista a un gran investigador y excepcional amigo, al que deseo muchos a\u00f1os de salud y\u00a0 felicidad como ahora disfruta en Baden-Baden rodeado de su esposa y familia. \u00a1\u00a1Hasta pronto, amigo Wienberg!!<\/strong><\/p>\n<p style=\"text-align: justify;\">Muchas gracias amigo Juli\u00e1n por esta entrevista\u2026<\/p>\n<p style=\"text-align: justify;\"><a href=\"http:\/\/granadacostanacional.es\/wp-content\/uploads\/2019\/05\/DSC_0264.jpg\"><img decoding=\"async\" loading=\"lazy\" class=\"aligncenter size-large wp-image-20798\" src=\"http:\/\/granadacostanacional.es\/wp-content\/uploads\/2019\/05\/DSC_0264-1024x708.jpg\" alt=\"DSC_0264\" width=\"1024\" height=\"708\" \/><\/a><\/p>\n<p style=\"text-align: right;\"><strong>Juli\u00e1n D\u00edaz Robledo<\/strong><\/p>\n","protected":false},"excerpt":{"rendered":"<p>La primera secuencia que conocimos p\u00fablicamente de los merecid\u00edsimos homenajes ofrecidos al Excmo. Sr. D.\u00a0 Hans- Diter Wienberg, fue el&hellip;<\/p>\n","protected":false},"author":2,"featured_media":20799,"comment_status":"open","ping_status":"open","sticky":false,"template":"","format":"standard","meta":{"om_disable_all_campaigns":false,"_mi_skip_tracking":false,"_monsterinsights_sitenote_active":false,"_monsterinsights_sitenote_note":"","_monsterinsights_sitenote_category":0,"footnotes":""},"categories":[21,30],"tags":[],"aioseo_notices":[],"_links":{"self":[{"href":"https:\/\/granadacostaglobal.es\/index.php?rest_route=\/wp\/v2\/posts\/20793"}],"collection":[{"href":"https:\/\/granadacostaglobal.es\/index.php?rest_route=\/wp\/v2\/posts"}],"about":[{"href":"https:\/\/granadacostaglobal.es\/index.php?rest_route=\/wp\/v2\/types\/post"}],"author":[{"embeddable":true,"href":"https:\/\/granadacostaglobal.es\/index.php?rest_route=\/wp\/v2\/users\/2"}],"replies":[{"embeddable":true,"href":"https:\/\/granadacostaglobal.es\/index.php?rest_route=%2Fwp%2Fv2%2Fcomments&post=20793"}],"version-history":[{"count":0,"href":"https:\/\/granadacostaglobal.es\/index.php?rest_route=\/wp\/v2\/posts\/20793\/revisions"}],"wp:featuredmedia":[{"embeddable":true,"href":"https:\/\/granadacostaglobal.es\/index.php?rest_route=\/"}],"wp:attachment":[{"href":"https:\/\/granadacostaglobal.es\/index.php?rest_route=%2Fwp%2Fv2%2Fmedia&parent=20793"}],"wp:term":[{"taxonomy":"category","embeddable":true,"href":"https:\/\/granadacostaglobal.es\/index.php?rest_route=%2Fwp%2Fv2%2Fcategories&post=20793"},{"taxonomy":"post_tag","embeddable":true,"href":"https:\/\/granadacostaglobal.es\/index.php?rest_route=%2Fwp%2Fv2%2Ftags&post=20793"}],"curies":[{"name":"wp","href":"https:\/\/api.w.org\/{rel}","templated":true}]}}