{"id":20750,"date":"2019-05-03T12:16:47","date_gmt":"2019-05-03T12:16:47","guid":{"rendered":"http:\/\/granadacostanacional.es\/?p=20750"},"modified":"2019-05-03T12:16:47","modified_gmt":"2019-05-03T12:16:47","slug":"invitacion-a-la-presentacion-del-libro-un-paseo-por-molvizar-y-a-las-rutas-pictoricas-granada-costa","status":"publish","type":"post","link":"https:\/\/granadacostaglobal.es\/?p=20750","title":{"rendered":"Invitaci\u00f3n a la presentaci\u00f3n del libro Un Paseo por Molv\u00edzar y a las Rutas Pict\u00f3ricas Granada Costa"},"content":{"rendered":"<p style=\"text-align: justify;\">El Proyecto Nacional de Cultura Granada Costa invita a todos los compa\u00f1eros, simpatizantes y personas que lo deseen a la exposici\u00f3n de pintura titulada \u201cRutas pict\u00f3ricas Granada Costa\u201d de m\u00e1s de 40 obras de arte, todas pertenecientes a artistas de Granada Costa, y a la presentaci\u00f3n del libro con el t\u00edtulo \u201cUn Paseo por Molv\u00edzar\u201d de la autora Carmen Carrasco Ramos.<\/p>\n<p><a href=\"http:\/\/granadacostanacional.es\/wp-content\/uploads\/2019\/05\/IMG_20190401_112828.jpg\"><img decoding=\"async\" loading=\"lazy\" class=\"size-medium wp-image-20752 aligncenter\" src=\"http:\/\/granadacostanacional.es\/wp-content\/uploads\/2019\/05\/IMG_20190401_112828-245x300.jpg\" alt=\"bty\" width=\"245\" height=\"300\" \/><\/a><\/p>\n<p style=\"text-align: center;\">Obra de Chus Pineda<\/p>\n<p style=\"text-align: justify;\">Exposici\u00f3n m\u00e1s presentaci\u00f3n del libro en la Casa de la Cultura del Ayuntamiento de Molv\u00edzar, en la Calle Rioja n\u00ba 36 este pr\u00f3ximo domingo 5 de mayo a las 19:00 horas.<\/p>\n<p style=\"text-align: justify;\"><a href=\"http:\/\/granadacostanacional.es\/wp-content\/uploads\/2019\/05\/IMG-20190503-WA0000.jpg\"><img decoding=\"async\" loading=\"lazy\" class=\"aligncenter size-medium wp-image-20753\" src=\"http:\/\/granadacostanacional.es\/wp-content\/uploads\/2019\/05\/IMG-20190503-WA0000-300x216.jpg\" alt=\"IMG-20190503-WA0000\" width=\"300\" height=\"216\" \/><\/a><\/p>\n<p style=\"text-align: center;\">Obra de Merche Gonz\u00e1lez<\/p>\n<p style=\"text-align: justify;\">Los autores de la obra recibir\u00e1n diploma acreditativo de participaci\u00f3n en las Rutas Pict\u00f3ricas Granada Costa y la autora del libro, Do\u00f1a Carmen Carrasco Ramos estar\u00e1 encantada de firmar un ejemplar a todas aquellas personas que lo deseen.<\/p>\n<p style=\"text-align: justify;\"><a href=\"http:\/\/granadacostanacional.es\/wp-content\/uploads\/2019\/05\/IMG-20190503-WA0001.jpg\"><img decoding=\"async\" loading=\"lazy\" class=\"aligncenter size-medium wp-image-20754\" src=\"http:\/\/granadacostanacional.es\/wp-content\/uploads\/2019\/05\/IMG-20190503-WA0001-225x300.jpg\" alt=\"IMG-20190503-WA0001\" width=\"225\" height=\"300\" \/><\/a><\/p>\n<p style=\"text-align: center;\">Obra de Jos\u00e9 Jaime Capel<\/p>\n","protected":false},"excerpt":{"rendered":"<p>El Proyecto Nacional de Cultura Granada Costa invita a todos los compa\u00f1eros, simpatizantes y personas que lo deseen a la&hellip;<\/p>\n","protected":false},"author":3,"featured_media":20751,"comment_status":"open","ping_status":"open","sticky":false,"template":"","format":"standard","meta":{"om_disable_all_campaigns":false,"_mi_skip_tracking":false,"_monsterinsights_sitenote_active":false,"_monsterinsights_sitenote_note":"","_monsterinsights_sitenote_category":0,"footnotes":""},"categories":[21],"tags":[],"aioseo_notices":[],"_links":{"self":[{"href":"https:\/\/granadacostaglobal.es\/index.php?rest_route=\/wp\/v2\/posts\/20750"}],"collection":[{"href":"https:\/\/granadacostaglobal.es\/index.php?rest_route=\/wp\/v2\/posts"}],"about":[{"href":"https:\/\/granadacostaglobal.es\/index.php?rest_route=\/wp\/v2\/types\/post"}],"author":[{"embeddable":true,"href":"https:\/\/granadacostaglobal.es\/index.php?rest_route=\/wp\/v2\/users\/3"}],"replies":[{"embeddable":true,"href":"https:\/\/granadacostaglobal.es\/index.php?rest_route=%2Fwp%2Fv2%2Fcomments&post=20750"}],"version-history":[{"count":0,"href":"https:\/\/granadacostaglobal.es\/index.php?rest_route=\/wp\/v2\/posts\/20750\/revisions"}],"wp:featuredmedia":[{"embeddable":true,"href":"https:\/\/granadacostaglobal.es\/index.php?rest_route=\/"}],"wp:attachment":[{"href":"https:\/\/granadacostaglobal.es\/index.php?rest_route=%2Fwp%2Fv2%2Fmedia&parent=20750"}],"wp:term":[{"taxonomy":"category","embeddable":true,"href":"https:\/\/granadacostaglobal.es\/index.php?rest_route=%2Fwp%2Fv2%2Fcategories&post=20750"},{"taxonomy":"post_tag","embeddable":true,"href":"https:\/\/granadacostaglobal.es\/index.php?rest_route=%2Fwp%2Fv2%2Ftags&post=20750"}],"curies":[{"name":"wp","href":"https:\/\/api.w.org\/{rel}","templated":true}]}}