{"id":2074,"date":"2015-07-22T14:24:57","date_gmt":"2015-07-22T14:24:57","guid":{"rendered":"http:\/\/granadacosta.es\/?p=2074"},"modified":"2015-07-22T14:24:57","modified_gmt":"2015-07-22T14:24:57","slug":"dos-mujeres-emblematicas-de-la-musica-actual-dulce-pontes-y-solea-morente-capitalizan-la-24-edicion-del-festival-tendencias-de-salobrena","status":"publish","type":"post","link":"https:\/\/granadacostaglobal.es\/?p=2074","title":{"rendered":"Dos mujeres emblem\u00e1ticas de la m\u00fasica actual, Dulce Pontes y Sole\u00e1 Morente, capitalizan la 24 edici\u00f3n del Festival Tendencias de Salobre\u00f1a"},"content":{"rendered":"<p>El fado y el \u201cflamenco rockero\u201d con voces de mujeres centrar\u00e1n los principales espect\u00e1culos de la edici\u00f3n del Festival Tendencias que acoge la localidad costera de Salobre\u00f1a en su 24 edici\u00f3n. Dulce Pontes, ofrece en este entorno su \u00fanico concierto en Andaluc\u00eda, el 7 de agosto. Por su parte la cantaora con Sole\u00e1 Morente con la obra Mater Lux sit\u00faa el otro hito importante de este festival caracterizado por su ecl\u00e9ctica oferta cultural.<\/p>\n<p>&nbsp;<\/p>\n<p>La diputada provincial de Cultura que se estrenaba en esta cita, F\u00e1tima G\u00f3mez Abad, ha asegurado estar muy satisfecha de \u201capoyar tendencias musicales que abrazan las m\u00fasicas menos convencionales y a la vez dan cabida a artistas con una trayectoria consolidada\u201d<\/p>\n<p>&nbsp;<\/p>\n<p>El Festival Tendencias, que se celebra cada primero de agosto en la localidad costera granadina de Salobre\u00f1a, cumple nada menos que su edici\u00f3n 24 y lo hace apostando por la calidad y la coherencia en su l\u00ednea por apoyar las tendencias musicales menos tradicionales. En esta ocasi\u00f3n la cita ser\u00e1 entre el 3 y el 7 de agosto.<\/p>\n<p>&nbsp;<\/p>\n<p>La Concejal de Cultura salobre\u00f1era, Bel\u00e9n S\u00e1nchez Aparicio, ha apuntado que este festival \u201ces un referente cultural de la cultura en la Costa Granadina, es una cita imprescindible para los amantes de la exquisitez cultural, lo que sumado a la estampa que ofrece Salobre\u00f1a lo convierte en una cita \u00fanica\u201d<\/p>\n<p>&nbsp;<\/p>\n<p>Una de las singularidades del festival es su empe\u00f1o en programar artistas nacionales e internacionales de reconocida trayectoria como es en esta ocasi\u00f3n la de la portuguesa Dulces Pontes que actuar\u00e1 el viernes 7 de agosto en la Explanada del Pabell\u00f3n Cubierto (Polideportivo Municipal). La cantante har\u00e1 un repaso de las canciones m\u00e1s queridas de su repertorio y adelantar\u00e1 temas de su nuevo disco \u201cPeregrinaje\u201d, que se editar\u00e1 en septiembre.<\/p>\n<p>&nbsp;<\/p>\n<p>Por su parte Sole\u00e1 Morente, se ha mostrado \u201cmuy orgullosa de participar en un proyecto maravilloso como es el festival Tendencias de Salobre\u00f1a. Doy las gracias por apostar por la cultura y las nuevas tendencias. El desarrollo de la cultura y nos orienta, nos dice de d\u00f3nde venimos y a d\u00f3nde vamos\u201d<\/p>\n<p><img decoding=\"async\" loading=\"lazy\" class=\"aligncenter size-large wp-image-2076\" src=\"http:\/\/granadacosta.es\/wp-content\/uploads\/2015\/07\/FestivalTendeciasSalobre\u00f1a_1-1024x683.jpg\" alt=\"FestivalTendeciasSalobre\u00f1a_1\" width=\"1024\" height=\"683\" \/><\/p>\n<p>La cantaora granadina es la voz de Mater Lux, Cantata para Coro y Cantaora que ha creado el m\u00fasico y periodista Jes\u00fas Arias, dirigida por el music\u00f3logo Jorge Rodr\u00edguez Moratadonde adem\u00e1s de la voz de Sole\u00e1 Morente tambi\u00e9n se integra la percusi\u00f3n Eric Jim\u00e9nez y a las voces el trabajo constante del Coro Canticum Novum. La actuaci\u00f3n de esta particular Cantata ser\u00e1 el jueves 6 de agosto en el Auditorio Mart\u00edn Recuerda.<\/p>\n<p>&nbsp;<\/p>\n<p>El festival se inaugurar\u00e1 el lunes 3 de agosto con la Exposici\u00f3n\u00a0 y Conferencia Performativa \u201cDiario Nocturno\u201d, de Francisco Villalobos Santos. Abierta hasta el 13 de agosto.<\/p>\n<p>El martes d\u00eda 4 de agosto se le da protagonismo a la palabra, a la Conferencia con la charla en exclusiva del veterano periodista y locutor, Javier Gallego (Carne Cruda), que ofrecer\u00e1 una\u00a0 revisi\u00f3n musical muy personal titulada \u201cDiscos que cambian el\u00a0 mundo\u201d, conducida por Francisco Jos\u00e9 P\u00e9rez. Ser\u00e1 en C\/ Puerta Villa a las 22.00h.<\/p>\n<p>&nbsp;<\/p>\n<p>El mi\u00e9rcoles 5 de agosto el cine domina la gran pantalla con la proyecci\u00f3n del documental musical \u201cMontage Of Heck\u201d dirigido por Brett Morgen e inspirado en la vida de uno de los m\u00fasicos m\u00e1s controvertidos de los 90, Kurt Cobain, vocalista de Nirvana. Cine Ca\u00f1averal-Playa. 22.00h<\/p>\n<p>&nbsp;<\/p>\n<p>El presupuesto del festival Tendencias es de 35.000 \u20ac financiados a partes iguales por el Ayuntamiento de Salobre\u00f1a y la Diputaci\u00f3n de Granada<\/p>\n<p>&nbsp;<\/p>\n<p><a href=\"http:\/\/granadacosta.es\/wp-content\/uploads\/2015\/07\/FestivalTendeciasSalobre\u00f1a_3.jpg\"><img decoding=\"async\" loading=\"lazy\" class=\"aligncenter size-large wp-image-2077\" src=\"http:\/\/granadacosta.es\/wp-content\/uploads\/2015\/07\/FestivalTendeciasSalobre\u00f1a_3-1024x705.jpg\" alt=\"FestivalTendeciasSalobre\u00f1a_3\" width=\"1024\" height=\"705\" \/><\/a><\/p>\n","protected":false},"excerpt":{"rendered":"<p>El fado y el \u201cflamenco rockero\u201d con voces de mujeres centrar\u00e1n los principales espect\u00e1culos de la edici\u00f3n del Festival Tendencias&hellip;<\/p>\n","protected":false},"author":2,"featured_media":2075,"comment_status":"open","ping_status":"open","sticky":false,"template":"","format":"standard","meta":{"om_disable_all_campaigns":false,"_mi_skip_tracking":false,"_monsterinsights_sitenote_active":false,"_monsterinsights_sitenote_note":"","_monsterinsights_sitenote_category":0,"footnotes":""},"categories":[21],"tags":[],"aioseo_notices":[],"_links":{"self":[{"href":"https:\/\/granadacostaglobal.es\/index.php?rest_route=\/wp\/v2\/posts\/2074"}],"collection":[{"href":"https:\/\/granadacostaglobal.es\/index.php?rest_route=\/wp\/v2\/posts"}],"about":[{"href":"https:\/\/granadacostaglobal.es\/index.php?rest_route=\/wp\/v2\/types\/post"}],"author":[{"embeddable":true,"href":"https:\/\/granadacostaglobal.es\/index.php?rest_route=\/wp\/v2\/users\/2"}],"replies":[{"embeddable":true,"href":"https:\/\/granadacostaglobal.es\/index.php?rest_route=%2Fwp%2Fv2%2Fcomments&post=2074"}],"version-history":[{"count":0,"href":"https:\/\/granadacostaglobal.es\/index.php?rest_route=\/wp\/v2\/posts\/2074\/revisions"}],"wp:featuredmedia":[{"embeddable":true,"href":"https:\/\/granadacostaglobal.es\/index.php?rest_route=\/"}],"wp:attachment":[{"href":"https:\/\/granadacostaglobal.es\/index.php?rest_route=%2Fwp%2Fv2%2Fmedia&parent=2074"}],"wp:term":[{"taxonomy":"category","embeddable":true,"href":"https:\/\/granadacostaglobal.es\/index.php?rest_route=%2Fwp%2Fv2%2Fcategories&post=2074"},{"taxonomy":"post_tag","embeddable":true,"href":"https:\/\/granadacostaglobal.es\/index.php?rest_route=%2Fwp%2Fv2%2Ftags&post=2074"}],"curies":[{"name":"wp","href":"https:\/\/api.w.org\/{rel}","templated":true}]}}