{"id":2070,"date":"2015-07-21T14:57:01","date_gmt":"2015-07-21T14:57:01","guid":{"rendered":"http:\/\/granadacosta.es\/?p=2070"},"modified":"2015-07-21T14:57:01","modified_gmt":"2015-07-21T14:57:01","slug":"emergencias-112-en-granada-gestiona-mas-de-31-400-emergencias-en-el-primer-semestre-del-ano-un-825-mas-que-el-ano-pasado","status":"publish","type":"post","link":"https:\/\/granadacostaglobal.es\/?p=2070","title":{"rendered":"Emergencias 112 en Granada gestiona m\u00e1s de 31.400 emergencias en el primer semestre del a\u00f1o, un 8,25% m\u00e1s que el a\u00f1o pasado"},"content":{"rendered":"<p>La delegada del Gobierno andaluz ha ofrecido unos consejos y pautas frente al calor e incendios forestales para disfrutar de un verano seguro<\/p>\n<p>&nbsp;<\/p>\n<p>El servicio Emergencias 112 Andaluc\u00eda, adscrito a la Consejer\u00eda de Justicia e Interior de la Junta, ha coordinado un total de 31.475 emergencias en Granada durante el primer semestre del a\u00f1o 2015, lo que supone un incremento del 8,25% m\u00e1s que en el mismo periodo del a\u00f1o pasado.<\/p>\n<p>&nbsp;<\/p>\n<p>Como ha subrayado la delegada del Gobierno andaluz en Granada, Sandra Garc\u00eda, en la presentaci\u00f3n del balance semestral, esto demuestra la confianza que los ciudadanos depositan en el 112 como servicio de referencia en el \u00e1mbito de las emergencias. \u201cEmergencias Andaluc\u00eda se ha consolidado como el n\u00famero de cabecera de todos los granadinos en situaciones de crisis o peligro\u201d, ha destacado Garc\u00eda quien ha subrayado los buenos resultados conseguidos por el servicio en las encuestas de satisfacci\u00f3n a los usuarios.<\/p>\n<p>&nbsp;<\/p>\n<p>Los principales motivos de aviso a 1-1-2 por parte de los granadinos han sido las asistencias sanitarias (15.296 incidencias) y los sucesos de seguridad ciudadana (4.441). El resto de avisos gestionados en el servicio de emergencias en la provincia\u00a0 en este periodo han estado relacionados con las incidencias de tr\u00e1fico (3.194), los accidentes de circulaci\u00f3n (1.915) y los incendios (1.712).\u00a0 Los dem\u00e1s se han repartido entre rescates y salvamentos o anomal\u00edas en servicios b\u00e1sicos, entre otras tipolog\u00edas.<\/p>\n<p>&nbsp;<\/p>\n<p>El mes de enero fue el que registr\u00f3 un mayor volumen de actividad en la sala del 1-1-2 de Granada, con 5.781 incidencias coordinadas y la franja horaria en la que se concentra un mayor n\u00famero de sucesos es la comprendida entre las\u00a0 20 y las 22 horas.<\/p>\n<p>&nbsp;<\/p>\n<p>En este sentido, la delegada Sandra Garc\u00eda ha elogiado la labor de todo el personal que trabaja en las salas de emergencias y ha recordado que el Tel\u00e9fono \u00danico de la Junta ha conseguido un sobresaliente en la atenci\u00f3n que realiza su personal y un notable alto en la gesti\u00f3n integral de las incidencias.\u201dSu labor es fundamental para la coordinaci\u00f3n entre todos los operativos implicados en la resoluci\u00f3n de las situaciones de peligro con un solo objetivo claro: dar al ciudadano una respuesta r\u00e1pida y eficaz\u201d, ha apostillado.<\/p>\n<p>&nbsp;<\/p>\n<p><strong>Consejos para un verano seguro<\/strong><\/p>\n<p>&nbsp;<\/p>\n<p>Por otra parte, la delegada ha querido recordar a la poblaci\u00f3n la importancia de seguir unas sencillas recomendaciones para afrontar de forma segura el verano, para el que ya se encuentra preparado el sistema 112 a fin de poder prestar soluciones a algunos de los riesgos y problemas propios de la \u00e9poca.<\/p>\n<p>&nbsp;<\/p>\n<p>As\u00ed, ha comenzado recalcando la importancia de alertar a trav\u00e9s del tel\u00e9fono 112 en caso de avistar alg\u00fan fuego o columna de humo que pueda originar alg\u00fan incendio forestal. La delegada ha hecho un llamamiento a la colaboraci\u00f3n ciudadana para luchar contra los incendios forestales, una de las causas m\u00e1s habituales de aviso al Tel\u00e9fono \u00danico de Emergencias 112 durante los meses de verano. \u201cEn el momento en que veamos la m\u00e1s m\u00ednima se\u00f1al de que pueda haber un incendio, tenemos que marcar r\u00e1pidamente el tel\u00e9fono 1-1-2 para ayudar a una r\u00e1pida intervenci\u00f3n ya que la alerta temprana es determinante para minimizar los da\u00f1os ocasionados por el fuego\u201d, ha expresado.<\/p>\n<p>&nbsp;<\/p>\n<p>Tambi\u00e9n ha hecho referencia a las altas temperaturas registradas en las \u00faltimas semanas y ha recordado que \u201chay que prestar especial atenci\u00f3n a la poblaci\u00f3n de riesgo: ni\u00f1os, ancianos y enfermos cr\u00f3nicos, porque son especialmente vulnerables a las altas temperaturas, ya que no suelen tener sensaci\u00f3n de sed\u201d. La delegada ha hecho un llamamiento a la prudencia, \u201chay que evitar los esfuerzos f\u00edsicos y la exposici\u00f3n al sol en las horas centrales del d\u00eda y en las viviendas, mantener las estancias frescas y ventiladas en la medida de lo posible\u201d.<\/p>\n<p>&nbsp;<\/p>\n<p>Garc\u00eda ha incidido especialmente en las recomendaciones para evitar situaciones de emergencia en piscinas, pantanos y zonas de ba\u00f1o. \u201cDesgraciadamente, las emergencias en estos lugares se repiten cada a\u00f1o, por eso es bueno recordar que existen sencillas recomendaciones que podemos seguir para intentar evitarlas\u201d. La delegada ha subrayado que hay que meterse en el agua siempre en zonas vigiladas y aptas para el ba\u00f1o y que es conveniente retrasar el ba\u00f1o si se ha bebido o comido en exceso, si se ha hecho ejercicio o se est\u00e1 fatigado o si no se encuentra bien por cualquier otra circunstancia.<\/p>\n<p>&nbsp;<\/p>\n<p><strong>Servicio referente disponible <\/strong><strong>24 horas, 365 d\u00edas<\/strong><\/p>\n<p><strong>\u00a0<\/strong><\/p>\n<p>Para estos casos y cualquier otro tipo de emergencia, la responsable del Gobierno andaluz en la provincia ha animado a hacer uso del tel\u00e9fono 1-1-2, disponible las 24 horas del d\u00eda de manera gratuita para atender de forma permanente cualquier situaci\u00f3n de urgencia y emergencia en materia sanitaria, de extinci\u00f3n de incendios y salvamento, seguridad ciudadana y protecci\u00f3n civil. \u201cCon una \u00fanica llamada a este n\u00famero gratuito y f\u00e1cil de recordar,\u00a0 la ciudadan\u00eda puede acceder a las ayudas necesarias ante cualquier situaci\u00f3n de emergencia\u201d, ha recordado.<\/p>\n<p>&nbsp;<\/p>\n<p>El sistema cuenta adem\u00e1s con un servicio de atenci\u00f3n multiling\u00fce para la atenci\u00f3n de llamadas que ofrece respuesta a la ciudadan\u00eda en ingl\u00e9s, franc\u00e9s, alem\u00e1n y \u00e1rabe, adem\u00e1s de en castellano. Dada la situaci\u00f3n geoestrat\u00e9gica de nuestra comunidad aut\u00f3noma, la influencia del turismo y la pluralidad de la poblaci\u00f3n que vive en Andaluc\u00eda, el servicio de Emergencias 112 ofrece atenci\u00f3n en cuatro idiomas, adem\u00e1s del castellano, para garantizar la cobertura de todas las situaciones de emergencia que se produzcan en el territorio andaluz independientemente de la procedencia o idioma de la persona que solicite la asistencia del servicio.<\/p>\n<p>&nbsp;<\/p>\n<p>Adem\u00e1s, para avanzar en la cobertura integral de las emergencias y en su papel de centro de coordinador de todos los organismos y servicios dedicados a la resoluci\u00f3n de las mismas, Emergencias Andaluc\u00eda ha puesto en marcha una nueva plataforma tecnol\u00f3gica dotada con las \u00faltimas novedades inform\u00e1ticas y de comunicaci\u00f3n. En cuanto al n\u00famero de organismos que forman parte de la plataforma tecnol\u00f3gica de Emergencias 112 Andaluc\u00eda en la provincia de Granada, ha recordado que son ya un total de quince.<\/p>\n<p>&nbsp;<\/p>\n<p>La delegada ha subrayado que esta conexi\u00f3n hace posible que los organismos integrados tengan informaci\u00f3n sobre las incidencias en las que tienen que intervenir en tiempo real. \u201cLa Plataforma de Emergencias de Andaluc\u00eda es una herramienta que a\u00fana las labores de prevenci\u00f3n, planificaci\u00f3n, gesti\u00f3n, an\u00e1lisis e integra las comunicaciones y la gesti\u00f3n operativa de la emergencia ordinaria y extraordinaria\u201d<\/p>\n<p>&nbsp;<\/p>\n<p>Emergencias 112 Andaluc\u00eda cuenta tambi\u00e9n con la certificaci\u00f3n medioambiental en sus centros propios lo que garantiza la prestaci\u00f3n del servicio de manera respetuosa con el medio ambiente y la implantaci\u00f3n de pr\u00e1cticas y actuaciones que preservan el cuidado del entorno y el uso responsable de los recursos.<a href=\"http:\/\/granadacosta.es\/wp-content\/uploads\/2015\/07\/Visita-delegada-112.jpg\"><img decoding=\"async\" loading=\"lazy\" class=\"aligncenter size-large wp-image-2072\" src=\"http:\/\/granadacosta.es\/wp-content\/uploads\/2015\/07\/Visita-delegada-112-1024x684.jpg\" alt=\"Visita delegada 112\" width=\"1024\" height=\"684\" \/><\/a><\/p>\n","protected":false},"excerpt":{"rendered":"<p>La delegada del Gobierno andaluz ha ofrecido unos consejos y pautas frente al calor e incendios forestales para disfrutar de&hellip;<\/p>\n","protected":false},"author":2,"featured_media":2073,"comment_status":"open","ping_status":"open","sticky":false,"template":"","format":"standard","meta":{"om_disable_all_campaigns":false,"_mi_skip_tracking":false,"_monsterinsights_sitenote_active":false,"_monsterinsights_sitenote_note":"","_monsterinsights_sitenote_category":0,"footnotes":""},"categories":[22],"tags":[],"aioseo_notices":[],"_links":{"self":[{"href":"https:\/\/granadacostaglobal.es\/index.php?rest_route=\/wp\/v2\/posts\/2070"}],"collection":[{"href":"https:\/\/granadacostaglobal.es\/index.php?rest_route=\/wp\/v2\/posts"}],"about":[{"href":"https:\/\/granadacostaglobal.es\/index.php?rest_route=\/wp\/v2\/types\/post"}],"author":[{"embeddable":true,"href":"https:\/\/granadacostaglobal.es\/index.php?rest_route=\/wp\/v2\/users\/2"}],"replies":[{"embeddable":true,"href":"https:\/\/granadacostaglobal.es\/index.php?rest_route=%2Fwp%2Fv2%2Fcomments&post=2070"}],"version-history":[{"count":0,"href":"https:\/\/granadacostaglobal.es\/index.php?rest_route=\/wp\/v2\/posts\/2070\/revisions"}],"wp:featuredmedia":[{"embeddable":true,"href":"https:\/\/granadacostaglobal.es\/index.php?rest_route=\/"}],"wp:attachment":[{"href":"https:\/\/granadacostaglobal.es\/index.php?rest_route=%2Fwp%2Fv2%2Fmedia&parent=2070"}],"wp:term":[{"taxonomy":"category","embeddable":true,"href":"https:\/\/granadacostaglobal.es\/index.php?rest_route=%2Fwp%2Fv2%2Fcategories&post=2070"},{"taxonomy":"post_tag","embeddable":true,"href":"https:\/\/granadacostaglobal.es\/index.php?rest_route=%2Fwp%2Fv2%2Ftags&post=2070"}],"curies":[{"name":"wp","href":"https:\/\/api.w.org\/{rel}","templated":true}]}}