{"id":20690,"date":"2019-04-24T08:10:24","date_gmt":"2019-04-24T08:10:24","guid":{"rendered":"http:\/\/granadacostanacional.es\/?p=20690"},"modified":"2019-04-24T08:10:24","modified_gmt":"2019-04-24T08:10:24","slug":"albunol-celebra-su-ii-cross-escolar-y-ii-minitrail-ruta-del-gato","status":"publish","type":"post","link":"https:\/\/granadacostaglobal.es\/?p=20690","title":{"rendered":"ALBU\u00d1OL CELEBRA SU II CROSS ESCOLAR Y II MINITRAIL \u201cRUTA DEL GATO\u201d."},"content":{"rendered":"<p style=\"text-align: justify;\"><em>El fin de semana del 27 y 28 de abril, en Albu\u00f1ol ser\u00e1 sede de varias competiciones deportivas que tendr\u00e1n como protagonista el atletismo, la naturaleza.<\/em><\/p>\n<p style=\"text-align: justify;\">\n<p style=\"text-align: justify;\">El s\u00e1bado \u00a027, Albu\u00f1ol ser\u00e1 sede de una de las pruebas del circuito de <strong>Plogging<\/strong>, promovido por la fundaci\u00f3n Miguel Garc\u00eda, con el patrocinio de la Fundaci\u00f3n de la Caja Rural de Granada, la colaboraci\u00f3n del Run Run Motril y la Escuela de Padres del CAT Ciudad de Motril. Este movimiento fomenta la pr\u00e1ctica del deporte unido a la recogida de residuos, para m\u00e1s informaci\u00f3n e inscripciones visitar la p\u00e1gina: <a href=\"http:\/\/www.fmgs.es\">www.fmgs.es<\/a>.<\/p>\n<p style=\"text-align: justify;\"><a href=\"http:\/\/granadacostanacional.es\/wp-content\/uploads\/2019\/04\/Imagen-JPEG-2-1.jpeg\"><img decoding=\"async\" loading=\"lazy\" class=\"aligncenter size-full wp-image-20693\" src=\"http:\/\/granadacostanacional.es\/wp-content\/uploads\/2019\/04\/Imagen-JPEG-2-1.jpeg\" alt=\"Imagen JPEG 2\" width=\"719\" height=\"1006\" \/><\/a><\/p>\n<p style=\"text-align: justify;\">Con la organizaci\u00f3n del Ayuntamiento de Albu\u00f1ol y el CAT Ciudad de Motril, con el patrocinio de la Mancomunidad de Municipios de la Costa Tropical, del Grupo la Ca\u00f1a\/ Fundaci\u00f3n Miguel Garc\u00eda S\u00e1nchez, y la colaboraci\u00f3n de la Diputaci\u00f3n de Granada, el pr\u00f3ximo 28 de abril, \u00a0la localidad de Albu\u00f1ol acoger\u00e1 por segunda vez\u00a0 el Cross Escolar de que discurrir\u00e1 por la rambla de la localidad, que para la ocasi\u00f3n se transformar\u00e1 en un autentico estadio de atletismo en plena naturaleza. Esta prueba pertenece al III Circuito Comarcal de Campo a Trav\u00e9s de la Costra Tropical, esta propuesta de competici\u00f3n pretende animar a los aficionados a correr\u00a0 en la naturaleza y fomentar la participaci\u00f3n de los escolares de la zona.<\/p>\n<p style=\"text-align: justify;\">\n<p style=\"text-align: justify;\">El Cerro del Gato, con su ubicaci\u00f3n privilegiada en la costa de Granada, y\u00a0 puerta de la Contraviesa y la Alpujarra, con una climatolog\u00eda ideal para la pr\u00e1ctica deportiva, ser\u00e1 el protagonista del II Minitrail. En esta edici\u00f3n se ha alargado hasta 10 km el recorrido del Minitrail, lo que permitir\u00e1 a los participantes descubir este paraje tan sorprendente. La Inscripci\u00f3n se podr\u00e1 hacer a trav\u00e9s de la p\u00e1gina web el CAT de Motril hasta los d\u00edas previos a la jornada.<\/p>\n<p style=\"text-align: justify;\">\n<p style=\"text-align: justify;\">Desde la organizaci\u00f3n de las pruebas animar a la participaci\u00f3n de los atletas y aficionados\u00a0 de la comarca y agradecer\u00a0 a todos los centros educativos del municipio por su implicaci\u00f3n y promoci\u00f3n para que el evento sea\u00a0 un \u00e9xito.<\/p>\n<p style=\"text-align: justify;\"><a href=\"http:\/\/granadacostanacional.es\/wp-content\/uploads\/2019\/04\/Datos-adjuntos-sin-t\u00edtulo-00006-1.jpg\"><img decoding=\"async\" loading=\"lazy\" class=\"aligncenter size-large wp-image-20692\" src=\"http:\/\/granadacostanacional.es\/wp-content\/uploads\/2019\/04\/Datos-adjuntos-sin-t\u00edtulo-00006-1-1024x724.jpg\" alt=\"Datos adjuntos sin t\u00edtulo 00006-1\" width=\"1024\" height=\"724\" \/><\/a><a href=\"http:\/\/granadacostanacional.es\/wp-content\/uploads\/2019\/04\/Datos-adjuntos-sin-t\u00edtulo-00006-2.jpg\"><img decoding=\"async\" loading=\"lazy\" class=\"aligncenter size-large wp-image-20691\" src=\"http:\/\/granadacostanacional.es\/wp-content\/uploads\/2019\/04\/Datos-adjuntos-sin-t\u00edtulo-00006-2-1024x724.jpg\" alt=\"Datos adjuntos sin t\u00edtulo 00006-2\" width=\"1024\" height=\"724\" \/><\/a><\/p>\n","protected":false},"excerpt":{"rendered":"<p>El fin de semana del 27 y 28 de abril, en Albu\u00f1ol ser\u00e1 sede de varias competiciones deportivas que tendr\u00e1n&hellip;<\/p>\n","protected":false},"author":2,"featured_media":20694,"comment_status":"open","ping_status":"open","sticky":false,"template":"","format":"standard","meta":{"om_disable_all_campaigns":false,"_mi_skip_tracking":false,"_monsterinsights_sitenote_active":false,"_monsterinsights_sitenote_note":"","_monsterinsights_sitenote_category":0,"footnotes":""},"categories":[22,30],"tags":[],"aioseo_notices":[],"_links":{"self":[{"href":"https:\/\/granadacostaglobal.es\/index.php?rest_route=\/wp\/v2\/posts\/20690"}],"collection":[{"href":"https:\/\/granadacostaglobal.es\/index.php?rest_route=\/wp\/v2\/posts"}],"about":[{"href":"https:\/\/granadacostaglobal.es\/index.php?rest_route=\/wp\/v2\/types\/post"}],"author":[{"embeddable":true,"href":"https:\/\/granadacostaglobal.es\/index.php?rest_route=\/wp\/v2\/users\/2"}],"replies":[{"embeddable":true,"href":"https:\/\/granadacostaglobal.es\/index.php?rest_route=%2Fwp%2Fv2%2Fcomments&post=20690"}],"version-history":[{"count":0,"href":"https:\/\/granadacostaglobal.es\/index.php?rest_route=\/wp\/v2\/posts\/20690\/revisions"}],"wp:featuredmedia":[{"embeddable":true,"href":"https:\/\/granadacostaglobal.es\/index.php?rest_route=\/"}],"wp:attachment":[{"href":"https:\/\/granadacostaglobal.es\/index.php?rest_route=%2Fwp%2Fv2%2Fmedia&parent=20690"}],"wp:term":[{"taxonomy":"category","embeddable":true,"href":"https:\/\/granadacostaglobal.es\/index.php?rest_route=%2Fwp%2Fv2%2Fcategories&post=20690"},{"taxonomy":"post_tag","embeddable":true,"href":"https:\/\/granadacostaglobal.es\/index.php?rest_route=%2Fwp%2Fv2%2Ftags&post=20690"}],"curies":[{"name":"wp","href":"https:\/\/api.w.org\/{rel}","templated":true}]}}