{"id":20677,"date":"2019-04-23T10:47:33","date_gmt":"2019-04-23T10:47:33","guid":{"rendered":"http:\/\/granadacostanacional.es\/?p=20677"},"modified":"2019-04-23T10:47:33","modified_gmt":"2019-04-23T10:47:33","slug":"la-escritora-tony-castillo-inicia-la-parada-literaria-en-el-dia-de-sant-jordi","status":"publish","type":"post","link":"https:\/\/granadacostaglobal.es\/?p=20677","title":{"rendered":"La escritora To\u00f1y Castillo Inicia la Parada Literaria en el Dia de Sant Jordi"},"content":{"rendered":"<div class=\"entradilla\"><a href=\"http:\/\/granadacostanacional.es\/wp-content\/uploads\/2019\/04\/58382752_10218595106378376_7802700127826608128_n.jpg\"><img decoding=\"async\" loading=\"lazy\" class=\"alignnone size-medium wp-image-20678 alignleft\" src=\"http:\/\/granadacostanacional.es\/wp-content\/uploads\/2019\/04\/58382752_10218595106378376_7802700127826608128_n-300x300.jpg\" alt=\"58382752_10218595106378376_7802700127826608128_n\" width=\"300\" height=\"300\" \/><\/a><strong>Parada Literaria. Libros y rosas\u00a0<\/strong><\/div>\n<div class=\"entradilla\" style=\"text-align: justify;\">Hoy la escritora To\u00f1y Castillo como es habitual particip\u00f3 en la Parada Literaria del Departament d&#8217; Ensenyament a Lleida ( Departamento de Ense\u00f1anza) .\u00a0 Se habl\u00f3 del aula hospitalaria y la necesidad de apoyar a los ni\u00f1os y j\u00f3venes en momentos de adversidad y salud. Se present\u00f3 el libro el vuelo de la cometa. Asistieron los alumnos del Colegio Cervantes y Pr\u00e0ctiques 1. To\u00f1y explic\u00f3 sus inicios en el campo de la escritura habl\u00f3 de sus libros y cuentos junto a ella el colaborador del aula Oscar de la Torre que participo en la exposici\u00f3n literaria de To\u00f1y aportando libro y magia al encuentro y dando color especial a la literatura .. Gracias a la organizaci\u00f3n por este bello amanecer literario en el Dia de Sant Jordi.<\/div>\n<div class=\"entradilla\" style=\"text-align: justify;\"><\/div>\n<div class=\"entradilla\" style=\"text-align: justify;\"><\/div>\n<div class=\"entradilla\" style=\"text-align: justify;\"><\/div>\n<div class=\"entradilla\" style=\"text-align: justify;\"><\/div>\n<div class=\"entradilla\" style=\"text-align: justify;\"><\/div>\n<div class=\"entradilla\" style=\"text-align: justify;\"><\/div>\n<div class=\"entradilla\" style=\"text-align: justify;\"><\/div>\n<div class=\"entradilla\" style=\"text-align: justify;\"><a href=\"http:\/\/granadacostanacional.es\/wp-content\/uploads\/2019\/04\/57544625_10218595106738385_5837846688345096192_n.jpg\"><img decoding=\"async\" loading=\"lazy\" class=\"alignnone size-medium wp-image-20679\" src=\"http:\/\/granadacostanacional.es\/wp-content\/uploads\/2019\/04\/57544625_10218595106738385_5837846688345096192_n-300x300.jpg\" alt=\"57544625_10218595106738385_5837846688345096192_n\" width=\"300\" height=\"300\" \/><\/a><a href=\"http:\/\/granadacostanacional.es\/wp-content\/uploads\/2019\/04\/57503678_10218595108698434_1812831543031234560_n.jpg\"><img decoding=\"async\" loading=\"lazy\" class=\"alignnone size-medium wp-image-20680\" src=\"http:\/\/granadacostanacional.es\/wp-content\/uploads\/2019\/04\/57503678_10218595108698434_1812831543031234560_n-300x300.jpg\" alt=\"57503678_10218595108698434_1812831543031234560_n\" width=\"300\" height=\"300\" \/><\/a><\/div>\n<div class=\"entradilla\" style=\"text-align: justify;\"><a href=\"http:\/\/granadacostanacional.es\/wp-content\/uploads\/2019\/04\/58445055_10218595109138445_2704125235061325824_n.jpg\"><img decoding=\"async\" loading=\"lazy\" class=\"alignnone size-medium wp-image-20682\" src=\"http:\/\/granadacostanacional.es\/wp-content\/uploads\/2019\/04\/58445055_10218595109138445_2704125235061325824_n-300x300.jpg\" alt=\"58445055_10218595109138445_2704125235061325824_n\" width=\"300\" height=\"300\" \/><\/a><a href=\"http:\/\/granadacostanacional.es\/wp-content\/uploads\/2019\/04\/58374903_10218595107018392_3983237543159136256_n.jpg\"><img decoding=\"async\" loading=\"lazy\" class=\"alignnone size-medium wp-image-20683\" src=\"http:\/\/granadacostanacional.es\/wp-content\/uploads\/2019\/04\/58374903_10218595107018392_3983237543159136256_n-300x300.jpg\" alt=\"58374903_10218595107018392_3983237543159136256_n\" width=\"300\" height=\"300\" \/><\/a><\/div>\n<div class=\"entradilla\" style=\"text-align: justify;\"><a href=\"http:\/\/granadacostanacional.es\/wp-content\/uploads\/2019\/04\/58461229_10218595109778461_9128873865760473088_n.jpg\"><img decoding=\"async\" loading=\"lazy\" class=\"alignnone size-medium wp-image-20685\" src=\"http:\/\/granadacostanacional.es\/wp-content\/uploads\/2019\/04\/58461229_10218595109778461_9128873865760473088_n-300x300.jpg\" alt=\"58461229_10218595109778461_9128873865760473088_n\" width=\"300\" height=\"300\" \/><\/a><a href=\"http:\/\/granadacostanacional.es\/wp-content\/uploads\/2019\/04\/1bc0c6c7-1105-47fa-ac22-24ad3d6e7ca5.jpg\"><img decoding=\"async\" loading=\"lazy\" class=\"alignnone size-medium wp-image-20686\" src=\"http:\/\/granadacostanacional.es\/wp-content\/uploads\/2019\/04\/1bc0c6c7-1105-47fa-ac22-24ad3d6e7ca5-300x225.jpg\" alt=\"1bc0c6c7-1105-47fa-ac22-24ad3d6e7ca5\" width=\"300\" height=\"225\" \/><\/a><\/div>\n<div class=\"entradilla\" style=\"text-align: justify;\"><\/div>\n<div class=\"entradilla\" style=\"text-align: justify;\">El 23 de abril se celebra el d\u00eda de Sant Jordi. Una jornada festiva -pero laboral- que coincide con el santoral del patr\u00f3n de Catalu\u00f1a y cuyos or\u00edgenes entremezclan tradiciones de distintas \u00e9pocas.<\/div>\n<div class=\"clear\" style=\"text-align: justify;\">\u00a0El d\u00eda de\u00a0<strong>Sant Jordi<\/strong>\u00a0es una fiesta popular en la que las rosas y los libros son los protagonistas. Si bien la fecha de su celebraci\u00f3n, el 23 de abril, coincide con el D\u00eda del Libro \u2013 instaurado por la UNESCO en 1995 para conmemorar el aniversario de la muerte de\u00a0<strong>Miguel de Cervantes<\/strong>\u00a0y\u00a0<strong>William Shakespeare<\/strong>-, el d\u00eda de Sant Jordi va mucho m\u00e1s all\u00e1 de la literatura.<\/div>\n<div id=\"textoNoticia\" class=\"texto\" style=\"text-align: justify;\">\n<p>Tradicionalmente en Catalu\u00f1a el d\u00eda de Sant Jordi era similar al d\u00eda de los enamorados. Los hombres regalaban una rosa a sus parejas y m\u00e1s adelante se generaliz\u00f3 que las mujeres les entregaran un libro en contrapartida. No obstante, en la actualidad, estos detalles son habituales para todos los seres queridos, familia o amigos, y los ni\u00f1os pueden recibir uno u otro obsequio indistintamente de su sexo.<\/p>\n<p><a href=\"https:\/\/www.diariocritico.com\/canal-historia\/origen-del-dia-sant-jordi-leyenda-cataluna\">https:\/\/www.diariocritico.com\/canal-historia\/origen-del-dia-sant-jordi-leyenda-cataluna<\/a><\/p>\n<\/div>\n<p style=\"text-align: justify;\">La historia que hay detr\u00e1s de esta costumbre mezcla tradiciones de distintas \u00e9pocas.<\/p>\n<ul>\n<li style=\"text-align: justify;\"><strong>El patr\u00f3n Sant Jordi<\/strong>. En el santoral est\u00e1 fijado el d\u00eda 23 de abril como el d\u00eda de Sant Jordi o San Jorge. \u00c9ste habr\u00eda sido un soldado romano de Capadocia que se convirti\u00f3 en m\u00e1rtir como seguidor de Cristo que se enfrent\u00f3 a la teolog\u00eda romana en los primeros siglos de nuestra era. En las reuniones cristianas se le\u00edan las cr\u00f3nicas sobre estos m\u00e1rtires coincidiendo con el d\u00eda de los aniversarios de su muerte. A mediados del siglo XV las Cortes Catalanas oficializar\u00edan su patronazgo generalizando la festividad de este d\u00eda con la celebraci\u00f3n en el Born de torneos, justas y otros juegos de armas en honor del patr\u00f3n de los caballeros. La bandera de Barcelona incluye dos cruces de San Jorge junto con las barras de la Corona de Arag\u00f3n.<\/li>\n<li style=\"text-align: justify;\"><strong>Leyenda de Sant Jordi y el drag\u00f3n<\/strong>. Por otro, cuenta la leyenda que en Montblanc (Tarragona) un feroz drag\u00f3n ten\u00eda atemorizada a la poblaci\u00f3n que le ofrec\u00eda sacrificios humanos para calmar su ira. Los asustados habitantes establecieron un sorteo para ir seleccionando a las v\u00edctimas y un d\u00eda le toc\u00f3 a la princesa. Cuando se dirig\u00eda hacia el drag\u00f3n, un caballero se interpuso entre ambos y atraves\u00f3 al drag\u00f3n\u00a0con su espada. De su sangre brotar\u00eda un rosal de rosas rojas del que Sant Jordi cortar\u00eda una flor para d\u00e1rsela a la doncella rescatada.<\/li>\n<li style=\"text-align: justify;\"><strong>Visita al Palacio de la Generalitat<\/strong>. Adem\u00e1s, est\u00e1 la costumbre medieval de visitar la capilla de Sant Jordi en la capilla del Palacio de la Generalitat donde ten\u00eda lugar una feria de rosas o de los enamorados. Actualmente esta instituci\u00f3n celebra el 23 de abril una jornada de puertas abiertas y permite adquirir rosas con car\u00e1cter ben\u00e9fico en su galer\u00eda interior as\u00ed como disfrutar de otras actividades.<\/li>\n<\/ul>\n","protected":false},"excerpt":{"rendered":"<p>Parada Literaria. Libros y rosas\u00a0 Hoy la escritora To\u00f1y Castillo como es habitual particip\u00f3 en la Parada Literaria del Departament&hellip;<\/p>\n","protected":false},"author":4,"featured_media":20679,"comment_status":"open","ping_status":"open","sticky":false,"template":"","format":"standard","meta":{"om_disable_all_campaigns":false,"_mi_skip_tracking":false,"_monsterinsights_sitenote_active":false,"_monsterinsights_sitenote_note":"","_monsterinsights_sitenote_category":0,"footnotes":""},"categories":[25,36,21,35,29,19,30],"tags":[],"aioseo_notices":[],"_links":{"self":[{"href":"https:\/\/granadacostaglobal.es\/index.php?rest_route=\/wp\/v2\/posts\/20677"}],"collection":[{"href":"https:\/\/granadacostaglobal.es\/index.php?rest_route=\/wp\/v2\/posts"}],"about":[{"href":"https:\/\/granadacostaglobal.es\/index.php?rest_route=\/wp\/v2\/types\/post"}],"author":[{"embeddable":true,"href":"https:\/\/granadacostaglobal.es\/index.php?rest_route=\/wp\/v2\/users\/4"}],"replies":[{"embeddable":true,"href":"https:\/\/granadacostaglobal.es\/index.php?rest_route=%2Fwp%2Fv2%2Fcomments&post=20677"}],"version-history":[{"count":0,"href":"https:\/\/granadacostaglobal.es\/index.php?rest_route=\/wp\/v2\/posts\/20677\/revisions"}],"wp:featuredmedia":[{"embeddable":true,"href":"https:\/\/granadacostaglobal.es\/index.php?rest_route=\/"}],"wp:attachment":[{"href":"https:\/\/granadacostaglobal.es\/index.php?rest_route=%2Fwp%2Fv2%2Fmedia&parent=20677"}],"wp:term":[{"taxonomy":"category","embeddable":true,"href":"https:\/\/granadacostaglobal.es\/index.php?rest_route=%2Fwp%2Fv2%2Fcategories&post=20677"},{"taxonomy":"post_tag","embeddable":true,"href":"https:\/\/granadacostaglobal.es\/index.php?rest_route=%2Fwp%2Fv2%2Ftags&post=20677"}],"curies":[{"name":"wp","href":"https:\/\/api.w.org\/{rel}","templated":true}]}}