{"id":20649,"date":"2019-04-22T12:02:52","date_gmt":"2019-04-22T12:02:52","guid":{"rendered":"http:\/\/granadacostanacional.es\/?p=20649"},"modified":"2019-04-22T12:02:52","modified_gmt":"2019-04-22T12:02:52","slug":"un-extrano-ateismo","status":"publish","type":"post","link":"https:\/\/granadacostaglobal.es\/?p=20649","title":{"rendered":"UN EXTRA\u00d1O ATE\u00cdSMO"},"content":{"rendered":"<p style=\"text-align: justify;\"><strong>\u00a0\u00a0\u00a0\u00a0\u00a0\u00a0\u00a0 Cl<\/strong>aro que creer en los curas y no creer en Dios es muy chocante, pues lo que se suele o\u00edr, es todo lo contrario: &#8220;yo de tejas abajo no creo en nada, y por eso mi oraci\u00f3n diaria la hago nada m\u00e1s salir a la calle; me quito el sombrero, miro al cielo, me santiguo y digo: \u201cBendito y alabado sea el Sant\u00edsimo Sacramento del altar&#8221;. En este caso el personaje era un ignorante, pero en el caso que nos ocupa no, pues es licenciado en Ciencias Econ\u00f3micas y su trabajo est\u00e1 relacionado con sus estudios. Quiz\u00e1 sean esas las causas de su ate\u00edsmo por estar muy acostumbrado a tratar y valorar el haber y el debe, no estar acostumbrado a tomar a Dios como Due\u00f1o y Administrador de este mundo. Y en esta concepci\u00f3n de Dios \u00bfc\u00f3mo puede salir el saldo positivo en un mundo donde triunfa el mal sobre el bien? Al menos eso es lo que se aprecia.<\/p>\n<p style=\"text-align: justify;\">\u00a0\u00a0\u00a0\u00a0\u00a0\u00a0\u00a0\u00a0 Los sufrimientos en la tierra son enormes: enfermedades, cat\u00e1strofes naturales, los horrores de las guerras, el hambre, las injusticias, el terrorismo\u2026 todos estos males del mundo, seg\u00fan este extra\u00f1o ateo, son imputables a Dios.<\/p>\n<p style=\"text-align: justify;\">\u00a0\u00a0\u00a0\u00a0\u00a0\u00a0\u00a0\u00a0 Este mismo pensamiento anida en otros muchos ateos y tambi\u00e9n en creyentes. Y las explicaciones que suelen darse sobre estos males en la tierra no son convincentes. La idea de castigo a la humanidad por su condici\u00f3n de pecadores estar\u00eda fuera de lugar por desproporcionada y, m\u00e1s a\u00fan, si se tiene en cuenta que sufren todos justos y pecadores, adem\u00e1s choca con la justicia y la bondad de Dios Todopoderoso. Y otros que quieren realzar la idea de Dios, la han rebajado terriblemente, atribuyendo a Dios unas cualidades tomadas del \u201creino del C\u00e9sar y no del reino del esp\u00edritu\u201d. Este es el caso de nuestro\u00a0 extra\u00f1o ATEO. \u201cA Dios lo que es de Dios y al C\u00e9sar lo que es del C\u00e9sar\u201d, dijo Jesucristo hace 2000 a\u00f1os, y, eso sigue a\u00fan vigente.<\/p>\n<p style=\"text-align: justify;\">\u00a0\u00a0\u00a0\u00a0\u00a0\u00a0\u00a0\u00a0 \u00bfPor qu\u00e9 este extra\u00f1o ATEO cree en los curas, en los frailes y en las monjas, en definitiva en la Iglesia? Deber\u00edamos, alguna vez, pararnos y pensar en la labor social que est\u00e1 haciendo la Iglesia. Estoy seguro que llegar\u00edamos a la misma conclusi\u00f3n que este extra\u00f1o ATEO. Nuestro protagonista conoce a la perfecci\u00f3n todo lo que la Iglesia cat\u00f3lica est\u00e1 haciendo por las personas en Granada, \u201cde tejas abajo\u201d. Y desconocemos el porqu\u00e9 est\u00e1 tan bien enterado, pero eso poco importa. Comencemos por <strong>C\u00e1ritas<\/strong>, esa organizaci\u00f3n que dirige la Iglesia, y que lleva a\u00f1os prestando ayuda a numerosas familias. Ayuda material., intelectual y espiritual. <strong>Proyecto Hombre<\/strong>; tal y como predicaba Jesucristo, la Iglesia est\u00e1 entregada a la rehabilitaci\u00f3n de los drogadictos, de los descarriados, de todos aquellos que est\u00e1n inmersos en la miseria y en la indignidad humana. Estos tambi\u00e9n reciben ayuda material, m\u00e9dica, psicol\u00f3gica y espiritual<strong>. Manos Unidas<\/strong>; esas benditas ayudas de toda clase que a trav\u00e9s de los misioneros repartidos por todo el mundo emplean en dar de comer al hambriento y al desnudo. <strong>Comedores Parroquiales\u00a0 <\/strong>y las <strong>\u00d3rdenes de San Juan de Dios <\/strong>que llevan a\u00f1os dando de comer a aquellos que nada tienen y que nadie se ocupa de ellos y, que en estos \u00faltimos meses, se ha incrementado tanto hasta el punto que se han desbordado todas las previsiones debido a esta crisis econ\u00f3mica.<\/p>\n<p style=\"text-align: justify;\">\u00a0\u00a0\u00a0\u00a0\u00a0\u00a0\u00a0\u00a0 Si la Iglesia no se ocupara \u00a0de dar de comer y de vestir a estos necesitados \u00bfQu\u00e9 pasar\u00eda? Pocas veces nos hacemos esta pregunta. Y en cuanto a la ense\u00f1anza de los ni\u00f1os y adolescentes, tampoco nos hemos preocupado qu\u00e9 pasar\u00eda si por cualquier hipot\u00e9tica causa se tuvieran que cerrar los colegios dirigidos por religiosos. La carga para el Estado ser\u00eda inmensa, abrumadora e imposible de atender. Todo esto lo sabe nuestro extra\u00f1o ATEO, y s\u00e9 que siente un gran respeto\u00a0 y admiraci\u00f3n por las monjas, por los frailes y por los curas. Respecto a los primeros, dice, que se encarcelan voluntariamente y, para siempre, que trabajan y hacen el bien sin reconocimientos y sin\u00a0 esperar recompensa alguna en este mundo\u2026 y, se emociona hasta tal punto que se le humedecen los ojos cuando se le menciona a Fray Leopoldo, al que conoci\u00f3 en vida.<\/p>\n<p style=\"text-align: justify;\">Esto que hasta aqu\u00ed hemos enumerado son s\u00f3lo algunas muestras de las labores que est\u00e1 llevando a cabo la Iglesia en silencio, sin ninguna clase de publicidad, calladamente y, por el contrario s\u00ed que recibe continuadas cr\u00edticas.<\/p>\n<p style=\"text-align: justify;\">\u00a0\u00a0\u00a0\u00a0\u00a0\u00a0\u00a0\u00a0 Confieso que siento admiraci\u00f3n por este extra\u00f1o ATEO que cree en los frailes, en\u00a0 las monjas y en los curas. Eso es ni m\u00e1s ni menos, que una forma de creer en Dios.<\/p>\n<p style=\"text-align: justify;\">\u00a0\u00a0\u00a0\u00a0\u00a0\u00a0\u00a0\u00a0 Si no hubiera Dios no habr\u00eda\u00a0 victoria sobre la muerte y entonces todo estar\u00eda vac\u00edo de sentido, la vida ser\u00eda un completo absurdo. El \u00fanico consuelo\u00a0 al final de la vida\u00a0 es la esperanza en la otra. La vida del ateo es una constante agon\u00eda y es que intentar\u00a0 comprender y juzgar a Dios con nuestra mentalidad humana es querer alcanzar las estrellas con la mano.<\/p>\n<p style=\"text-align: justify;\">\u00a0\u00a0\u00a0\u00a0\u00a0\u00a0\u00a0\u00a0 Por \u00faltimo, debo decir, porque \u00e9l me lo ha confesado, que la religi\u00f3n cristiana es lo m\u00e1s dif\u00edcil de cumplir porque es la m\u00e1s opuesta a la naturaleza humana, pues para estar a la altura de su fe, de su ideal, como dicen los evangelios y los mandamientos los cristianos deben amar a sus enemigos, llevar valientemente su cruz, resistir heroicamente las tentaciones del mundo\u2026 Toda una aut\u00e9ntica heroicidad, y, no todos pueden ser h\u00e9roes ni santos.<\/p>\n<p style=\"text-align: justify;\">\u00a0\u00a0\u00a0\u00a0\u00a0\u00a0\u00a0\u00a0 Por todo lo que he visto y o\u00eddo, tengo la completa seguridad de que este ATEO cree firmemente en Dios.<\/p>\n<p style=\"text-align: right;\">\u00a0 \u00a0 \u00a0 \u00a0 \u00a0 \u00a0 \u00a0 \u00a0 \u00a0 \u00a0 \u00a0 <strong>\u00a0 \u00a0\u00a0Rogelio Bustos Almendros<\/strong><\/p>\n","protected":false},"excerpt":{"rendered":"<p>\u00a0\u00a0\u00a0\u00a0\u00a0\u00a0\u00a0 Claro que creer en los curas y no creer en Dios es muy chocante, pues lo que se suele&hellip;<\/p>\n","protected":false},"author":3,"featured_media":16441,"comment_status":"open","ping_status":"open","sticky":false,"template":"","format":"standard","meta":{"om_disable_all_campaigns":false,"_mi_skip_tracking":false,"_monsterinsights_sitenote_active":false,"_monsterinsights_sitenote_note":"","_monsterinsights_sitenote_category":0,"footnotes":""},"categories":[21],"tags":[],"aioseo_notices":[],"_links":{"self":[{"href":"https:\/\/granadacostaglobal.es\/index.php?rest_route=\/wp\/v2\/posts\/20649"}],"collection":[{"href":"https:\/\/granadacostaglobal.es\/index.php?rest_route=\/wp\/v2\/posts"}],"about":[{"href":"https:\/\/granadacostaglobal.es\/index.php?rest_route=\/wp\/v2\/types\/post"}],"author":[{"embeddable":true,"href":"https:\/\/granadacostaglobal.es\/index.php?rest_route=\/wp\/v2\/users\/3"}],"replies":[{"embeddable":true,"href":"https:\/\/granadacostaglobal.es\/index.php?rest_route=%2Fwp%2Fv2%2Fcomments&post=20649"}],"version-history":[{"count":0,"href":"https:\/\/granadacostaglobal.es\/index.php?rest_route=\/wp\/v2\/posts\/20649\/revisions"}],"wp:featuredmedia":[{"embeddable":true,"href":"https:\/\/granadacostaglobal.es\/index.php?rest_route=\/"}],"wp:attachment":[{"href":"https:\/\/granadacostaglobal.es\/index.php?rest_route=%2Fwp%2Fv2%2Fmedia&parent=20649"}],"wp:term":[{"taxonomy":"category","embeddable":true,"href":"https:\/\/granadacostaglobal.es\/index.php?rest_route=%2Fwp%2Fv2%2Fcategories&post=20649"},{"taxonomy":"post_tag","embeddable":true,"href":"https:\/\/granadacostaglobal.es\/index.php?rest_route=%2Fwp%2Fv2%2Ftags&post=20649"}],"curies":[{"name":"wp","href":"https:\/\/api.w.org\/{rel}","templated":true}]}}