{"id":20510,"date":"2019-04-11T11:20:13","date_gmt":"2019-04-11T11:20:13","guid":{"rendered":"http:\/\/granadacostanacional.es\/?p=20510"},"modified":"2019-04-11T11:20:13","modified_gmt":"2019-04-11T11:20:13","slug":"20510-2","status":"publish","type":"post","link":"https:\/\/granadacostaglobal.es\/?p=20510","title":{"rendered":"Presentaci\u00f3n libro homenaje Maria Teresa G\u00f3mez Reino"},"content":{"rendered":"<p>&nbsp;<\/p>\n<p style=\"text-align: justify;\">\u00a0Ayer tarde en el Colegio Jes\u00fas Mar\u00eda de Barcelona se present\u00f3 el libro homenaje realizado por el Provecto Nacional de Cultura Granada Costa a la Sra. Maria Teresa G\u00f3m\u00e9z Reino, un acto emotivo donde una sala repleta de amigos\u00a0 y familiares acompa\u00f1aron a\u00a0 nuestra Terechu en un acto especial, en el que no falt\u00f3 m\u00fasica, a cargo de su hija Silvia Yague y su nieta Elena Pierelli Yague,\u00a0 as\u00ed como una actuaci\u00f3n de\u00a0 casta\u00f1uelas de la mano de Carlos Murias y un mejor ambiente. Como Moderadora Eva Navarrete que realiz\u00f3 la conducci\u00f3n del acto de manera cercana y profesionalidad, partici\u00f3 el se\u00f1or Juanjo P\u00e9rez Cela en calidad de amigo y compa\u00f1ero de escena y\u00a0 To\u00f1y Castillo que habl\u00f3 del libro de la autora.<\/p>\n<p style=\"text-align: justify;\">\u00a0Momentos de la Presentaci\u00f3n\u00a0 por parte de To\u00f1y Castillo Directora de la Academia de las Ciencias, Bellas Artes y Buenas letras Granada Costa.<\/p>\n<p style=\"text-align: justify;\"><span style=\"color: #000080;\">\u00a0<em>\u2026 Mi vida en realidad es un agradecimiento porque he tenido la fortuna de vivir en el seno de una familia donde he podido ser yo, una familia donde reinaba el amor y la armon\u00eda, jam\u00e1s un grito y amantes del arte y la lectura. Recuerdo a mi madre con el acorde\u00f3n y a mi padre leyendo sus sentencias o sus libros; para m\u00ed la educaci\u00f3n perfecta\u2026<\/em><\/span><\/p>\n<p style=\"text-align: justify;\">\u00a0<a href=\"http:\/\/granadacostanacional.es\/wp-content\/uploads\/2019\/04\/terechu-poster-con-participaci\u00f3n.jpg\"><img decoding=\"async\" loading=\"lazy\" class=\"size-medium wp-image-20512 alignleft\" src=\"http:\/\/granadacostanacional.es\/wp-content\/uploads\/2019\/04\/terechu-poster-con-participaci\u00f3n-212x300.jpg\" alt=\"terechu poster con participaci\u00f3n\" width=\"212\" height=\"300\" \/><\/a><\/p>\n<p style=\"text-align: justify;\">\u00a0El amor por sus padres, sus hermanos, sus hijos y la familia como valor, \u00a0es una constante en este libro autobiogr\u00e1fico y en su vida, en el cual, \u00a0pasajes entra\u00f1ables nos envuelve en una ida y venida por sus pasiones, deseos, y anhelos con la cual Terechu concibe la existencia humana, de ella, \u00a0se\u00f1ora del artes de la belleza, \u00a0siempre recuerda su infancia primera donde todo se colma de cari\u00f1o y buen hacer y esos recuerdos enclavados en su alma siempre ilusionada.<\/p>\n<p style=\"text-align: justify;\"><span style=\"color: #000080;\"><em>\u2026 Como todos los que me conocen bien, Anda es parte de mi vida porque de ah\u00ed son los recuerdos que m\u00e1s me han marcado. La aldea de Anda me inspira paz, ense\u00f1anza, naturaleza pura, olor a trigo, diversi\u00f3n con mis primos, presa, ba\u00f1o\u2026 nunca he concebido\u00a0otro veraneo que los tres meses de mi ni\u00f1ez y adolescencia en Anda\u2026<\/em><\/span><\/p>\n<p><strong>\u00a0<\/strong><\/p>\n<p><strong>Y el amor\u2026 \u00a0siempre enamorada de su manolo, su amado marido.<\/strong><\/p>\n<p>&nbsp;<\/p>\n<p style=\"text-align: justify;\"><span style=\"color: #000080;\"><em>\u2026Coment\u00e9 a mis padres que realmente hab\u00eda encontrado al hombre perfecto, un ser humano sensible, educado, culto, gran persona, con conversaciones\u00a0de toda \u00edndole, de formaci\u00f3n liberal y adem\u00e1s adornado todo con una profesi\u00f3n brillante\u2026<\/em><\/span><\/p>\n<p style=\"text-align: justify;\">\u00a0Ella la esposa siempre junto a su marido\u2026 su amor\u2026 junto a sus hijos donde hay tanta y tantas muestras de agradecimientos, por su existencia, tanto derroche del ser madre\u2026\u00a0 y sus nietos\u2026\u00a0 a ellos\u2026<\/p>\n<p style=\"text-align: justify;\"><span style=\"color: #000080;\"><em>\u2026 Mis queridos nietos. Qu\u00e9 feliz me hab\u00e9is hecho. No lo sab\u00edais, pero yo os quer\u00eda antes de que nacierais, porque siempre rogu\u00e9 a Dios para que en el momento oportuno llegarais, y pronto, a nuestro lado, al m\u00edo y al de vuestro abuelo. No ten\u00eda ni idea de cu\u00e1ntos ibais a ser\u2026<\/em><\/span><\/p>\n<p>\u00a0Cualquiera de los pasajes de este libro es en s\u00ed una oda al cari\u00f1o de seres y lugares\u2026<\/p>\n<p style=\"text-align: justify;\"><span style=\"color: #000080;\"><em>\u2026Burgos es muy especial. Vi a mi madre muy feliz y satisfecha, a mi padre plet\u00f3rico y brillante en su discurso. El fr\u00edo en Burgos era intenso pero nosotros sentimos calor interno y yo personalmente\u00a0pens\u00e9: \u00abmisi\u00f3n cumplida, he disfrutado de un acto muy importante, emotivo, familiar y profesional dentro de la carrera de mi padre, puesto que fue el magistrado m\u00e1s joven de Espa\u00f1a ascendido\u00a0a presidente con 54 a\u00f1os\u2026<\/em><\/span><\/p>\n<p>&nbsp;<\/p>\n<p>Lugares y personas\u2026 personas y coraz\u00f3n, coraz\u00f3n\u00a0 y sentimientos<\/p>\n<p>&nbsp;<\/p>\n<p><span style=\"color: #000080;\"><em>\u2026 No falt\u00e9 ni una Semana Santa, ni una feria y ni una navidad en Sevilla tengo tantas an\u00e9cdotas que eso ya solo ser\u00eda un libro. Conoc\u00ed a personajes tan variados como Enrique \u201cel cojo\u201d, Ma\u00adtilde Coral, con la cual bail\u00e9 sevillanas en una fiesta privada que ofreci\u00f3 la duquesa de Osuna, \u00c1ngela. Recuerdo entra\u00f1able de la duquesa de Osuna, que adoraba a mis padres y se respetaron much\u00edsimo.<\/em><\/span><\/p>\n<p style=\"text-align: justify;\"><span style=\"color: #000080;\"><em>\u00a0El fiscal de la audiencia territorial, por aquel entonces, no recuerdo su nombre pero s\u00ed a su esposa, Magdalena condesa de\u00a0 Colomera y gran personaje humano, una mujer sencill\u00edsima m\u00e1s preocupada de la cosecha y de sus obreros en el campo que de las coronas. Una frase que dec\u00eda mucho y ahora me sale muy ame\u00adnudo, Terechu: \u00abyo de tonta lo justo, no lo olvides\u00bb. Era sabia y gracios\u00edsima, me re\u00eda mucho con ella. Mi primer traje de faralaes lo compr\u00e9 en Sevilla&#8230;<\/em><\/span><\/p>\n<p>&nbsp;<\/p>\n<p>Ese amor por la cultura, por tradiciones, por el culto folklore de los grandes, grandes poetas, m\u00fasicos, escritores y creadores de nuestro patrimonio humano y social.<\/p>\n<p>En estas p\u00e1ginas encontrareis otra de sus grandes pasiones&#8230; la belleza&#8230; el arte&#8230; la danza&#8230; el crear&#8230; el actual&#8230; el apasionarse con estos grandes conocedores del saber, saber para construir un mundo m\u00e1s bellos,\u00a0 grandes de la literatura&#8230; de la declamaci\u00f3n de la danza&#8230;<\/p>\n<p style=\"text-align: justify;\"><span style=\"color: #000080;\"><em>&#8230; por primera vez estaba yo en el escenario\u00a0en el Palacio de Congresos durante un magn\u00edfico festival\u00a0organizado por Rosita Segovia, con Manuel en primera fila acompa\u00f1ado de su padre y sus abuelos paternos. AL acabar el espect\u00e1culo le pregunt\u00e9 a mi hijo Manuel: \u00ab \u00bfQu\u00e9 te ha parecido\u00a0mam\u00e1 en el escenario? \u00bfHas sentido verg\u00fcenza o quieres que siga?\u00bb (Me importaba much\u00edsimo lo que mi hijo pensara de haber visto a su madre en el escenario) a lo que me contest\u00f3: \u00abMam\u00e1, me ha gustado mucho y no quiero que lo dejes, quiero que sigas bailando siempre\u00bb. <\/em><\/span><\/p>\n<p style=\"text-align: justify;\"><span style=\"color: #000080;\"><em>\u00a0<a href=\"http:\/\/granadacostanacional.es\/wp-content\/uploads\/2019\/04\/WhatsApp-Image-2019-04-10-at-22.31.19-2.jpeg\"><img decoding=\"async\" loading=\"lazy\" class=\"alignnone size-medium wp-image-20517\" src=\"http:\/\/granadacostanacional.es\/wp-content\/uploads\/2019\/04\/WhatsApp-Image-2019-04-10-at-22.31.19-2-225x300.jpeg\" alt=\"WhatsApp Image 2019-04-10 at 22.31.19\" width=\"225\" height=\"300\" \/><\/a><\/em><\/span><\/p>\n<p style=\"text-align: justify;\"><span style=\"color: #000080;\"><em>Me qued\u00e9 muy satisfecha de esa respuesta porque, por supuesto, era mi deseo y lo hubiera pasado\u00a0muy mal si me hubiera dicho que hab\u00eda sentido el rid\u00edculo t\u00edmido de los ni\u00f1os al ver a su madre as\u00ed. Ya vi que se adivinaba un m\u00fasico sensible porque estuvo todas las dos horas de espect\u00e1culo\u00a0sin pesta\u00f1ear&#8230;<\/em><\/span><\/p>\n<p style=\"text-align: justify;\"><span style=\"color: #000080;\"><em>Durante mis clases de baile en la Escuela de Danza de Rosita Segovia, se cre\u00f3 en \u201cGrupo Inquietudes\u201d, un grupo de poes\u00eda formado\u00a0por unas querid\u00edsimas amigas con las cuales he actuado en varios escenarios por obras ben\u00e9ficas.<\/em><\/span><\/p>\n<p style=\"text-align: justify;\"><span style=\"color: #000080;\"><em>Nos un\u00eda el amor por el baile con disciplina art\u00edstica, especialmente la danza cl\u00e1sica espa\u00f1ola. <\/em><\/span><\/p>\n<p style=\"text-align: justify;\"><span style=\"color: #000080;\"><em>Nuestra vida de alumnas bajo la direcci\u00f3n de Rosita fue muy prolongada y muy activa -dos horas diarias durante 34 a\u00f1os- y ello nos fortaleci\u00f3 el cuerpo y el esp\u00edritu. Aprendimos a transmitir\u00a0pasi\u00f3n y sentimiento al interpretar la danza\u2026<\/em><\/span><\/p>\n<p style=\"text-align: justify;\"><em>\u00a0<\/em><\/p>\n<p style=\"text-align: justify;\">\u00a0Haces escasamente un a\u00f1o&#8230;\u00a0 escrib\u00ed estas palabras al estar presente en una de las galas ben\u00e9ficas del grupo, esta vez, \u00a0era para infancia maltratada\u2026<\/p>\n<p style=\"text-align: justify;\">&#8230; y de manera m\u00e1gica la sala se ilumin\u00f3 creando luces de armon\u00eda, de elegancia, de saber estar, de una belleza inigualable, y digo belleza en sentido amplio, ya que el arte, es m\u00e1s que la poes\u00eda del momento, el arte es la poes\u00eda de los hechos bajo formas diferentes.<\/p>\n<p style=\"text-align: justify;\">El \u201cGrupo Inquietudes\u201d lugar donde Terechu creaba p\u00e1lpitos,\u00a0 conoc\u00eda \u00a0del arte de las emociones, ya que son docentes de la escena transmitiendo sentimientos de voces propias y ajenas.<\/p>\n<p style=\"text-align: justify;\">Inquietudes a\u00f1o tras a\u00f1o nos dieron \u00a0la lecci\u00f3n de solidaridad, al pasear su se\u00f1or\u00edo apostando por la nobleza de ser personas y de llegar a tantas y tantas almas nacido bajo la pasi\u00f3n por la danza paseaba su solidaridad \u00a0con duende en el alma y grandeza en el coraz\u00f3n.<\/p>\n<p style=\"text-align: justify;\">Bajo las ense\u00f1anzas de Rosita Segovia, las inquietudes de Terechu, las inquietudes de cada una de la almas que lo compon\u00edan, iniciaron su caminar en 1971, con inquietudes: la de formarse, la de aprender, desearon fortalecer el esp\u00edritu de la creaci\u00f3n y la belleza del arte.<\/p>\n<p style=\"text-align: justify;\">Muchos&#8230;muchos a\u00f1os de esfuerzo diario, ensayos, horas de dicci\u00f3n, de danzas internas, de tacones incesantes y una meta&#8230; el construirlos trabaj\u00e1ndolos, le dio la oportunidad de conocer al director de teatro y escritos el Sr. Ram\u00f3n Mart\u00ed as\u00ed mismo con posterioridad a la directora musical, Rosa Gim\u00e9nez, que iniciaron un camino junto a ellas, todas maravillosas damas de la interpretaci\u00f3n, para dar un lugar a la poes\u00eda espa\u00f1ola y hacer que esta luciera con luces brillantes de buen hacer. Inquietudes art\u00edsticas. Inquietudes sociales, por ayudar para un mundo mejor.<\/p>\n<p style=\"text-align: justify;\">Terechu si algo le apasiona lucha, si algo no le gusta lucha, si algo puede ser m\u00e1s bello&#8230; lo adorna con clase y se\u00f1or\u00edo.<\/p>\n<p>\u00a0<a href=\"http:\/\/granadacostanacional.es\/wp-content\/uploads\/2019\/04\/WhatsApp-Image-2019-04-11-at-13.07.04.jpeg\"><img decoding=\"async\" loading=\"lazy\" class=\"size-medium wp-image-20519 alignleft\" src=\"http:\/\/granadacostanacional.es\/wp-content\/uploads\/2019\/04\/WhatsApp-Image-2019-04-11-at-13.07.04-225x300.jpeg\" alt=\"WhatsApp Image 2019-04-11 at 13.07.04\" width=\"225\" height=\"300\" \/><\/a><\/p>\n<p style=\"text-align: justify;\">Pero tambi\u00e9n este libro, cosa que me enorgullece tiene un apartado que me dedica y deseo darte las gracias de coraz\u00f3n.<\/p>\n<p style=\"text-align: justify;\"><em>Recuerdo el viaje a Madrid en un enero fr\u00edo juntas, en el AVE, pero charlando por los codos de tu libro \u201cA ti Yolanda\u201d. Ese per\u00adsonaje dif\u00edcil y atrayente que yo te promet\u00ed protagonizar y que si Dios quiere, har\u00e9 de Yolanda. Una mujer enamorada del amo \u00a1\u00a1Qu\u00e9 corto se nos hizo el viaje!! Nos pusimos las piles y corriendo\u00a0al hotel, para reunirnos con el grupo de Granada Costa, d\u00f3nde nos esperaban para cenar. Quiz\u00e1s no gane el premio Planeta pero \u201cA ti Yolanda\u201d es una historia que atrapa.<\/em><\/p>\n<p style=\"text-align: justify;\">He escrito muchos libros, cuentos\u2026 relatos\u2026 temas profesionales\u2026 pero hay uno que es parte de mis sentimientos m\u00e1s profundos y es la novela a ti Yolanda premio a la Critica 2017 Granada Costa y hay un personaje que es una mujer enamorada del amor.<\/p>\n<p style=\"text-align: justify;\">\u00a0Un personaje complejo dif\u00edcil de interpretar\u2026 un personaje que solo una persona podr\u00eda llegar hacer y esta noche tenemos aqu\u00ed a la protagonista de mi libro m\u00e1s querido, Mar\u00eda Teresa G\u00f3mez Reino\u2026 Terechu, mi Yolanda.\u00a0 Y deseo el primer aplauso para ella que lleva a esta Yolanda ya en su coraz\u00f3n.<\/p>\n<p style=\"text-align: justify;\">Deseo terminar con estos p\u00e1rrafos llenos de vida.<\/p>\n<p>&nbsp;<\/p>\n<p style=\"text-align: justify;\"><span style=\"color: #000080;\">Septiembre del 2018.<\/span><\/p>\n<p style=\"text-align: justify;\"><span style=\"color: #000080;\"><em>Estoy en Anda reflexionando entre Avellanos, Casta\u00f1os y Emociones, sentada al atardecer y repasando mis a\u00f1os, 73 cumplidos\u00a0en julio, descubro que tengo menos tiempo para vivir de aqu\u00ed en adelante, que el que viv\u00ed hasta hoy pues soy optimista pero no creo que llegue a 70 a\u00f1os m\u00e1s. Como mucho, 30 o 35 espero que sean l\u00facidos. Luego mi reflexi\u00f3n es la siguiente: ya rechazo reuniones largu\u00edsimas d\u00f3nde se discuten normas, estatutos\u00a0y prop\u00f3sitos a cumplir, sabiendo que no se va a \u00a0conseguir nada \u00a1\u00a1Y adem\u00e1s ahora me aburren una barbaridad!! Ya no pierdo ni un minuto m\u00e1s con personas absurdas, que a pesar de su edad cronol\u00f3gica no han crecido ni madurado (que es lo grave) y tampoco\u00a0tengo tiempo para mediocridades, las reuniones con \u201cegos inflados\u201d llenos de manipuladores y oportunistas; me molestan sobre manera los envidiosos que desacreditan a los capaces para apropiarse de sus logros y lugares; intuyo que las personas no discuten contenidos, simplemente no los tienen. <\/em><\/span><\/p>\n<p style=\"text-align: justify;\"><span style=\"color: #000080;\"><em>Quiero lo profundo, la enjundia de mi alma, de mis ra\u00edces repito, cristianas y muy profundas, que me llevan a vivir con gente humana, muy humana, alegre, positiva, que sepa re\u00edr con todos, y de todos participando de los errores cometidos, con sentido del humor porque yo reconozco mis errores y pretendo re\u00edrme con sentido del humor y que hagan lo mismo los que me rodean \u00a1\u00a1Tengo tantas an\u00e9cdotas!! No quiero a mi alrededor a los que se envanecen con sus triunfos, quiero gente sencilla, muy sencilla, que defienda la vida y a los d\u00e9biles en definitiva, la dignidad humana, para andar al lado de la verdad y la honradez. <\/em><\/span><\/p>\n<p style=\"text-align: justify;\"><span style=\"color: #000080;\"><em>Estoy deseando la cercan\u00eda de la gente que los golpes duros de la vida les hizo dulces, tiernos y sabios (muy fuertes por dentro) y eso solo la madurez puede dar. As\u00ed que me esperan a\u00f1os de intensidad creativa, pues estoy en plena madurez que pretendo, por supuesto, aprovechar esperando que mis seres m\u00e1s queridos me sigan queriendo como hasta ahora y junto a ellos Manolo, mi marido desde hace 51 a\u00f1os, mis tres hijos, Manuel, Tet\u00e9 y Silvia, mis nietos, Mar\u00eda, Silvita, Elena, Antonio y Ricardo, por supuesto acompa\u00f1ados de los magn\u00edficos consortes que algo me han llegado a entender, Laura, Ram\u00f3n y Alessandro, mis \u00edntimos, que son pocos realmente. Los dem\u00e1s los admito a todos pero ya no me importan sus juicios o malos entendidos que solo ensucian el pensamiento y los sentimientos. <\/em><\/span><\/p>\n<p style=\"text-align: justify;\"><span style=\"color: #000080;\"><em>Luego repito, soy optimista ante el futuro que me espera con mi n\u00facleo familiar de mis trece y mi querida amiga Maruja, siem\u00adpre a mi lado. Quiero empezar a escribir nuevamente y de manera intensa, a crear m\u00e1s y quiz\u00e1 un papel de actriz exitoso en definiti\u00adva, seguir siendo feliz con lo que tengo. <\/em><\/span><\/p>\n<p style=\"text-align: justify;\"><span style=\"color: #000080;\"><em>Solo Dios, tiene y tendr\u00e1 la \u00faltima palabra y mi deseo es que cuando llegue mi hora y mi vida pase a Sus Manos, me encuentre en paz con \u00c9l, con los m\u00edos y mi conciencia tranquila y serena.<\/em><\/span><\/p>\n<p style=\"text-align: justify;\"><em>\u00a0<\/em><\/p>\n<p style=\"text-align: justify;\">A sus hijos\u2026 amor a ellos\u2026 su vida generosa, por embellecer este mundo, en este libro homenaje que el Proyecto Nacional de Cultura Granada Costa le ha premiado, ha deseado homenajear, a la persona, a la madre, a la abuela, a esa se\u00f1ora del arte en may\u00fascula, porque arte no es solo interpretar, arte es crear un legado como ella lo ha hecho.\u00a0 En nombre de todas las personas que forman el Proyecto, en nombre del Presidente el Se\u00f1or Jos\u00e9 segura y en el m\u00edo propio, Felicidades por este merecido reconocimiento.<\/p>\n<p style=\"text-align: justify;\">\u00a0To\u00f1y Castillo Mel\u00e9ndez<\/p>\n<p style=\"text-align: justify;\">\u00a0Directora de la Academia de las Ciencias, Bellas Artes y Buenas Letra del Proyecto nacional de Cultura Granada Costa.<\/p>\n<p style=\"text-align: justify;\">2019<\/p>\n<p>&nbsp;<\/p>\n","protected":false},"excerpt":{"rendered":"<p>&nbsp; \u00a0Ayer tarde en el Colegio Jes\u00fas Mar\u00eda de Barcelona se present\u00f3 el libro homenaje realizado por el Provecto Nacional&hellip;<\/p>\n","protected":false},"author":4,"featured_media":20520,"comment_status":"open","ping_status":"open","sticky":false,"template":"","format":"standard","meta":{"om_disable_all_campaigns":false,"_mi_skip_tracking":false,"_monsterinsights_sitenote_active":false,"_monsterinsights_sitenote_note":"","_monsterinsights_sitenote_category":0,"footnotes":""},"categories":[37,21,22,30],"tags":[],"aioseo_notices":[],"_links":{"self":[{"href":"https:\/\/granadacostaglobal.es\/index.php?rest_route=\/wp\/v2\/posts\/20510"}],"collection":[{"href":"https:\/\/granadacostaglobal.es\/index.php?rest_route=\/wp\/v2\/posts"}],"about":[{"href":"https:\/\/granadacostaglobal.es\/index.php?rest_route=\/wp\/v2\/types\/post"}],"author":[{"embeddable":true,"href":"https:\/\/granadacostaglobal.es\/index.php?rest_route=\/wp\/v2\/users\/4"}],"replies":[{"embeddable":true,"href":"https:\/\/granadacostaglobal.es\/index.php?rest_route=%2Fwp%2Fv2%2Fcomments&post=20510"}],"version-history":[{"count":0,"href":"https:\/\/granadacostaglobal.es\/index.php?rest_route=\/wp\/v2\/posts\/20510\/revisions"}],"wp:featuredmedia":[{"embeddable":true,"href":"https:\/\/granadacostaglobal.es\/index.php?rest_route=\/"}],"wp:attachment":[{"href":"https:\/\/granadacostaglobal.es\/index.php?rest_route=%2Fwp%2Fv2%2Fmedia&parent=20510"}],"wp:term":[{"taxonomy":"category","embeddable":true,"href":"https:\/\/granadacostaglobal.es\/index.php?rest_route=%2Fwp%2Fv2%2Fcategories&post=20510"},{"taxonomy":"post_tag","embeddable":true,"href":"https:\/\/granadacostaglobal.es\/index.php?rest_route=%2Fwp%2Fv2%2Ftags&post=20510"}],"curies":[{"name":"wp","href":"https:\/\/api.w.org\/{rel}","templated":true}]}}