{"id":20494,"date":"2019-04-10T11:57:01","date_gmt":"2019-04-10T11:57:01","guid":{"rendered":"http:\/\/granadacostanacional.es\/?p=20494"},"modified":"2019-04-10T11:57:01","modified_gmt":"2019-04-10T11:57:01","slug":"asociacion-cultural-la-platea-celebro-el-dia-mundial-de-la-poesia","status":"publish","type":"post","link":"https:\/\/granadacostaglobal.es\/?p=20494","title":{"rendered":"ASOCIACI\u00d3N CULTURAL LA PLATEA  CELEBR\u00d3 EL D\u00cdA MUNDIAL DE LA POES\u00cdA"},"content":{"rendered":"<p style=\"text-align: justify;\">El Grupo literario en el \u00a0d\u00eda Mundial de la Poes\u00eda organiz\u00f3 un evento\u00a0 invitando a poetas de Valencia \u00a0en el Sal\u00f3n de Actos del Ayuntamiento de Quart de Poblet<\/p>\n<p style=\"text-align: justify;\">El acto se desarroll\u00f3\u00a0 con la bienvenida de Jos\u00e9 Romero presidente de la Asociaci\u00f3n Cultural la Platea\u00a0 a todos los asistentes tanto poetas como p\u00fablico que llenaron el Sal\u00f3n de Actos del Ayuntamiento de Quart de Poblet.\u00a0\u00a0 Una \u00a0vez terminada \u00a0las presentaciones\u00a0 cedi\u00f3 la palabra a Isabel Oliver\u00a0 presidente del Ateneo Blasco Ib\u00e1\u00f1ez quien\u00a0 hizo una disertaci\u00f3n sobre la poes\u00eda dejando claro la importancia de la poes\u00eda para la sociedad y la necesidad de seguir trabajando.<\/p>\n<p style=\"text-align: justify;\"><a href=\"http:\/\/granadacostanacional.es\/wp-content\/uploads\/2019\/04\/poesia-2-1.jpg\"><img decoding=\"async\" loading=\"lazy\" class=\"aligncenter size-large wp-image-20504\" src=\"http:\/\/granadacostanacional.es\/wp-content\/uploads\/2019\/04\/poesia-2-1-1024x768.jpg\" alt=\"poesia 2\" width=\"1024\" height=\"768\" \/><\/a><\/p>\n<p style=\"text-align: justify;\">\n<p style=\"text-align: justify;\"><a href=\"http:\/\/granadacostanacional.es\/wp-content\/uploads\/2019\/04\/poesia-3.jpg\"><img decoding=\"async\" loading=\"lazy\" class=\"aligncenter size-large wp-image-20496\" src=\"http:\/\/granadacostanacional.es\/wp-content\/uploads\/2019\/04\/poesia-3.jpg\" alt=\"poesia 3\" width=\"960\" height=\"720\" \/><\/a><\/p>\n<p style=\"text-align: justify;\"><a href=\"http:\/\/granadacostanacional.es\/wp-content\/uploads\/2019\/04\/poesia-4.jpg\"><img decoding=\"async\" loading=\"lazy\" class=\"aligncenter size-large wp-image-20497\" src=\"http:\/\/granadacostanacional.es\/wp-content\/uploads\/2019\/04\/poesia-4.jpg\" alt=\"poesia 4\" width=\"960\" height=\"720\" \/><\/a><\/p>\n<p style=\"text-align: justify;\"><a href=\"http:\/\/granadacostanacional.es\/wp-content\/uploads\/2019\/04\/mia-1.jpg\"><img decoding=\"async\" loading=\"lazy\" class=\"aligncenter size-large wp-image-20498\" src=\"http:\/\/granadacostanacional.es\/wp-content\/uploads\/2019\/04\/mia-1-1024x768.jpg\" alt=\"mia 1\" width=\"1024\" height=\"768\" \/><\/a><\/p>\n<p style=\"text-align: justify;\"><a href=\"http:\/\/granadacostanacional.es\/wp-content\/uploads\/2019\/04\/poesia-1.jpg\"><img decoding=\"async\" loading=\"lazy\" class=\"aligncenter size-large wp-image-20499\" src=\"http:\/\/granadacostanacional.es\/wp-content\/uploads\/2019\/04\/poesia-1.jpg\" alt=\"poesia 1\" width=\"800\" height=\"508\" \/><\/a><\/p>\n<p style=\"text-align: justify;\">Terminada la intervenci\u00f3n, se dio paso al recital po\u00e9tico de los poetas que se dieron cita, cercano a la treintena de poetas declamaron sus poemas dejando un grato sabor por sus letras que fueron aplaudidos por el numeroso p\u00fablico que nos acompa\u00f1o toda la tarde<\/p>\n<p style=\"text-align: justify;\">Una vez terminado el acto se ten\u00eda preparado un vino de honor para todos los asistentes.<\/p>\n<p style=\"text-align: justify;\"><a href=\"http:\/\/granadacostanacional.es\/wp-content\/uploads\/2019\/04\/poesia-3-1.jpg\"><img decoding=\"async\" loading=\"lazy\" class=\"aligncenter size-large wp-image-20505\" src=\"http:\/\/granadacostanacional.es\/wp-content\/uploads\/2019\/04\/poesia-3-1-1024x768.jpg\" alt=\"poesia 3\" width=\"1024\" height=\"768\" \/><\/a><\/p>\n<p style=\"text-align: justify;\">\n<p style=\"text-align: justify;\">Gracias a todos los poetas que nos mostraron su apoyo viniendo a celebrar el d\u00eda mundial de la poes\u00eda, a Isabel Oliver por su exposici\u00f3n sobre la poes\u00eda y<br \/>\nal p\u00fablico de Quart de Poblet que sigue anim\u00e1ndonos con su presencia en los actos que realizamos sobre la poes\u00eda.<\/p>\n<p style=\"text-align: right;\">Jos\u00e9 Romero Mu\u00f1oz<\/p>\n<p style=\"text-align: right;\">Fotos: Mar\u00eda Jos\u00e9 G\u00f3mez Balstegui<\/p>\n","protected":false},"excerpt":{"rendered":"<p>El Grupo literario en el \u00a0d\u00eda Mundial de la Poes\u00eda organiz\u00f3 un evento\u00a0 invitando a poetas de Valencia \u00a0en el&hellip;<\/p>\n","protected":false},"author":3,"featured_media":20501,"comment_status":"open","ping_status":"open","sticky":false,"template":"","format":"standard","meta":{"om_disable_all_campaigns":false,"_mi_skip_tracking":false,"_monsterinsights_sitenote_active":false,"_monsterinsights_sitenote_note":"","_monsterinsights_sitenote_category":0,"footnotes":""},"categories":[21],"tags":[],"aioseo_notices":[],"_links":{"self":[{"href":"https:\/\/granadacostaglobal.es\/index.php?rest_route=\/wp\/v2\/posts\/20494"}],"collection":[{"href":"https:\/\/granadacostaglobal.es\/index.php?rest_route=\/wp\/v2\/posts"}],"about":[{"href":"https:\/\/granadacostaglobal.es\/index.php?rest_route=\/wp\/v2\/types\/post"}],"author":[{"embeddable":true,"href":"https:\/\/granadacostaglobal.es\/index.php?rest_route=\/wp\/v2\/users\/3"}],"replies":[{"embeddable":true,"href":"https:\/\/granadacostaglobal.es\/index.php?rest_route=%2Fwp%2Fv2%2Fcomments&post=20494"}],"version-history":[{"count":0,"href":"https:\/\/granadacostaglobal.es\/index.php?rest_route=\/wp\/v2\/posts\/20494\/revisions"}],"wp:featuredmedia":[{"embeddable":true,"href":"https:\/\/granadacostaglobal.es\/index.php?rest_route=\/"}],"wp:attachment":[{"href":"https:\/\/granadacostaglobal.es\/index.php?rest_route=%2Fwp%2Fv2%2Fmedia&parent=20494"}],"wp:term":[{"taxonomy":"category","embeddable":true,"href":"https:\/\/granadacostaglobal.es\/index.php?rest_route=%2Fwp%2Fv2%2Fcategories&post=20494"},{"taxonomy":"post_tag","embeddable":true,"href":"https:\/\/granadacostaglobal.es\/index.php?rest_route=%2Fwp%2Fv2%2Ftags&post=20494"}],"curies":[{"name":"wp","href":"https:\/\/api.w.org\/{rel}","templated":true}]}}