{"id":20408,"date":"2019-04-02T09:30:10","date_gmt":"2019-04-02T09:30:10","guid":{"rendered":"http:\/\/granadacostanacional.es\/?p=20408"},"modified":"2019-04-02T09:30:10","modified_gmt":"2019-04-02T09:30:10","slug":"el-6-y-7-de-abril-llega-la-vuelta-ciclodeportiva-granada-2019","status":"publish","type":"post","link":"https:\/\/granadacostaglobal.es\/?p=20408","title":{"rendered":"EL 6 Y 7 DE ABRIL LLEGA LA VUELTA CICLODEPORTIVA  GRANADA 2019."},"content":{"rendered":"<p style=\"text-align: justify;\"><em>Ayer por la\u00a0ma\u00f1ana se ha presentado la Vuelta Ciclodeportiva Granada que se celebrar\u00e1 el pr\u00f3ximo 6 y 7 de abril, teniendo como centros neur\u00e1lgicos del evento los pueblos de Albond\u00f3n y Albu\u00f1ol.<\/em><\/p>\n<p style=\"text-align: justify;\">El Presidente de la Mancomunidad de Municipios de la Costa Tropical, junto a\u00a0 Margarita Castillo, alcaldesa de Albond\u00f3n y Mar\u00eda Jos\u00e9 S\u00e1nchez, alcaldesa de Albu\u00f1ol, y \u00a0Sergio Dom\u00ednguez, uno de los organizadores de la prueba deportiva, han hecho la presentaci\u00f3n de la Vuelta Ciclodeportiva Granada 2019.<\/p>\n<p style=\"text-align: justify;\">\u201cDesde la Mancomunidad de Municipios de la Costa Tropical siempre vamos a dirigir nuestro esfuerzos para promover el deporte en nuestra comarca con el objeto tambi\u00e9n de dar una plataforma de promoci\u00f3n a nuestros deportistas\u201d afirmaba\u00a0 Sergio Garc\u00eda\u00a0 Presidente de la Mancomunidad.<\/p>\n<p style=\"text-align: justify;\">La idea de esta prueba es brindar al ciclista aficionado la posibilidad de competir en una prueba de envergadura, \u201cel a\u00f1o pasado se realiz\u00f3\u00a0 una primera aproximaci\u00f3n con la I Cronoescalada Albu\u00f1ol- Albond\u00f3n, y este a\u00f1o, hemos podido ampliar la apuesta deportiva, ampliando el recorrido a otras zonas de la Costa Tropical\u201d argumentaba Mar\u00eda Jos\u00e9 S\u00e1nchez, alcaldesa de la localidad de Albu\u00f1ol.<\/p>\n<p style=\"text-align: justify;\">Margarita Castillo, empez\u00f3 agradeciendo la colaboraci\u00f3n de las bodegas de la zona, que han cedido una muestra de los vinos de la zona, los cuales se incluyen en las bolsa de los corredores, para dar a conocer los caldos que se elaboran en la zona y continu\u00f3 argumentando \u201cla celebraci\u00f3n de este tipo de eventos deportivos, son una oportunidad muy interesante de proyecci\u00f3n que ayudan a dar a conocer adem\u00e1s de las zonas de costa otras zonas de la provincia.\u201d<\/p>\n<p style=\"text-align: justify;\">Sergio Dom\u00ednguez, organizador, ha querido agradecer tanto al Presidente de Mancomunidad, como a las Alcaldesas de Albond\u00f3n y Albu\u00f1ol, por su colaboraci\u00f3n para que la prueba sea un \u00e9xito, y siga creciendo en ediciones pr\u00f3ximas.<\/p>\n<p style=\"text-align: justify;\">La Vuelta Ciclodeportiva Granada 2019, contar\u00e1 con dos etapas, la primera se celebrar\u00e1 el s\u00e1bado 6 de abril, esta ser\u00e1 la \u201cGran Jornada\u201d de la Vuelta, con una etapa que recorrer\u00e1 buena parte de la Contraviesa, pasado por Haza Lino, \u00d3rgiva, V\u00e9lez de Benaudalla, los Llanos de V\u00e9lez, Motril, Puntal\u00f3n, L\u00fajar, Castell de Ferro, La Mamola, Los Yesos, Y \u00a0Melicena. Todo ello teniendo como salida el municipio de Albond\u00f3n y llegada a la localidad de Albu\u00f1ol tras un recorrido de\u00a0 m\u00e1s de 140 kms.<\/p>\n<p style=\"text-align: justify;\">La segunda de las etapas se realizar\u00e1 el domingo 7 de abril, una cronoescalada \u201cRuta del Vino\u201d de 12km que tendr\u00e1 como salida la localidad de Albu\u00f1ol, junto a la jefatura de la Polic\u00eda, hasta llegar a la parte alta de Albond\u00f3n, junto al Hotel.<\/p>\n<p style=\"text-align: justify;\">Por \u00faltimo, la empresa organizadora, tambi\u00e9n ha querido agradecer a todas las empresas patrocinadoras y colaboradoras por su implicaci\u00f3n, para que eventos deportivos de esta categor\u00eda se puedan realizar.<\/p>\n<p style=\"text-align: justify;\">Para m\u00e1s informaci\u00f3n e inscripci\u00f3n: sdominguezproducciones.com.<\/p>\n","protected":false},"excerpt":{"rendered":"<p>Ayer por la\u00a0ma\u00f1ana se ha presentado la Vuelta Ciclodeportiva Granada que se celebrar\u00e1 el pr\u00f3ximo 6 y 7 de abril,&hellip;<\/p>\n","protected":false},"author":2,"featured_media":20409,"comment_status":"open","ping_status":"open","sticky":false,"template":"","format":"standard","meta":{"om_disable_all_campaigns":false,"_mi_skip_tracking":false,"_monsterinsights_sitenote_active":false,"_monsterinsights_sitenote_note":"","_monsterinsights_sitenote_category":0,"footnotes":""},"categories":[22],"tags":[],"aioseo_notices":[],"_links":{"self":[{"href":"https:\/\/granadacostaglobal.es\/index.php?rest_route=\/wp\/v2\/posts\/20408"}],"collection":[{"href":"https:\/\/granadacostaglobal.es\/index.php?rest_route=\/wp\/v2\/posts"}],"about":[{"href":"https:\/\/granadacostaglobal.es\/index.php?rest_route=\/wp\/v2\/types\/post"}],"author":[{"embeddable":true,"href":"https:\/\/granadacostaglobal.es\/index.php?rest_route=\/wp\/v2\/users\/2"}],"replies":[{"embeddable":true,"href":"https:\/\/granadacostaglobal.es\/index.php?rest_route=%2Fwp%2Fv2%2Fcomments&post=20408"}],"version-history":[{"count":0,"href":"https:\/\/granadacostaglobal.es\/index.php?rest_route=\/wp\/v2\/posts\/20408\/revisions"}],"wp:featuredmedia":[{"embeddable":true,"href":"https:\/\/granadacostaglobal.es\/index.php?rest_route=\/"}],"wp:attachment":[{"href":"https:\/\/granadacostaglobal.es\/index.php?rest_route=%2Fwp%2Fv2%2Fmedia&parent=20408"}],"wp:term":[{"taxonomy":"category","embeddable":true,"href":"https:\/\/granadacostaglobal.es\/index.php?rest_route=%2Fwp%2Fv2%2Fcategories&post=20408"},{"taxonomy":"post_tag","embeddable":true,"href":"https:\/\/granadacostaglobal.es\/index.php?rest_route=%2Fwp%2Fv2%2Ftags&post=20408"}],"curies":[{"name":"wp","href":"https:\/\/api.w.org\/{rel}","templated":true}]}}