{"id":20369,"date":"2019-04-01T09:58:03","date_gmt":"2019-04-01T09:58:03","guid":{"rendered":"http:\/\/granadacostanacional.es\/?p=20369"},"modified":"2019-04-01T09:58:03","modified_gmt":"2019-04-01T09:58:03","slug":"churriana-de-la-vega-terceras-rutas-poeticas-granada-costa-y-presentacion-del-poemario-rey-de-reyes-de-jose-jaime-capel","status":"publish","type":"post","link":"https:\/\/granadacostaglobal.es\/?p=20369","title":{"rendered":"CHURRIANA DE LA VEGA. TERCERAS RUTAS PO\u00c9TICAS GRANADA COSTA Y PRESENTACI\u00d3N DEL POEMARIO \u201cREY DE REYES\u201d, DE JOS\u00c9 JAIME CAPEL"},"content":{"rendered":"<p style=\"text-align: justify;\">\u00a0\u00a0\u00a0\u00a0\u00a0\u00a0\u00a0\u00a0\u00a0 El pasado 22 de marzo, y bajo un espl\u00e9ndido d\u00eda primaveral, nos reunimos un grupo de socios de Granada Costa en el bonito pueblo de Churriana de la Vega, cuidada localidad de m\u00e1s de 15.000 habitantes, por cuyas calles y plazas\u00a0 pueden admirarse art\u00edsticas esculturas repartidas que sorprenden favorablemente al visitante.<\/p>\n<p style=\"text-align: justify;\">\u00a0\u00a0\u00a0\u00a0\u00a0\u00a0\u00a0\u00a0\u00a0 Dio comienzo el apretado programa que llev\u00e1bamos con la resoluci\u00f3n del Certamen de poes\u00eda dedicado a la Alhambra. Para ello, nos reunimos el jurado compuesto por D. Jos\u00e9 Jaime Capel Molina, D. Juli\u00e1n D\u00edaz Robledo y D\u00f1a. Carmen Carrasco, m\u00e1s D. Jos\u00e9 Segura, D. Carlos \u00c1lvaro Segura, como secretario, tomando nota de la puntuaci\u00f3n, y D. Antonio Segura, estos tres \u00faltimos sin voz ni voto. Los restantes miembros del jurado, D\u00f1a. To\u00f1y Castillo, Don Manuel Ceballos y\u00a0 D. Diego Sabiote, ante la imposibilidad de trasladarse a Churriana, enviaron sus resultados por correo.<\/p>\n<p>\u00a0\u00a0\u00a0\u00a0\u00a0\u00a0\u00a0\u00a0\u00a0 Una vez sacada la media de los puntos que cada concursante hab\u00eda obtenido, se procedi\u00f3 a romper los sobres con las plicas, guardadas por D. Jos\u00e9 Segura, resultando por unanimidad los siguientes ganadores: Primer premio: Jorge de Arco. Segundo premio: Ana Requena Leiva. Y tercer premio: Jes\u00fas Mart\u00ednez Mart\u00ednez. Quedando otros tres concursantes como finalistas.<\/p>\n<p>Satisfechos del deber cumplido, nos reunimos con los restantes socios- Inmaculada Rej\u00f3n, Pepa Cort\u00e9s, Paquita Jim\u00e9nez y Jos\u00e9 Heredia- para disfrutar de una excelente comida, invitaci\u00f3n de Sr. Alcalde de Churriana, D. Antonio Narv\u00e1ez, que asimismo asisti\u00f3. Acabada la misma, nos dirigimos al Palacio de las Artes Esc\u00e9nicas de Churriana de la Vega, magn\u00edfico edificio, lugar donde a las 16 horas hab\u00eda de celebrarse la jornada cultural, y cuyo vest\u00edbulo se hallaba adornado con los rollers de poetas y escritores\u00a0 colocados en dos filas, causando un efecto impactante. Puntual, comenz\u00f3 el recital de las III Rutas po\u00e9ticas Granada Costa 2019\u00a0 a cargo de un grupo de socios procedentes de distintos lugares. Bellos y variados poemas que nos hicieron pasar una velada envuelta en poes\u00eda cumpli\u00e9ndose as\u00ed el tercer encuentro a nivel nacional de las Rutas po\u00e9ticas que se viene celebrando por diversas localidades de la geograf\u00eda espa\u00f1ola, siendo las siguientes las correspondientes a L\u00e9rida el d\u00eda 13 de abril.<\/p>\n<p style=\"text-align: justify;\"><a href=\"http:\/\/granadacostanacional.es\/wp-content\/uploads\/2019\/04\/IMG_3712.jpg\"><img decoding=\"async\" loading=\"lazy\" class=\"aligncenter size-large wp-image-20380\" src=\"http:\/\/granadacostanacional.es\/wp-content\/uploads\/2019\/04\/IMG_3712-682x1024.jpg\" alt=\"IMG_3712\" width=\"682\" height=\"1024\" \/><\/a><\/p>\n<p style=\"text-align: center;\">Inma Rej\u00f3n, presentadora del acto<\/p>\n<p style=\"text-align: justify;\"><a href=\"http:\/\/granadacostanacional.es\/wp-content\/uploads\/2019\/04\/IMG_3715.jpg\"><img decoding=\"async\" loading=\"lazy\" class=\"aligncenter size-large wp-image-20381\" src=\"http:\/\/granadacostanacional.es\/wp-content\/uploads\/2019\/04\/IMG_3715-682x1024.jpg\" alt=\"IMG_3715\" width=\"682\" height=\"1024\" \/><\/a><\/p>\n<p style=\"text-align: center;\">Antonia Portillo<\/p>\n<p style=\"text-align: justify;\"><a href=\"http:\/\/granadacostanacional.es\/wp-content\/uploads\/2019\/04\/IMG_3720.jpg\"><img decoding=\"async\" loading=\"lazy\" class=\"aligncenter size-large wp-image-20382\" src=\"http:\/\/granadacostanacional.es\/wp-content\/uploads\/2019\/04\/IMG_3720-682x1024.jpg\" alt=\"IMG_3720\" width=\"682\" height=\"1024\" \/><\/a><\/p>\n<p style=\"text-align: center;\">Rafael Rodr\u00edguez, &#8220;Fali&#8221;<\/p>\n<p style=\"text-align: justify;\"><a href=\"http:\/\/granadacostanacional.es\/wp-content\/uploads\/2019\/04\/IMG_3723.jpg\"><img decoding=\"async\" loading=\"lazy\" class=\"aligncenter size-large wp-image-20383\" src=\"http:\/\/granadacostanacional.es\/wp-content\/uploads\/2019\/04\/IMG_3723-682x1024.jpg\" alt=\"IMG_3723\" width=\"682\" height=\"1024\" \/><\/a><\/p>\n<p style=\"text-align: center;\">Francisco Jim\u00e9nez<\/p>\n<p style=\"text-align: justify;\"><a href=\"http:\/\/granadacostanacional.es\/wp-content\/uploads\/2019\/04\/IMG_3728.jpg\"><img decoding=\"async\" loading=\"lazy\" class=\"aligncenter size-large wp-image-20384\" src=\"http:\/\/granadacostanacional.es\/wp-content\/uploads\/2019\/04\/IMG_3728-682x1024.jpg\" alt=\"IMG_3728\" width=\"682\" height=\"1024\" \/><\/a><\/p>\n<p style=\"text-align: center;\">Jos\u00e9 Heredia<\/p>\n<p style=\"text-align: justify;\"><a href=\"http:\/\/granadacostanacional.es\/wp-content\/uploads\/2019\/04\/IMG_3731.jpg\"><img decoding=\"async\" loading=\"lazy\" class=\"aligncenter size-large wp-image-20385\" src=\"http:\/\/granadacostanacional.es\/wp-content\/uploads\/2019\/04\/IMG_3731-682x1024.jpg\" alt=\"IMG_3731\" width=\"682\" height=\"1024\" \/><\/a><\/p>\n<p style=\"text-align: center;\">Antonio Gonz\u00e1lez<\/p>\n<p style=\"text-align: justify;\"><a href=\"http:\/\/granadacostanacional.es\/wp-content\/uploads\/2019\/04\/IMG_3735.jpg\"><img decoding=\"async\" loading=\"lazy\" class=\"aligncenter size-large wp-image-20386\" src=\"http:\/\/granadacostanacional.es\/wp-content\/uploads\/2019\/04\/IMG_3735-682x1024.jpg\" alt=\"IMG_3735\" width=\"682\" height=\"1024\" \/><\/a><\/p>\n<p style=\"text-align: center;\">Jacinta Ortiz Mesa<\/p>\n<p style=\"text-align: justify;\"><a href=\"http:\/\/granadacostanacional.es\/wp-content\/uploads\/2019\/04\/IMG_3740.jpg\"><img decoding=\"async\" loading=\"lazy\" class=\"aligncenter size-large wp-image-20387\" src=\"http:\/\/granadacostanacional.es\/wp-content\/uploads\/2019\/04\/IMG_3740-682x1024.jpg\" alt=\"IMG_3740\" width=\"682\" height=\"1024\" \/><\/a><\/p>\n<p style=\"text-align: center;\">Francisca Gim\u00e9nez<\/p>\n<p style=\"text-align: justify;\"><a href=\"http:\/\/granadacostanacional.es\/wp-content\/uploads\/2019\/04\/IMG_3742.jpg\"><img decoding=\"async\" loading=\"lazy\" class=\"aligncenter size-large wp-image-20388\" src=\"http:\/\/granadacostanacional.es\/wp-content\/uploads\/2019\/04\/IMG_3742-682x1024.jpg\" alt=\"IMG_3742\" width=\"682\" height=\"1024\" \/><\/a><\/p>\n<p style=\"text-align: center;\">Ana Requena Leyva<\/p>\n<p style=\"text-align: justify;\"><a href=\"http:\/\/granadacostanacional.es\/wp-content\/uploads\/2019\/04\/IMG_3747.jpg\"><img decoding=\"async\" loading=\"lazy\" class=\"aligncenter size-large wp-image-20389\" src=\"http:\/\/granadacostanacional.es\/wp-content\/uploads\/2019\/04\/IMG_3747-682x1024.jpg\" alt=\"IMG_3747\" width=\"682\" height=\"1024\" \/><\/a><\/p>\n<p style=\"text-align: center;\">Carmen Carrasco Ramos<\/p>\n<p style=\"text-align: justify;\"><a href=\"http:\/\/granadacostanacional.es\/wp-content\/uploads\/2019\/04\/IMG_3750.jpg\"><img decoding=\"async\" loading=\"lazy\" class=\"aligncenter size-large wp-image-20390\" src=\"http:\/\/granadacostanacional.es\/wp-content\/uploads\/2019\/04\/IMG_3750-682x1024.jpg\" alt=\"IMG_3750\" width=\"682\" height=\"1024\" \/><\/a><\/p>\n<p style=\"text-align: center;\">Jos\u00e9 Jaime Capel Molina<\/p>\n<p style=\"text-align: justify;\">\u00a0 \u00a0\u00a0\u00a0\u00a0\u00a0\u00a0\u00a0\u00a0Finalizado el recital de las III Rutas po\u00e9ticas, el cantaor de flamenco Jos\u00e9 Heredia <em>El Grana\u00edno,<\/em> se arranc\u00f3 por unas colombianas dedicadas a la Alhambra, pr\u00f3ximas a formar parte de su nuevo disco con letras de socios de Granada Costa. Gracias, amigo Jos\u00e9.<\/p>\n<p style=\"text-align: justify;\">\u00a0\u00a0\u00a0\u00a0\u00a0\u00a0\u00a0\u00a0\u00a0 A continuaci\u00f3n, el poeta, escritor y pintor Jos\u00e9 Jaime Capel, present\u00f3 su \u00faltimo libro, <em>Cristo<\/em>, <em>Rey de Reyes<\/em>, Primer premio Internacional de las Letras Segura de Haro de Poes\u00eda M\u00edstica. A m\u00ed me cupo el honor de presentar este gran poemario compuesto por 49 poemas, sonetos, liras, madrigales y otras rimas, todos plenos de belleza, acertadas met\u00e1foras y escrito en el\u00a0 elevado lenguaje, a la vez que sencillo y exquisito, que nos tiene acostumbrados el poeta almeriense.<\/p>\n<p style=\"text-align: justify;\"><a href=\"http:\/\/granadacostanacional.es\/wp-content\/uploads\/2019\/04\/IMG_3793.jpg\"><img decoding=\"async\" loading=\"lazy\" class=\"aligncenter size-large wp-image-20391\" src=\"http:\/\/granadacostanacional.es\/wp-content\/uploads\/2019\/04\/IMG_3793-1024x682.jpg\" alt=\"IMG_3793\" width=\"1024\" height=\"682\" \/><\/a><\/p>\n<p style=\"text-align: center;\">Momento de la firma de ambos libros<\/p>\n<p style=\"text-align: justify;\"><a href=\"http:\/\/granadacostanacional.es\/wp-content\/uploads\/2019\/04\/IMG_3756.jpg\"><img decoding=\"async\" loading=\"lazy\" class=\"aligncenter size-large wp-image-20392\" src=\"http:\/\/granadacostanacional.es\/wp-content\/uploads\/2019\/04\/IMG_3756-1024x682.jpg\" alt=\"IMG_3756\" width=\"1024\" height=\"682\" \/><\/a><\/p>\n<p style=\"text-align: center;\">Presentaci\u00f3n del libro, &#8220;Cristo, Rey de Reyes&#8221;<\/p>\n<p style=\"text-align: justify;\"><a href=\"http:\/\/granadacostanacional.es\/wp-content\/uploads\/2019\/04\/IMG_3758.jpg\"><img decoding=\"async\" loading=\"lazy\" class=\"aligncenter size-large wp-image-20393\" src=\"http:\/\/granadacostanacional.es\/wp-content\/uploads\/2019\/04\/IMG_3758-1024x682.jpg\" alt=\"IMG_3758\" width=\"1024\" height=\"682\" \/><\/a><\/p>\n<p style=\"text-align: justify;\"><a href=\"http:\/\/granadacostanacional.es\/wp-content\/uploads\/2019\/04\/IMG_3768.jpg\"><img decoding=\"async\" loading=\"lazy\" class=\"aligncenter size-large wp-image-20394\" src=\"http:\/\/granadacostanacional.es\/wp-content\/uploads\/2019\/04\/IMG_3768-1024x682.jpg\" alt=\"IMG_3768\" width=\"1024\" height=\"682\" \/><\/a><\/p>\n<p style=\"text-align: justify;\">\u00a0\u00a0\u00a0\u00a0\u00a0\u00a0\u00a0\u00a0\u00a0 Enhorabuena, amigo Jos\u00e9 Jaime. Tus poemas son oraciones que sin duda alguna se elevar\u00e1n hacia los cielos.<\/p>\n<p style=\"text-align: justify;\">\u00a0\u00a0\u00a0\u00a0\u00a0\u00a0\u00a0\u00a0\u00a0 Junto con el poemario, <em>Cristo, Rey de Reyes,<\/em> obsequi\u00e9 mi libro m\u00e1s querido<em>, El<\/em> <em>diario de Yasm\u00edn<\/em> a los que anteriormente hab\u00edan adquirido el de Jos\u00e9 Jaime.<\/p>\n<p style=\"text-align: justify;\"><em>El diario \u00a0de<\/em> <em>Yasm\u00edn<\/em> es Premio de la Cr\u00edtica Granada Costa 2017, Premio Internacional de las Letras Segura de Haro 2018, y por el cual, teniendo en cuenta su contenido did\u00e1ctico y la defensa que en \u00e9l hago de los animales, se me otorg\u00f3 en Valencia el t\u00edtulo de Primer Miembro de Honor de ARCADYS, Asociaci\u00f3n para el Respeto y Defensa de los Animales Dom\u00e9sticos y Salvajes. Libro que, juntamente con Jos\u00e9 Jaime, hube de ir firmando.<\/p>\n<p style=\"text-align: justify;\">Tras la presentaci\u00f3n del libro, se dieron a conocer los resultados del Primer Certamen Granada Costa dedicado a la Alhambra, por parte de D. Carlos \u00c1lvaro Segura, y se hizo lectura de los poemas ganadores por parte de miembros del jurado.<\/p>\n<p style=\"text-align: justify;\"><a href=\"http:\/\/granadacostanacional.es\/wp-content\/uploads\/2019\/04\/IMG_3827.jpg\"><img decoding=\"async\" loading=\"lazy\" class=\"aligncenter size-large wp-image-20396\" src=\"http:\/\/granadacostanacional.es\/wp-content\/uploads\/2019\/04\/IMG_3827-1024x682.jpg\" alt=\"IMG_3827\" width=\"1024\" height=\"682\" \/><\/a><\/p>\n<p style=\"text-align: center;\">Carmen Carrasco dando lectura al tercer premio del certamen<\/p>\n<p style=\"text-align: justify;\"><a href=\"http:\/\/granadacostanacional.es\/wp-content\/uploads\/2019\/04\/IMG_3820.jpg\"><img decoding=\"async\" loading=\"lazy\" class=\"aligncenter size-large wp-image-20397\" src=\"http:\/\/granadacostanacional.es\/wp-content\/uploads\/2019\/04\/IMG_3820-1024x682.jpg\" alt=\"IMG_3820\" width=\"1024\" height=\"682\" \/><\/a><\/p>\n<p style=\"text-align: center;\">Jos\u00e9 Jaime Capel dando lectura al segundo premio del certamen<\/p>\n<p style=\"text-align: justify;\"><a href=\"http:\/\/granadacostanacional.es\/wp-content\/uploads\/2019\/04\/IMG_3825.jpg\"><img decoding=\"async\" loading=\"lazy\" class=\"aligncenter size-large wp-image-20398\" src=\"http:\/\/granadacostanacional.es\/wp-content\/uploads\/2019\/04\/IMG_3825-1024x682.jpg\" alt=\"IMG_3825\" width=\"1024\" height=\"682\" \/><\/a><\/p>\n<p style=\"text-align: center;\">Ana Requena recibiendo el segundo premio del certamen<\/p>\n<p style=\"text-align: justify;\"><a href=\"http:\/\/granadacostanacional.es\/wp-content\/uploads\/2019\/04\/IMG_3829.jpg\"><img decoding=\"async\" loading=\"lazy\" class=\"aligncenter size-large wp-image-20399\" src=\"http:\/\/granadacostanacional.es\/wp-content\/uploads\/2019\/04\/IMG_3829-1024x682.jpg\" alt=\"IMG_3829\" width=\"1024\" height=\"682\" \/><\/a><\/p>\n<p style=\"text-align: center;\">Juli\u00e1n D\u00edaz Robledo dando lectura al primer premio del certamen<\/p>\n<p style=\"text-align: justify;\">\u00a0\u00a0\u00a0\u00a0\u00a0\u00a0\u00a0\u00a0\u00a0 Acabada la entrega de premios y lectura de los poemas ganadores, el Sr. Segura, despu\u00e9s de pronunciar unas palabras exponiendo los motivos por los cuales el Sr. Alcalde de Churriana, D. Antonio Narv\u00e1ez, iba a recibir el premio como promotor del turismo y embellecimiento del pueblo, le hizo entrega del trofeo m\u00e1s importante del Proyecto Cultural Granada Costa, galard\u00f3n que agradeci\u00f3 con unas sentidas palabras. A continuaci\u00f3n, subimos todos al escenario para la foto de familia. De familia bien avenida, como es la t\u00f3nica general en nuestra Asociaci\u00f3n, pasando ya como despedida a tomar un vino obsequio de Pepe Segura.<\/p>\n<p style=\"text-align: justify;\"><a href=\"http:\/\/granadacostanacional.es\/wp-content\/uploads\/2019\/04\/IMG_3836.jpg\"><img decoding=\"async\" loading=\"lazy\" class=\"aligncenter size-large wp-image-20400\" src=\"http:\/\/granadacostanacional.es\/wp-content\/uploads\/2019\/04\/IMG_3836-682x1024.jpg\" alt=\"IMG_3836\" width=\"682\" height=\"1024\" \/><\/a><\/p>\n<p style=\"text-align: center;\">Intervenci\u00f3n de Jos\u00e9 Segura<\/p>\n<p style=\"text-align: justify;\"><a href=\"http:\/\/granadacostanacional.es\/wp-content\/uploads\/2019\/04\/IMG_3849.jpg\"><img decoding=\"async\" loading=\"lazy\" class=\"aligncenter size-large wp-image-20401\" src=\"http:\/\/granadacostanacional.es\/wp-content\/uploads\/2019\/04\/IMG_3849-682x1024.jpg\" alt=\"IMG_3849\" width=\"682\" height=\"1024\" \/><\/a><\/p>\n<p style=\"text-align: center;\">Antonio Narv\u00e1ez, Alcalde de Churriana de la Vega, recibiendo el Premio Humanidades Granada Costa<\/p>\n<p style=\"text-align: justify;\">\u00a0\u00a0\u00a0\u00a0\u00a0\u00a0\u00a0\u00a0\u00a0 \u00a0Finalizaba as\u00ed la primera jornada de actos en Churriana de la Vega con un balance totalmente positivo, tanto cultural como humano y hasta meteorol\u00f3gico, ya que gozamos de un espl\u00e9ndido d\u00eda de primavera.<\/p>\n<p style=\"text-align: justify;\"><a href=\"http:\/\/granadacostanacional.es\/wp-content\/uploads\/2019\/04\/IMG_3858.jpg\"><img decoding=\"async\" loading=\"lazy\" class=\"aligncenter size-large wp-image-20402\" src=\"http:\/\/granadacostanacional.es\/wp-content\/uploads\/2019\/04\/IMG_3858-1024x682.jpg\" alt=\"IMG_3858\" width=\"1024\" height=\"682\" \/><\/a><\/p>\n<p style=\"text-align: center;\">Foto de familia<\/p>\n<p style=\"text-align: right;\"><strong>Vuestra amiga Carmen Carrasco<\/strong><\/p>\n","protected":false},"excerpt":{"rendered":"<p>\u00a0\u00a0\u00a0\u00a0\u00a0\u00a0\u00a0\u00a0\u00a0 El pasado 22 de marzo, y bajo un espl\u00e9ndido d\u00eda primaveral, nos reunimos un grupo de socios de Granada&hellip;<\/p>\n","protected":false},"author":3,"featured_media":20392,"comment_status":"open","ping_status":"open","sticky":false,"template":"","format":"standard","meta":{"om_disable_all_campaigns":false,"_mi_skip_tracking":false,"_monsterinsights_sitenote_active":false,"_monsterinsights_sitenote_note":"","_monsterinsights_sitenote_category":0,"footnotes":""},"categories":[21,22],"tags":[],"aioseo_notices":[],"_links":{"self":[{"href":"https:\/\/granadacostaglobal.es\/index.php?rest_route=\/wp\/v2\/posts\/20369"}],"collection":[{"href":"https:\/\/granadacostaglobal.es\/index.php?rest_route=\/wp\/v2\/posts"}],"about":[{"href":"https:\/\/granadacostaglobal.es\/index.php?rest_route=\/wp\/v2\/types\/post"}],"author":[{"embeddable":true,"href":"https:\/\/granadacostaglobal.es\/index.php?rest_route=\/wp\/v2\/users\/3"}],"replies":[{"embeddable":true,"href":"https:\/\/granadacostaglobal.es\/index.php?rest_route=%2Fwp%2Fv2%2Fcomments&post=20369"}],"version-history":[{"count":0,"href":"https:\/\/granadacostaglobal.es\/index.php?rest_route=\/wp\/v2\/posts\/20369\/revisions"}],"wp:featuredmedia":[{"embeddable":true,"href":"https:\/\/granadacostaglobal.es\/index.php?rest_route=\/"}],"wp:attachment":[{"href":"https:\/\/granadacostaglobal.es\/index.php?rest_route=%2Fwp%2Fv2%2Fmedia&parent=20369"}],"wp:term":[{"taxonomy":"category","embeddable":true,"href":"https:\/\/granadacostaglobal.es\/index.php?rest_route=%2Fwp%2Fv2%2Fcategories&post=20369"},{"taxonomy":"post_tag","embeddable":true,"href":"https:\/\/granadacostaglobal.es\/index.php?rest_route=%2Fwp%2Fv2%2Ftags&post=20369"}],"curies":[{"name":"wp","href":"https:\/\/api.w.org\/{rel}","templated":true}]}}