{"id":20339,"date":"2019-03-29T10:20:48","date_gmt":"2019-03-29T10:20:48","guid":{"rendered":"http:\/\/granadacostanacional.es\/?p=20339"},"modified":"2019-03-29T10:20:48","modified_gmt":"2019-03-29T10:20:48","slug":"recomendaciones-de-discos-made-in-granada","status":"publish","type":"post","link":"https:\/\/granadacostaglobal.es\/?p=20339","title":{"rendered":"Recomendaciones de discos Made in Granada"},"content":{"rendered":"<p style=\"text-align: justify;\"><a href=\"http:\/\/granadacostanacional.es\/wp-content\/uploads\/2019\/03\/Cara.jpg\"><img decoding=\"async\" loading=\"lazy\" class=\"size-full wp-image-20342\" src=\"http:\/\/granadacostanacional.es\/wp-content\/uploads\/2019\/03\/Cara.jpg\" alt=\"Cara\" width=\"886\" height=\"886\" \/><\/a><\/p>\n<p style=\"text-align: justify;\">\n<p style=\"text-align: justify;\">\u2022APARTAMENTOS ACAPULCO &#8211; EL RESTO DEL MUNDO LP ( EL EJ\u00c9RCITO ROJO)<\/p>\n<p style=\"text-align: justify;\"><a href=\"http:\/\/granadacostanacional.es\/wp-content\/uploads\/2019\/03\/1.jpg\"><img decoding=\"async\" loading=\"lazy\" class=\"aligncenter size-large wp-image-20343\" src=\"http:\/\/granadacostanacional.es\/wp-content\/uploads\/2019\/03\/1-1024x1024.jpg\" alt=\"1\" width=\"1024\" height=\"1024\" \/><\/a><br \/>\nSegundo larga duraci\u00f3n de la banda granadina que toma su nombre de un estudio de grabaci\u00f3n, situado en el barrio de Boedo en Buenos Aires, donde el grupo vivi\u00f3 durante sus d\u00edas en Argentina. De su estancia en aquel pa\u00eds se trajeron tambi\u00e9n colaboraciones como las de Gustavo Monsalvo \u201cNi\u00f1o Elefante\u201d (El Mat\u00f3 a un Polic\u00eda Motorizado), guitarra en \u201cLa mujer y el monstruo\u201d, Anabella Cartolano (Las Ligas Menores), voz en \u201cRegional Preferente\u201d y Juli\u00e1n G\u00f3mez, que pone ambientes en \u201cAlgo que Aplastar o Pisotear\u201d y \u201cEl resto del mundo\u201d.<br \/>\nEl disco ha sido grabado entre La Madre Estudios (Deifontes, Granada) y Resto del Mundo (Buenos Aires). Para Apartamentos Acapulco &#8220;El Resto del Mundo&#8221; es dar una explicaci\u00f3n a su posici\u00f3n respecto a todo lo que les rodea, es estar encerrado en una habitaci\u00f3n de la que no querer salir y no saber nada m\u00e1s. Tambi\u00e9n es la manera hacer un homenaje a todo lo que vivieron en su gira por Argentina.<\/p>\n<p style=\"text-align: justify;\">\u2022VERONA- FUERZAS RESULTANTES EP ( SUBTERFUGE RECORDS)<\/p>\n<p style=\"text-align: justify;\"><a href=\"http:\/\/granadacostanacional.es\/wp-content\/uploads\/2019\/03\/2.jpg\"><img decoding=\"async\" loading=\"lazy\" class=\"aligncenter size-large wp-image-20344\" src=\"http:\/\/granadacostanacional.es\/wp-content\/uploads\/2019\/03\/2-1024x1024.jpg\" alt=\"2\" width=\"1024\" height=\"1024\" \/><\/a><br \/>\nLos granadinos a los que conocimos por su debut con el EP &#8220;Din\u00e1mica&#8221; y el LP &#8220;Equilibrio&#8221;, producidos por Paco Rom\u00e1n (Neuman), vuelven con un nuevo EP producido por Luca Petricca en los Estudios Reno de Madrid. Sin renunciar a su estilo shoegaze y lo-fi, Verona han querido ir un paso m\u00e1s all\u00e1 integrando sonidos programados con sintetizadores. Combinando programaci\u00f3n y guitarras, el disco se llama &#8220;Fuerzas resultantes&#8221; por el hecho de aunar conceptos para ir dando a las canciones una l\u00ednea nueva incorporando sonidos y estructuras antes no utilizados. Cuatro temas con la intensidad habitual pero con m\u00e1s brillo y protagonismo de la voz de su l\u00edder Antonio.<\/p>\n<p style=\"text-align: justify;\">\u2022CHECOPOLACO &#8211; TRES PASOS LP (EJ\u00c9RCITO ROJO\/LOJASOUND RECORDS)<\/p>\n<p style=\"text-align: justify;\"><a href=\"http:\/\/granadacostanacional.es\/wp-content\/uploads\/2019\/03\/3-1.jpg\"><img decoding=\"async\" loading=\"lazy\" class=\"aligncenter size-large wp-image-20345\" src=\"http:\/\/granadacostanacional.es\/wp-content\/uploads\/2019\/03\/3-1-1024x1024.jpg\" alt=\"3\" width=\"1024\" height=\"1024\" \/><\/a><br \/>\nChecopolaco, el proyecto en solitario de Juli\u00e1n M\u00e9ndez, bajista de Los Planetas desde 2010, y ex miembro de Lori Meyers, publica su tercer LP que ha sido grabado, mezclado y masterizado por Carlos D\u00edaz (Los Planetas, Los Pilotos, P\u00e1jaro Jack&#8230;) entre los estudios de Lojasound Estudios, Santa Mar\u00eda de la Vega, Abbey Road Studios y Teatro Imperial de Loja y producido por el mismo Juli\u00e1n. Para la m\u00fasica de este disco cont\u00f3 con la colaboraci\u00f3n de artistas como Alejandro M\u00e9ndez, Alonso D\u00edaz, Florent, Sole\u00e1 Morente, Miryam Levy, Francisco M\u00e9ndez, Daniel Guirado, Antonio Dom\u00ednguez, Alberto Ortiz.<\/p>\n<p style=\"text-align: justify;\">\u2022D&#8217;BALDOMEROS &#8211; LA VIDA EN UNA HORA LP (ROCK CD RECORDS)<\/p>\n<p style=\"text-align: justify;\"><a href=\"http:\/\/granadacostanacional.es\/wp-content\/uploads\/2019\/03\/4.jpg\"><img decoding=\"async\" loading=\"lazy\" class=\"aligncenter size-large wp-image-20346\" src=\"http:\/\/granadacostanacional.es\/wp-content\/uploads\/2019\/03\/4-1024x1024.jpg\" alt=\"4\" width=\"1024\" height=\"1024\" \/><\/a><br \/>\nD\u2019Baldomeros presenta su nuevo LP \u201cLa vida en una Hora\u201d, en La Casa Estudio (Albu\u00f1uelas,Granada) y ha sido producido y mezclado por Harry Up!. Un trabajo que consta de siete temas del m\u00e1s puro rock electr\u00f3nico, con pinceladas de funk y disco, en el que la esencia de la banda se consolida y se reescribe en una nueva identidad de gran contundencia r\u00edtmica, guitarras din\u00e1micas y de car\u00e1cter muy vital y trabajo vocal de potente personalidad. \u201cLa vida en una Hora\u201d nos habla a trav\u00e9s de sus letras, en varios idiomas, de universales conocidos como el amor, la p\u00e9rdida, la identidad, las adicciones, la alienaci\u00f3n social, y lo hace, sobre todo, desde el punto de vista femenino.<\/p>\n<p style=\"text-align: justify;\">\u2022FUNKDACI\u00d3N &#8211; BACK TONMY SKIN (DR. FUNK)<\/p>\n<p style=\"text-align: justify;\"><a href=\"http:\/\/granadacostanacional.es\/wp-content\/uploads\/2019\/03\/5.jpg\"><img decoding=\"async\" loading=\"lazy\" class=\"aligncenter size-large wp-image-20347\" src=\"http:\/\/granadacostanacional.es\/wp-content\/uploads\/2019\/03\/5-1024x1024.jpg\" alt=\"5\" width=\"1024\" height=\"1024\" \/><\/a><br \/>\nFunkdacion estrena su cuarto \u00e1lbum, el m\u00e1s personal hasta la fecha. Un \u00e1lbum en formato EP de cuatro canciones originales que demuestran la constante evoluci\u00f3n de la banda. Fieles a su manera de concebir el g\u00e9nero funk&amp;soul, Funkdacion nos sorprenden de nuevo con su mejor versi\u00f3n arriesgada e innovadora, regresan a su sonido m\u00e1s aut\u00e9ntico con personalidad incontestable que as\u00ed los caracteriza. Grabado en Gargola Record y Estudio de grabaci\u00f3n Producciones Peligrosas (Guadix,Granada), han convertido la evoluci\u00f3n y b\u00fasqueda sonora en su sello personal, generando gran expectaci\u00f3n a cada paso que dan. Este \u00e1lbum ha sido auto producido desde su sello discogr\u00e1fico Dr.Funk Producciones.<\/p>\n<p style=\"text-align: justify;\">\u2022RADIO PALMER &#8211; RADIO PALMER EP (CIUDAD OASIS)<\/p>\n<p style=\"text-align: justify;\"><a href=\"http:\/\/granadacostanacional.es\/wp-content\/uploads\/2019\/03\/6.jpg\"><img decoding=\"async\" loading=\"lazy\" class=\"aligncenter size-large wp-image-20348\" src=\"http:\/\/granadacostanacional.es\/wp-content\/uploads\/2019\/03\/6-1022x1024.jpg\" alt=\"6\" width=\"1022\" height=\"1024\" \/><\/a><br \/>\nPrimer EP de banda granadina de la mano de Ciudad Oasis, grabado en Gamma Studio (Fuenlabrada, Madrid) bajo la producci\u00f3n de Fran (Los Nastys), Lois (Trajano!) y Diego (The Parrots), constituye la carta de presentaci\u00f3n de esta banda que, dada su juventud, cuenta con un prometedor futuro por delante. Puede sonar punk, rock y psicodelia: es decir, suena a la evoluci\u00f3n natural del garage m\u00e1s ortodoxo.<br \/>\nLos ecos de Black Lips y Shannon &amp; The Clams se rasgan en cada acorde, para filtrarse por fin a trav\u00e9s de un tamiz m\u00e1s retro y surfero que es, a fin de cuentas, la marca de la casa. Sobre esta amalgama sonora descansa una voz distorsionada que, por el uso del castellano en las letras, puede recordar a Los Nastys e incluso a los primeros Novedades Carminha.<\/p>\n","protected":false},"excerpt":{"rendered":"<p>\u2022APARTAMENTOS ACAPULCO &#8211; EL RESTO DEL MUNDO LP ( EL EJ\u00c9RCITO ROJO) Segundo larga duraci\u00f3n de la banda granadina que&hellip;<\/p>\n","protected":false},"author":2,"featured_media":20341,"comment_status":"open","ping_status":"open","sticky":false,"template":"","format":"standard","meta":{"om_disable_all_campaigns":false,"_mi_skip_tracking":false,"_monsterinsights_sitenote_active":false,"_monsterinsights_sitenote_note":"","_monsterinsights_sitenote_category":0,"footnotes":""},"categories":[21,30],"tags":[],"aioseo_notices":[],"_links":{"self":[{"href":"https:\/\/granadacostaglobal.es\/index.php?rest_route=\/wp\/v2\/posts\/20339"}],"collection":[{"href":"https:\/\/granadacostaglobal.es\/index.php?rest_route=\/wp\/v2\/posts"}],"about":[{"href":"https:\/\/granadacostaglobal.es\/index.php?rest_route=\/wp\/v2\/types\/post"}],"author":[{"embeddable":true,"href":"https:\/\/granadacostaglobal.es\/index.php?rest_route=\/wp\/v2\/users\/2"}],"replies":[{"embeddable":true,"href":"https:\/\/granadacostaglobal.es\/index.php?rest_route=%2Fwp%2Fv2%2Fcomments&post=20339"}],"version-history":[{"count":0,"href":"https:\/\/granadacostaglobal.es\/index.php?rest_route=\/wp\/v2\/posts\/20339\/revisions"}],"wp:featuredmedia":[{"embeddable":true,"href":"https:\/\/granadacostaglobal.es\/index.php?rest_route=\/"}],"wp:attachment":[{"href":"https:\/\/granadacostaglobal.es\/index.php?rest_route=%2Fwp%2Fv2%2Fmedia&parent=20339"}],"wp:term":[{"taxonomy":"category","embeddable":true,"href":"https:\/\/granadacostaglobal.es\/index.php?rest_route=%2Fwp%2Fv2%2Fcategories&post=20339"},{"taxonomy":"post_tag","embeddable":true,"href":"https:\/\/granadacostaglobal.es\/index.php?rest_route=%2Fwp%2Fv2%2Ftags&post=20339"}],"curies":[{"name":"wp","href":"https:\/\/api.w.org\/{rel}","templated":true}]}}