{"id":20331,"date":"2019-03-29T09:43:17","date_gmt":"2019-03-29T09:43:17","guid":{"rendered":"http:\/\/granadacostanacional.es\/?p=20331"},"modified":"2019-03-29T09:43:17","modified_gmt":"2019-03-29T09:43:17","slug":"entrevista-al-pianista-eduardo-frias","status":"publish","type":"post","link":"https:\/\/granadacostaglobal.es\/?p=20331","title":{"rendered":"ENTREVISTA AL PIANISTA EDUARDO FR\u00cdAS"},"content":{"rendered":"<p style=\"text-align: justify;\">Seguramente muchos no conozcan a este joven m\u00fasico madrile\u00f1o, que tan s\u00f3lo tiene 30 a\u00f1os, y que con gran talento y una sensibilidad extrema ha sabido recrear con su depurada t\u00e9cnica ante el teclado de un piano, un modo especial de contemplar las obras m\u00e1s rom\u00e1nticas que se hayan podido componer a lo largo de la historia de la m\u00fasica. Con las que ha conseguido conectar con el p\u00fablico que le escucha, al sentir con \u00e9l las emociones m\u00e1s hermosas que nos hace ser por esos momentos algo m\u00e1s que simples humanos mortales.<\/p>\n<p style=\"text-align: justify;\">\u00a0\u00a0\u00a0\u00a0\u00a0\u00a0\u00a0\u00a0\u00a0\u00a0\u00a0\u00a0\u00a0\u00a0\u00a0 En la actualidad, adem\u00e1s es el pianista dentro del programa de <em>\u201cCl\u00e1sicos y Reverentes\u201d <\/em>que se puede ver todos los domingos a eso de 12:00 hasta las 13:00, -de lo que ya coment\u00e9 con Judith Mateo, en la entrevista que la hice recientemente- acompa\u00f1ando en las piezas seleccionadas que deben interpretar los j\u00f3venes concursantes, para ser con su aportaci\u00f3n el complemento perfecto en aquellas composiciones donde la elegancia sonora de un piano, siempre consigue elevar a las cimas auditivas la obra en cuesti\u00f3n.<\/p>\n<p style=\"text-align: justify;\"><a href=\"http:\/\/granadacostanacional.es\/wp-content\/uploads\/2019\/03\/Eduardo-Fr\u00edas-disco.jpg\"><img decoding=\"async\" loading=\"lazy\" class=\"aligncenter size-large wp-image-20333\" src=\"http:\/\/granadacostanacional.es\/wp-content\/uploads\/2019\/03\/Eduardo-Fr\u00edas-disco-1002x1024.jpg\" alt=\"Eduardo Fr\u00edas disco\" width=\"1002\" height=\"1024\" \/><\/a><\/p>\n<p style=\"text-align: justify;\">\u00a0\u00a0\u00a0\u00a0\u00a0\u00a0\u00a0\u00a0\u00a0\u00a0\u00a0\u00a0\u00a0\u00a0\u00a0 Lo primero, quiero darte las gracias Eduardo Fr\u00edas, por haberte prestado a responder a estas preguntas, dada la apretada agenda que tendr\u00e1s entre recitales, ensayos y otras audiciones. Como cuando hablamos por tel\u00e9fono que me dijiste que te dirig\u00edas a Santander, espero que fuese todo genial all\u00ed, y que el viaje no te dejara excesivamente exhausto,\u00a0 consiguiendo dejar al p\u00fablico maravillado con tu actuaci\u00f3n, adem\u00e1s de una huella imperecedera que ayude atraer a m\u00e1s gente al maravilloso mundo de la m\u00fasica cl\u00e1sica.<\/p>\n<p style=\"text-align: justify;\">\u00a0\u00a0\u00a0\u00a0\u00a0\u00a0\u00a0\u00a0\u00a0\u00a0\u00a0\u00a0\u00a0\u00a0\u00a0 Sin m\u00e1s pre\u00e1mbulos, si te parece bien, comencemos esta entrevista con la que espero contribuir a difundir tu vida y obra, para que la gente te comience a conocer algo m\u00e1s y que nuestra pasi\u00f3n por la m\u00fasica, salga beneficiada.<\/p>\n<p style=\"text-align: justify;\">\u00a0\u00a0\u00a0\u00a0\u00a0\u00a0\u00a0\u00a0\u00a0\u00a0\u00a0\u00a0\u00a0\u00a0\u00a0\u00a0 Este mes de diciembre cumplir\u00e1s los 31 a\u00f1os, y con esa juventud envidiable, te has conseguido labrar un nombre importante dentro del panorama pian\u00edstico en Espa\u00f1a e incluso en parte del extranjero. A qu\u00e9 edad te comenzaste a sentir atra\u00eddo por el piano, o quiz\u00e1s te enamoraste de otro instrumento y terminaste tras un deambular entre cuerdas y percusi\u00f3n, dici\u00e9ndote que lo tuyo era el teclado y a \u00e9l le dar\u00edas tu vida.<\/p>\n<p style=\"text-align: justify;\"><a href=\"http:\/\/granadacostanacional.es\/wp-content\/uploads\/2019\/03\/Eduardo-Fr\u00edas-al-piano-2.jpg\"><img decoding=\"async\" loading=\"lazy\" class=\"aligncenter size-full wp-image-20334\" src=\"http:\/\/granadacostanacional.es\/wp-content\/uploads\/2019\/03\/Eduardo-Fr\u00edas-al-piano-2.jpg\" alt=\"Eduardo Fr\u00edas al piano 2\" width=\"620\" height=\"411\" \/><\/a><\/p>\n<p style=\"text-align: justify;\">\u00a0\u00a0\u00a0\u00a0\u00a0\u00a0\u00a0\u00a0\u00a0\u00a0\u00a0\u00a0\u00a0\u00a0\u00a0\u00a0 -M\u00e1s que por el piano, mi flechazo fue por la m\u00fasica en general. Seg\u00fan cuentan mis padres, por ejemplo, hab\u00eda un programa en televisi\u00f3n a la tarde que ten\u00eda una obra de m\u00fasica cl\u00e1sica de sinton\u00eda. En cuanto la o\u00eda iba derecho al sal\u00f3n y me pon\u00eda delante del televisor. Cuando acababa, me iba. Tambi\u00e9n me dicen que aguantaba casi al completo los conciertos de a\u00f1o nuevo. Tambi\u00e9n hab\u00eda un programa por la tarde para ni\u00f1os que hac\u00eda Rosa Le\u00f3n, en el que hab\u00eda mucha m\u00fasica. Me llamaba la atenci\u00f3n un violinista y ped\u00ed a los Reyes un viol\u00edn. Acab\u00e9 con tort\u00edcolis. Lo siguiente fue un pianito con una luz que indicaba la tecla que ten\u00eda que tocar. A\u00fan lo conservo. Y ya nunca he dejado el piano.<\/p>\n<p style=\"text-align: justify;\">\u00a0\u00a0\u00a0\u00a0\u00a0\u00a0\u00a0\u00a0\u00a0\u00a0\u00a0\u00a0\u00a0\u00a0\u00a0\u00a0 En tus inicios tuviste el apoyo absoluto de tus padres, o no las ten\u00edan todas consigo, prefiriendo que hicieses otra carrera, pensando que eran cosas de ni\u00f1os y que la idea de ser m\u00fasico se terminar\u00eda pasando.<\/p>\n<p style=\"text-align: justify;\">\u00a0\u00a0\u00a0\u00a0\u00a0\u00a0\u00a0\u00a0\u00a0\u00a0\u00a0\u00a0\u00a0\u00a0\u00a0\u00a0 -Siempre he tenido el apoyo de mis padres, aunque la verdad es que tampoco les he dado ninguna opci\u00f3n. Nunca me he planteado hacer otra carrera porque todo mi tiempo lo quer\u00eda dedicar a estudiar el piano. Pero ellos tambi\u00e9n se sienten satisfechos por la elecci\u00f3n que he hecho y siempre han estado apoy\u00e1ndome en todo.<\/p>\n<p style=\"text-align: justify;\">\u00a0\u00a0\u00a0\u00a0\u00a0\u00a0\u00a0\u00a0\u00a0\u00a0\u00a0\u00a0\u00a0\u00a0\u00a0\u00a0 Imagino que habr\u00e1s estudiado miles de partituras e interpretado a un sinf\u00edn de grandes compositores y sus geniales obras. De todos ellos a qui\u00e9nes has admirado por encima del resto siendo en cierto modo tus maestros, y con cu\u00e1les, te sientes m\u00e1s identificado a la hora de interpretar sus piezas. Dado que la enorme variedad de creaciones que han pasado por tus manos, te habr\u00e1n hecho tener alguna preferencia especial.<\/p>\n<p style=\"text-align: justify;\">\u00a0\u00a0\u00a0\u00a0\u00a0\u00a0\u00a0\u00a0\u00a0\u00a0\u00a0\u00a0\u00a0\u00a0\u00a0\u00a0 -Efectivamente, por mis manos han pasado muchas partituras y a trav\u00e9s de ellas, muchos autores. Todos te dejan algo en tu car\u00e1cter musical. \u00bfAdmirar? Creo que a todos un poco. Saber que tienes en tus manos una partitura escrita por un gran genio, como Chopin, Beethoven, Liszt\u2026 te hace sentirte por un momento especial. Si tuviese que hablar de uno de mis favoritos, hablar\u00eda de Rachmaninof, por la fuerza de su m\u00fasica, por su capacidad de pasar de un tempo suave, delicado, a un fortissimo, y por su car\u00e1cter. Luego, he tenido la suerte de tocar obras de compositores vivos con los que tengo contacto, como Jorge Grundman, Miguel Bustamante, Juan Antonio Simarro o Manu del Corral. Es un lujo trabajar con ellos una partitura.<\/p>\n<p style=\"text-align: justify;\"><a href=\"http:\/\/granadacostanacional.es\/wp-content\/uploads\/2019\/03\/Eduardo-Fr\u00edas-3.png\"><img decoding=\"async\" loading=\"lazy\" class=\"aligncenter size-full wp-image-20335\" src=\"http:\/\/granadacostanacional.es\/wp-content\/uploads\/2019\/03\/Eduardo-Fr\u00edas-3.png\" alt=\"Eduardo Fr\u00edas 3\" width=\"982\" height=\"664\" \/><\/a><\/p>\n<p style=\"text-align: justify;\">\u00a0\u00a0\u00a0\u00a0\u00a0\u00a0\u00a0\u00a0\u00a0\u00a0\u00a0\u00a0\u00a0\u00a0\u00a0\u00a0 He le\u00eddo algunos comentarios sobre tu forma de plasmar las piezas que pasan por tus dedos, con elogios excelentes como: <em>\u201cEduardo Fr\u00edas es un pianista consumado a sus 29 a\u00f1os. Conjuga<\/em> <em>en perfecto equilibrio la expresi\u00f3n del coraz\u00f3n con el rigor de la t\u00e9cnica cerebral, consiguiendo una comunicaci\u00f3n plena con el auditorio\u201d \u2013<\/em>\u00d3pera World, <em>\u201cSus notas, pasando de un comienzo l\u00fagubre a un ritmo animado, transmiten la mejor sensaci\u00f3n de bienestar posible\u201d <\/em>\u2013Genteventos, en el concierto de la National Gallery de Londres, adem\u00e1s de estas otras que dicen muchas maravillas sobre tus maneras, <em>\u201cSirva como ejemplo m\u00e1ximo la sonata para viol\u00edn y piano de Jan\u00e1cek, donde el pianista Eduardo Fr\u00edas hizo una soberbia actuaci\u00f3n\u201d \u2013<\/em>\u00d3pera World, tras su actuaci\u00f3n en la Fundaci\u00f3n Juan March, Madrid o <em>Eduardo Fr\u00edas realiz\u00f3 dos sonatas para teclado pausado de Scarlatti y Soler, seguida de una lectura apasionada de Granados, con su obra \u00b4La maja y el ruise\u00f1or` y una versi\u00f3n refrescante y sencilla del adagio sostenuto del \u00b4Claro de luna`de Beethoven, en el que logr\u00f3 hipnotizar a la audiencia con un sonido ondulante y di\u00e1fano\u201d <\/em>\u2013Derek Murray de Musik &amp; Vision. Con esas opiniones tan encomiables y merecidas, imagino que te sentir\u00e1s halagado y adem\u00e1s exigido de no perder la senda que has conseguido construir en tu estilo de entender las obras y de darles tu propias visi\u00f3n. Te resulta f\u00e1cil tocar para grandes auditorios sabiendo las altas valoraciones que has logrado alcanzar, o en cambio sientes cierto v\u00e9rtigo, teniendo que realizar alg\u00fan ejercicio de serenidad y concentraci\u00f3n. Dado que de s\u00f3lo pensarlo, me estoy mareando.<\/p>\n<p style=\"text-align: justify;\">\u00a0\u00a0\u00a0\u00a0\u00a0\u00a0\u00a0\u00a0\u00a0\u00a0\u00a0\u00a0\u00a0\u00a0\u00a0\u00a0 -En primer lugar, mi agradecimiento por estas cr\u00edticas tan amables por mis interpretaciones. Y sobre la capacidad de los auditorios te dir\u00e9 que a m\u00ed siempre me ha motivado tocar con mucha gente en el patio de butacas. Nunca he sentido lo que algunos califican como miedo esc\u00e9nico. Por ejemplo, el d\u00eda que m\u00e1s tranquilo sal\u00ed al escenario fue en el\u00a0 Carnegie Hall. Para m\u00ed aquello era un sue\u00f1o y me sent\u00eda feliz, como flotando en el aire, y con una tranquilidad interior absoluta.<\/p>\n<p style=\"text-align: justify;\">\u00a0\u00a0\u00a0\u00a0\u00a0\u00a0\u00a0\u00a0\u00a0\u00a0\u00a0\u00a0\u00a0\u00a0\u00a0\u00a0 Para aqu\u00e9llos que no sepan d\u00f3nde te fuiste haciendo como pianista y c\u00f3mo fueron aqu\u00e9llos a\u00f1os de estudio y sacrificio. Podr\u00edas decirles en qu\u00e9 Conservatorios has estudiado y c\u00f3mo fueron esos a\u00f1os de duro aprendizaje, con horas y horas de perfeccionamiento hasta lograr las m\u00e1ximas calificaciones y con qu\u00e9 maestros has estado para conseguir ser el Eduardo Fr\u00edas, que encandila con su sensibilidad y depurada maestr\u00eda, al fusionarte con ese piano siempre distinguido.<\/p>\n<p style=\"text-align: justify;\">\u00a0\u00a0\u00a0\u00a0\u00a0\u00a0\u00a0\u00a0\u00a0\u00a0\u00a0\u00a0\u00a0\u00a0\u00a0\u00a0 -Mi primera gran maestra fue Silvia N\u00fa\u00f1ez, que me cogi\u00f3 desde ni\u00f1o, cuando a\u00fan los pies no me llegaban a los pedales del piano, y que hoy todav\u00eda est\u00e1 ah\u00ed. Vive y trabaja en M\u00e9rida y muchos fines de semana he ido all\u00ed a estudiar con ella. Fue la que me prepar\u00f3 para entrar en el Conservatorio. Entr\u00e9 en el Conservatorio \u00c1ngel Arias Mace\u00edn, que ahora es el Moreno Torroba. Jos\u00e9 Luis Bernaldo de Quir\u00f3s y Carlos Mar\u00eda Dom\u00ednguez fueron mis profesores. Luego ya en el Superior de Madrid, hice la carrera con Elena Orobio, un portento como profesora, pedagoga y persona, de la que se aprende mucho en cinco a\u00f1os. Todo ello, como te puedes imaginar, compagin\u00e1ndolo con infinidad de cursos, clases particulares, etc. La lista ser\u00eda interminable destacando los \u00faltimos maestros, como Cristina Ortiz, Pascal Nemirovsky y Huseyin Sermet.<\/p>\n<p style=\"text-align: justify;\">\u00a0\u00a0\u00a0\u00a0\u00a0\u00a0\u00a0\u00a0\u00a0\u00a0\u00a0\u00a0\u00a0\u00a0\u00a0\u00a0 A pesar de esa juventud, -donde tienes toda una carrera por delante, en la que espero estar para seguirla. Deseando que alg\u00fan a\u00f1o de estos, te dejes caer por San Sebasti\u00e1n, y que te veamos actuar en la Quincena Musical que se organiza en los meses veraniegos, en el emblem\u00e1tico edificio del Kursaal. \u2013Has tenido el privilegio de actuar en salas importantes tanto de Europa, Am\u00e9rica y entidades oficiales en \u00c1frica. Nos podr\u00edas decir en qu\u00e9 lugares exactamente has actuado, y c\u00f3mo fueron aquellas experiencias. Te servir\u00edan imagino para seguir creciendo como persona y m\u00fasico.<\/p>\n<p style=\"text-align: justify;\">\u00a0\u00a0\u00a0\u00a0\u00a0\u00a0\u00a0\u00a0\u00a0\u00a0\u00a0\u00a0\u00a0\u00a0\u00a0\u00a0 -Ser\u00eda un lujo poder actuar en la Quince Musical de San Sebasti\u00e1n, ciudad de la que tengo muy buenos recuerdos de mis tres actuaciones en la Sala de Plenos del Ayuntamiento, en conciertos organizados por el Ateneo Guipuzcoano. He actuado en muchos sitios, afortunadamente. La que m\u00e1s me ha marcado es la del Carnegie Hall, en Nueva York. Tambi\u00e9n fui invitado al concierto que inaugur\u00f3 la exposici\u00f3n de Goya en la National Gallery de Londres, he sido el \u00fanico pianista espa\u00f1ol invitado al Festival de Piano PIANOFEST de Belo Horizonte (Brasil), he colaborado con el Instituto Cervantes y el Ministerio de Asuntos Exteriores de Espa\u00f1a en los Centros Culturales de Espa\u00f1a en Bata y Malabo (Guinea Ecuatorial),\u00a0 he tocado tambi\u00e9n en la Hochschule des Kunske de Berna (Suiza), en la Fundaci\u00f3n Julio Resende de Oporto (Portugal), en el Palacio Foz de Lisboa (Portugal) -en estas dos \u00faltimas salas, en dos ocasiones-, en las salas de la SGAE de Madrid y Barcelona, en los Cl\u00e1sicos de Verano de la Comunidad de Madrid de los a\u00f1os 2017 y2018, en la Fundaci\u00f3n Juan March (Madrid) y en el Auditorio Nacional (Madrid), entre las m\u00e1s destacadas.<\/p>\n<p style=\"text-align: justify;\"><a href=\"http:\/\/granadacostanacional.es\/wp-content\/uploads\/2019\/03\/Eduardo-Fr\u00edas-2.jpg\"><img decoding=\"async\" loading=\"lazy\" class=\"aligncenter size-large wp-image-20336\" src=\"http:\/\/granadacostanacional.es\/wp-content\/uploads\/2019\/03\/Eduardo-Fr\u00edas-2-682x1024.jpg\" alt=\"Eduardo Fr\u00edas 2\" width=\"682\" height=\"1024\" \/><\/a><\/p>\n<p style=\"text-align: justify;\">\u00a0\u00a0\u00a0\u00a0\u00a0\u00a0\u00a0\u00a0\u00a0\u00a0\u00a0\u00a0\u00a0\u00a0\u00a0\u00a0 Seg\u00fan me comentas, fuiste el \u00fanico pianista espa\u00f1ol invitado al Festival del Piano PIANOFEST de Belo Horizonte (Brasil). De aquello, qu\u00e9 recuerdos tienes y c\u00f3mo recibiste la noticia. Ser\u00eda una enorme responsabilidad ser el \u00fanico espa\u00f1ol que estar\u00eda tocando el teclado.<\/p>\n<p style=\"text-align: justify;\">\u00a0\u00a0\u00a0\u00a0\u00a0\u00a0\u00a0\u00a0\u00a0\u00a0\u00a0\u00a0\u00a0\u00a0\u00a0\u00a0 -Es otra experiencia m\u00e1s. Era muy joven entonces y sin tantas \u201ctablas\u201d. Pero acept\u00e9 el reto. Me impresion\u00f3 la ciudad y tuve la ocasi\u00f3n de contactar con pianistas de otros pa\u00edses. De todos se aprende un poco.<\/p>\n<p style=\"text-align: justify;\">\u00a0\u00a0\u00a0\u00a0\u00a0\u00a0\u00a0\u00a0\u00a0\u00a0\u00a0\u00a0\u00a0\u00a0\u00a0\u00a0 De tu colaboraci\u00f3n para el Instituto Cervantes y el Ministerio de Asuntos Exteriores de Espa\u00f1a en los Centros Culturales de Espa\u00f1a en Bata y Malabo (Guinea Ecuatorial).\u00a0 Me quedo sin palabras y seguro que mis lectores tambi\u00e9n, menuda responsabilidad el ir como colaborador de tan prestigioso instituto y especialmente para el Ministerio de Asuntos Exteriores. C\u00f3mo lo supiste llevar sabiendo que si tocabas alguna nota equivocada, te podr\u00edan tirar de las orejas.<\/p>\n<p style=\"text-align: justify;\">\u00a0\u00a0\u00a0\u00a0\u00a0\u00a0\u00a0\u00a0\u00a0\u00a0\u00a0\u00a0\u00a0\u00a0\u00a0\u00a0 -No era para tanto. Esa ha sido la visita que m\u00e1s me ha \u201ctocado\u201d en mi vida personal. De entrada te dir\u00e9 algo que te va a sorprender: tuve que llevar un teclado desde Espa\u00f1a porque en toda Guinea no hab\u00eda un solo piano que poder transportar. El guardia de la aduana quiso abrir la caja que lo proteg\u00eda para, seg\u00fan me dijo textualmente, \u201cver como es un piano\u201d. Hubo mucho p\u00fablico en las dos ciudades y fueron muy cari\u00f1osos.<\/p>\n<p style=\"text-align: justify;\">\u00a0\u00a0\u00a0\u00a0\u00a0\u00a0\u00a0\u00a0\u00a0\u00a0\u00a0\u00a0\u00a0\u00a0\u00a0\u00a0 \u00a1Alucinante! Es incre\u00edble que en todo un pa\u00eds, no existiese un solo piano. Adem\u00e1s de tus actuaciones como solista, has acompa\u00f1ado al piano a diversos artistas como Sol Gabetta (violoncello) o Leticia Moreno (Viol\u00edn), sin olvidarnos de los concursantes que cada domingo vemos en <em>\u201cCl\u00e1sicos y Reverentes\u201d. <\/em>De esto \u00faltimo llevas siendo el pianista estelar en las dos temporadas, acompa\u00f1\u00e1ndoles con las diversas piezas que deben interpretar ante un jurado exigente pero generoso, a la hora de hacerles mejores m\u00fasicos. C\u00f3mo te escogieron para ser el pianista de dicho programa tan excelente y qu\u00e9 les llegas a transmitir a los j\u00f3venes que deben acompa\u00f1arte, siendo t\u00fa un m\u00fasico ya consagrado que a pesar de su juventud, es posible que te vean como a un Barenboim o un Radu Lupu.<\/p>\n<p style=\"text-align: justify;\">\u00a0\u00a0\u00a0\u00a0\u00a0\u00a0\u00a0\u00a0\u00a0\u00a0\u00a0\u00a0\u00a0\u00a0\u00a0\u00a0 -El equipo de \u201cCl\u00e1sicos y Reverentes\u201d ya me conoc\u00eda del pasado y me llamaron. Muchos se creen que acompa\u00f1ar dos minutos es una tarea f\u00e1cil, pero est\u00e1n muy equivocados. Los chicos, sobre todo ellos, y yo tenemos que dar el m\u00e1ximo porque aqu\u00ed no hay cortes, todo va seguido. Les transmito lo que s\u00e9 de m\u00fasica de c\u00e1mara y la mejor forma, seg\u00fan mi opini\u00f3n, de interpretar las obras. Son tan j\u00f3venes que son como esponjas, lo asimilan todo.<\/p>\n<p style=\"text-align: justify;\">\u00a0\u00a0\u00a0\u00a0\u00a0\u00a0\u00a0\u00a0\u00a0\u00a0\u00a0\u00a0\u00a0\u00a0\u00a0\u00a0 Antes de terminar sacaste en los \u00faltimos meses un disco que contiene la obra integral de piano de Jorge Grundman, para el sello discogr\u00e1fico SONY CLASSICAL, que lleva por t\u00edtulo <em>Little Great Stories, <\/em>que has presentado en diversas ciudades del mundo, destacando Carnegie Hall. Qu\u00e9 nos podr\u00edas decir de este compositor madrile\u00f1o como t\u00fa, para el que no lo conozca y qu\u00e9 nos descubres con este trabajo discogr\u00e1fico.<\/p>\n<p style=\"text-align: justify;\">\u00a0\u00a0\u00a0\u00a0\u00a0\u00a0\u00a0\u00a0\u00a0\u00a0\u00a0\u00a0\u00a0\u00a0\u00a0\u00a0 -Empezar\u00e9 por lo m\u00e1s b\u00e1sico. Jorge Grundman es un compositor madrile\u00f1o, afortunadamente vivo, y tonal. A partir de ah\u00ed te dir\u00e9 que es un fan\u00e1tico de la m\u00fasica, que ha compuesto infinidad de obras para solistas, d\u00faos, tr\u00edos, cuartetos, quintetos, temas orquestales, etc. Trabajar con \u00e9l fue un lujo. Nos reun\u00edamos habitualmente para darle forma a toda su obra, \u00e9l me correg\u00eda y tambi\u00e9n o\u00eda mis observaciones. Fue un gran trabajo en equipo. Con este trabajo discogr\u00e1fico intento demostrar a la gente que existe una m\u00fasica moderna, entendible para el o\u00eddo del espectador del Siglo XXI.<\/p>\n<p style=\"text-align: justify;\">\u00a0\u00a0\u00a0\u00a0\u00a0\u00a0\u00a0\u00a0\u00a0\u00a0\u00a0\u00a0\u00a0\u00a0\u00a0\u00a0 He sabido a trav\u00e9s de las redes sociales, que formaste parte junto a la orquesta sinf\u00f3nica de Espa\u00f1a, y dirigidos por Iv\u00e1n Palomares. Para interpretar la m\u00fasica de la pel\u00edcula <em>\u201cEn las Estrellas\u201d <\/em>compuesta por el propio Iv\u00e1n, un joven compositor\u00a0 con un futuro enorme. C\u00f3mo fue aquella experiencia y con qu\u00e9 momentos te quedaste.<\/p>\n<p style=\"text-align: justify;\">\u00a0\u00a0\u00a0\u00a0\u00a0\u00a0\u00a0\u00a0\u00a0\u00a0\u00a0\u00a0\u00a0\u00a0\u00a0\u00a0 -Fue una experiencia magn\u00edfica para m\u00ed, que nunca hab\u00eda trabajado antes en algo as\u00ed. C\u00f3mo se ha venido diciendo a lo largo de esta entrevista, he podido hacer muchas cosas en mi carrera musical, he tocado en sitios diferentes y he interpretado todo tipo de m\u00fasica. Pero la m\u00fasica es una carrera que nunca se termina y siempre tienes que abrirte para aprender algo nuevo. La experiencia de trabajar en la banda de <em>\u201cEn las estrellas\u201d <\/em>me ha aportado mucho. En primer lugar, desde el punto de vista profesional\u00a0 ya que nunca hab\u00eda hecho un trabajo como \u00e9ste, coordinado con una gran orquesta como es la de RTVE\u00a0 y, muy importante, con unas im\u00e1genes. En segundo lugar, es un privilegio poder trabajar codo con codo con un compositor vivo. A los m\u00fasicos de cl\u00e1sica nos ense\u00f1an en los conversatorios a tocar obras de los grandes maestros de la historia. Obras bell\u00edsimas, sin duda. Pero se deja de lado a los int\u00e9rpretes contempor\u00e1neos y, sobre todo, a los vivos. Ellos son los que te pueden decir de primera mano la m\u00fasica que quieren hacer. Te pongo un ejemplo m\u00e1s arriesgado, \u00bfBeethoven, por ejemplo reconocer\u00eda hoy alguna de sus obras? Y ya, en tercer lugar, <em>\u201cEn las estrellas\u201d <\/em>fue una experiencia \u00fanica desde el punto de vista del ego personal, por la sensaci\u00f3n que se siente al escucharte en una gran pantalla de cine y rodeado de gente que no piensa, ni por asomo, que ese que est\u00e1 tocando esa pieza eres t\u00fa. <em>\u00a0<\/em><\/p>\n<p style=\"text-align: justify;\">\u00a0\u00a0\u00a0\u00a0\u00a0\u00a0\u00a0\u00a0\u00a0\u00a0\u00a0\u00a0\u00a0\u00a0\u00a0\u00a0 Poco despu\u00e9s se supo que dicha obra musical, entro de forma inesperada a la lista de los 33 Premios GOYA de la Academia de Cine Espa\u00f1ol como mejor m\u00fasica original. Aunque finalmente no se logr\u00f3 tan preciado reconocimiento. Imagino que de primeras te sentir\u00edas decepcionado, pero con calma ver\u00edas las cosas de forma diferente.<\/p>\n<p style=\"text-align: justify;\">\u00a0\u00a0\u00a0\u00a0\u00a0\u00a0\u00a0\u00a0\u00a0\u00a0\u00a0\u00a0\u00a0\u00a0\u00a0\u00a0 -Al principio te da un poco de rabia, pero luego lo vas asimilando. Es un lujazo poder estar ah\u00ed, sobre todo teniendo en cuenta los pocos medios con los que contaba la productora para la difusi\u00f3n.<\/p>\n<p style=\"text-align: justify;\">\u00a0\u00a0\u00a0\u00a0\u00a0\u00a0\u00a0\u00a0\u00a0\u00a0\u00a0\u00a0\u00a0\u00a0\u00a0\u00a0 Recientemente me enter\u00e9 de que ten\u00edas programada toda una gira por China, para este mes de Noviembre. Qu\u00e9 nos podr\u00edas adelantar de ella y c\u00f3mo te lleg\u00f3 la posibilidad de afrontar una aventura de tal envergadura.<\/p>\n<p style=\"text-align: justify;\">\u00a0-Otro reto importante. Los organizadores de la gira contactaron conmigo y no lo dud\u00e9 ni un segundo. Pretendo llevar m\u00fasica espa\u00f1ola, sobre todo, que es a lo que menos acostumbrados est\u00e1n.<\/p>\n<p style=\"text-align: justify;\">\u00a0\u00a0\u00a0\u00a0\u00a0\u00a0\u00a0\u00a0\u00a0\u00a0\u00a0\u00a0\u00a0\u00a0\u00a0\u00a0 Despu\u00e9s de tantas respuestas que espero no te hayan resultado comprometidas alguna de ellas, cumpliendo con el objetivo de difundir tu persona y la carrera que estas llevando. Te quisiera preguntar si existe alguna pregunta que te hubiera gustado responder, pero que desgraciadamente no te haya realizado.<\/p>\n<p style=\"text-align: justify;\">\u00a0\u00a0\u00a0\u00a0\u00a0\u00a0\u00a0\u00a0\u00a0\u00a0\u00a0\u00a0\u00a0\u00a0\u00a0\u00a0 -Quiz\u00e1s me hubiese gustado hablar de c\u00f3mo est\u00e1 la m\u00fasica cl\u00e1sica en Espa\u00f1a en la actualidad, que creo que atraviesa un gran momento en cuanto a la calidad y cantidad de j\u00f3venes que surgen, pero que no encuentran su espacio para tocar. Madrid, por ejemplo, necesita m\u00e1s salas en la que los j\u00f3venes puedan tocar con una cierta regularidad y que, incluso -f\u00edjate si soy atrevido- poder ganar alg\u00fan dinero simplemente para subsistir. Tocar se puede hacer en muchas salas hoy en Madrid, pero siempre que sea gratis. Y eso no puede ser. Cultura no es sin\u00f3nimo de gratuidad y eso se puede aplicar a empresarios, organismos oficiales y p\u00fablico.<\/p>\n<p style=\"text-align: justify;\">\u00a0\u00a0\u00a0\u00a0\u00a0\u00a0\u00a0\u00a0\u00a0\u00a0\u00a0\u00a0\u00a0\u00a0\u00a0\u00a0 Sin m\u00e1s, quiero agradecerte enormemente la atenci\u00f3n prestada, al responder a esta entrevista que he tenido el enorme placer de crearte. Con la que espero haber conseguido mi prop\u00f3sito, que es difundir y dar a conocer, a una persona encantadora, que ha conseguido labrarse una carrera impresionante delante de un instrumento que siempre me ha fascinado y que me hubiera gustado aprender a tocar desde que tuve conciencia musical.<\/p>\n<p style=\"text-align: justify;\">\u00a0\u00a0\u00a0\u00a0\u00a0\u00a0\u00a0\u00a0\u00a0\u00a0\u00a0\u00a0\u00a0\u00a0\u00a0 Para terminar, espero que no te importe responder a unas pocas preguntas tipo test, con las que nos ayudar\u00e1s a conocerte algo mejor sobre tu persona. \u00a1Muchas gracias, Eduardo Fr\u00edas! Te deseo muchos \u00e9xitos y triunfos, y espero que pronto te podamos disfrutar en las tierras vascas d\u00e1ndonos algunos recitales.<\/p>\n<p style=\"text-align: justify;\">\n<p style=\"text-align: justify;\">\u00a0\u00a0\u00a0\u00a0\u00a0\u00a0\u00a0\u00a0\u00a0\u00a0\u00a0\u00a0\u00a0\u00a0\u00a0\u00a0<strong> PREGUNTAS TIPO TEST:<\/strong><\/p>\n<p style=\"text-align: justify;\">\n<p style=\"text-align: justify;\">\u00a0\u00a0\u00a0\u00a0\u00a0\u00a0\u00a0\u00a0\u00a0\u00a0\u00a0\u00a0\u00a0\u00a0\u00a0 \u00bfUn personaje hist\u00f3rico?\u00a0 Napole\u00f3n.<\/p>\n<p style=\"text-align: justify;\">\u00a0\u00a0\u00a0\u00a0\u00a0\u00a0\u00a0\u00a0\u00a0\u00a0\u00a0\u00a0\u00a0\u00a0\u00a0 \u00bfUna \u00e9poca? El romanticismo.<\/p>\n<p style=\"text-align: justify;\">\u00a0\u00a0\u00a0\u00a0\u00a0\u00a0\u00a0\u00a0\u00a0\u00a0\u00a0\u00a0\u00a0\u00a0\u00a0 \u00bfUn pintor? Francisco de Goya.<\/p>\n<p style=\"text-align: justify;\">\u00a0\u00a0\u00a0\u00a0\u00a0\u00a0\u00a0\u00a0\u00a0\u00a0\u00a0\u00a0\u00a0\u00a0\u00a0 \u00bfUn escultor? Fernando Botero.<\/p>\n<p style=\"text-align: justify;\">\u00a0\u00a0\u00a0\u00a0\u00a0\u00a0\u00a0\u00a0\u00a0\u00a0\u00a0\u00a0\u00a0\u00a0\u00a0 \u00bfUn escritor? G.A. B\u00e9cquer.<\/p>\n<p style=\"text-align: justify;\">\u00a0\u00a0\u00a0\u00a0\u00a0\u00a0\u00a0\u00a0\u00a0\u00a0\u00a0\u00a0\u00a0\u00a0\u00a0 \u00bfUn poeta? F. Garc\u00eda Lorca.<\/p>\n<p style=\"text-align: justify;\">\u00a0\u00a0\u00a0\u00a0\u00a0\u00a0\u00a0\u00a0\u00a0\u00a0\u00a0\u00a0\u00a0\u00a0\u00a0 \u00bfUn libro? Siempre el siguiente que voy a leer.<\/p>\n<p style=\"text-align: justify;\">\u00a0\u00a0\u00a0\u00a0\u00a0\u00a0\u00a0\u00a0\u00a0\u00a0\u00a0\u00a0\u00a0\u00a0\u00a0 \u00bfUna pel\u00edcula? El resplandor.<\/p>\n<p style=\"text-align: justify;\">\u00a0\u00a0\u00a0\u00a0\u00a0\u00a0\u00a0\u00a0\u00a0\u00a0\u00a0\u00a0\u00a0\u00a0\u00a0 \u00bfUn director de cine, teatro o televisi\u00f3n? Stanley Kubrick.<\/p>\n<p style=\"text-align: justify;\">\u00a0\u00a0\u00a0\u00a0\u00a0\u00a0\u00a0\u00a0\u00a0\u00a0\u00a0\u00a0\u00a0\u00a0\u00a0 \u00bfUn actor? Jack Nicholson.<\/p>\n<p style=\"text-align: justify;\">\u00a0\u00a0\u00a0\u00a0\u00a0\u00a0\u00a0\u00a0\u00a0\u00a0\u00a0\u00a0\u00a0\u00a0\u00a0 \u00bfUna actriz? Meryl Streep.<\/p>\n<p style=\"text-align: justify;\">\u00a0\u00a0\u00a0\u00a0\u00a0\u00a0\u00a0\u00a0\u00a0\u00a0\u00a0\u00a0\u00a0\u00a0\u00a0 \u00bfUn compositor? Sergei Rachmaninoff.<\/p>\n<p style=\"text-align: justify;\">\u00a0\u00a0\u00a0\u00a0\u00a0\u00a0\u00a0\u00a0\u00a0\u00a0\u00a0\u00a0\u00a0\u00a0\u00a0 \u00bfUn cantante? Roberto Alagna.<\/p>\n<p style=\"text-align: justify;\">\u00a0\u00a0\u00a0\u00a0\u00a0\u00a0\u00a0\u00a0\u00a0\u00a0\u00a0\u00a0\u00a0\u00a0\u00a0 \u00bfUn m\u00fasico? Huseyin Sermet.<\/p>\n<p style=\"text-align: justify;\">\u00a0\u00a0\u00a0\u00a0\u00a0\u00a0\u00a0\u00a0\u00a0\u00a0\u00a0\u00a0\u00a0\u00a0\u00a0 \u00bfUna flor? Mi chica.<\/p>\n<p style=\"text-align: justify;\">\u00a0\u00a0\u00a0\u00a0\u00a0\u00a0\u00a0\u00a0\u00a0\u00a0\u00a0\u00a0\u00a0\u00a0\u00a0 \u00bfUn animal? El toro.<\/p>\n<p style=\"text-align: justify;\">\u00a0\u00a0\u00a0\u00a0\u00a0\u00a0\u00a0\u00a0\u00a0\u00a0\u00a0\u00a0\u00a0\u00a0\u00a0 \u00bfUna estaci\u00f3n del a\u00f1o? El verano.<\/p>\n<p style=\"text-align: justify;\">\u00a0\u00a0\u00a0\u00a0\u00a0\u00a0\u00a0\u00a0\u00a0\u00a0\u00a0\u00a0\u00a0\u00a0\u00a0 \u00bfUn lugar donde residir? Madrid\/Paris.<\/p>\n<p style=\"text-align: justify;\">\u00a0\u00a0\u00a0\u00a0\u00a0\u00a0\u00a0\u00a0\u00a0\u00a0\u00a0\u00a0\u00a0\u00a0\u00a0 \u00bfUn lugar que te gustar\u00eda visitar antes de morir? Imposible decidir uno.<\/p>\n<p style=\"text-align: justify;\">\u00a0\u00a0\u00a0\u00a0\u00a0\u00a0\u00a0\u00a0\u00a0\u00a0\u00a0\u00a0\u00a0\u00a0\u00a0 \u00bfUn color? El azul.<\/p>\n<p style=\"text-align: justify;\">\n<p style=\"text-align: right;\"><strong>\u00a0Ricardo Campos Urbaneja<\/strong><\/p>\n<p style=\"text-align: right;\"><strong>Ir\u00fan<\/strong><\/p>\n","protected":false},"excerpt":{"rendered":"<p>Seguramente muchos no conozcan a este joven m\u00fasico madrile\u00f1o, que tan s\u00f3lo tiene 30 a\u00f1os, y que con gran talento&hellip;<\/p>\n","protected":false},"author":3,"featured_media":20332,"comment_status":"open","ping_status":"open","sticky":false,"template":"","format":"standard","meta":{"om_disable_all_campaigns":false,"_mi_skip_tracking":false,"_monsterinsights_sitenote_active":false,"_monsterinsights_sitenote_note":"","_monsterinsights_sitenote_category":0,"footnotes":""},"categories":[21],"tags":[],"aioseo_notices":[],"_links":{"self":[{"href":"https:\/\/granadacostaglobal.es\/index.php?rest_route=\/wp\/v2\/posts\/20331"}],"collection":[{"href":"https:\/\/granadacostaglobal.es\/index.php?rest_route=\/wp\/v2\/posts"}],"about":[{"href":"https:\/\/granadacostaglobal.es\/index.php?rest_route=\/wp\/v2\/types\/post"}],"author":[{"embeddable":true,"href":"https:\/\/granadacostaglobal.es\/index.php?rest_route=\/wp\/v2\/users\/3"}],"replies":[{"embeddable":true,"href":"https:\/\/granadacostaglobal.es\/index.php?rest_route=%2Fwp%2Fv2%2Fcomments&post=20331"}],"version-history":[{"count":0,"href":"https:\/\/granadacostaglobal.es\/index.php?rest_route=\/wp\/v2\/posts\/20331\/revisions"}],"wp:featuredmedia":[{"embeddable":true,"href":"https:\/\/granadacostaglobal.es\/index.php?rest_route=\/"}],"wp:attachment":[{"href":"https:\/\/granadacostaglobal.es\/index.php?rest_route=%2Fwp%2Fv2%2Fmedia&parent=20331"}],"wp:term":[{"taxonomy":"category","embeddable":true,"href":"https:\/\/granadacostaglobal.es\/index.php?rest_route=%2Fwp%2Fv2%2Fcategories&post=20331"},{"taxonomy":"post_tag","embeddable":true,"href":"https:\/\/granadacostaglobal.es\/index.php?rest_route=%2Fwp%2Fv2%2Ftags&post=20331"}],"curies":[{"name":"wp","href":"https:\/\/api.w.org\/{rel}","templated":true}]}}