{"id":20317,"date":"2019-03-27T17:10:49","date_gmt":"2019-03-27T17:10:49","guid":{"rendered":"http:\/\/granadacostanacional.es\/?p=20317"},"modified":"2019-03-27T17:10:49","modified_gmt":"2019-03-27T17:10:49","slug":"presentacion-del-libro-poemario-primigenio-del-socio-de-granada-costa-baldomero-palomares","status":"publish","type":"post","link":"https:\/\/granadacostaglobal.es\/?p=20317","title":{"rendered":"PRESENTACI\u00d3N DEL LIBRO \u201cPOEMARIO PRIMIGENIO\u201d DEL SOCIO DE GRANADA COSTA BALDOMERO PALOMARES"},"content":{"rendered":"<p style=\"text-align: justify;\">\u00a0\u00a0\u00a0\u00a0\u00a0\u00a0\u00a0\u00a0\u00a0 El d\u00eda 25 de marzo y en la Casa de Castilla la Mancha de Valencia, sede asimismo del Grupo Literario A-rimando, tuvo lugar la presentaci\u00f3n del segundo poemario de Baldomero Palomares Montero, prologado por Carmen Carrasco, conteniendo 50 poemas plenos de lirismo, bellas met\u00e1foras y un lenguaje exquisito y po\u00e9tico. Dicho libro, publicado por la Editorial Granada Club Selecci\u00f3n, es el canto de un poeta enamorado de su tierra, Cuenca. Canto a la Serran\u00eda, a La Mancha y sus paisajes y, sobre todo, al pueblo natal del autor, Garaballa, sus olmos, sus estaciones, su mar de espigas, imaginarias aguas por donde navega el poeta, quiz\u00e1 buscando a su Dulcinea que vaga por las llanuras de La Mancha en noches de luna. Como se dice en el pr\u00f3logo, el poeta no necesita buscarla pues su Dulcinea es Cuenca, su amada ciudad.<\/p>\n<p style=\"text-align: justify;\"><a href=\"http:\/\/granadacostanacional.es\/wp-content\/uploads\/2019\/03\/20190325_1915091.jpg\"><img decoding=\"async\" loading=\"lazy\" class=\"aligncenter size-large wp-image-20319\" src=\"http:\/\/granadacostanacional.es\/wp-content\/uploads\/2019\/03\/20190325_1915091-1024x768.jpg\" alt=\"20190325_191509[1]\" width=\"1024\" height=\"768\" \/><\/a><\/p>\n<p style=\"text-align: justify;\">\u00a0\u00a0\u00a0\u00a0\u00a0\u00a0\u00a0\u00a0\u00a0 La mesa presidencial estaba compuesta por el presidente de A-rimando, D. Francisco Ponce Carrasco. El secretario, D. Antonio Ba\u00f1os. D. Ricardo Collado, abogado y amigo de la infancia del autor, y D\u00f1a. Carmen Carrasco, que fue la encargada de glosar el contenido del poemario. Todos los componentes le dedicaron unas palabras de admiraci\u00f3n y cari\u00f1o hacia el poeta.<\/p>\n<p style=\"text-align: justify;\"><a href=\"http:\/\/granadacostanacional.es\/wp-content\/uploads\/2019\/03\/IMG-20190326-WA0000.jpg\"><img decoding=\"async\" loading=\"lazy\" class=\"aligncenter size-large wp-image-20320\" src=\"http:\/\/granadacostanacional.es\/wp-content\/uploads\/2019\/03\/IMG-20190326-WA0000-768x1024.jpg\" alt=\"IMG-20190326-WA0000\" width=\"768\" height=\"1024\" \/><\/a><\/p>\n<p style=\"text-align: justify;\">\u00a0\u00a0\u00a0\u00a0\u00a0\u00a0\u00a0\u00a0\u00a0 Fue un acto entra\u00f1able, acompa\u00f1ado de unas 50 o 60 personas amigas de Baldo, como gusta que se le llame, familiares y paisanos que arroparon al poeta, al amigo, aplaudiendo sus poemas, ya que es una persona muy querida.<\/p>\n<p style=\"text-align: justify;\"><a href=\"http:\/\/granadacostanacional.es\/wp-content\/uploads\/2019\/03\/IMG-20190326-WA0002.jpg\"><img decoding=\"async\" loading=\"lazy\" class=\"aligncenter size-large wp-image-20321\" src=\"http:\/\/granadacostanacional.es\/wp-content\/uploads\/2019\/03\/IMG-20190326-WA0002-1024x768.jpg\" alt=\"IMG-20190326-WA0002\" width=\"1024\" height=\"768\" \/><\/a><\/p>\n<p style=\"text-align: justify;\">\u00a0\u00a0\u00a0\u00a0\u00a0\u00a0\u00a0\u00a0\u00a0 Ameniz\u00f3 el acto el gran acordeonista Horacio Garrido el cual ejecut\u00f3 magistralmente unas piezas musicales que finalizadas, fueron premiadas con grandes aplausos y bravos.<\/p>\n<p style=\"text-align: justify;\">\u00a0\u00a0\u00a0\u00a0\u00a0\u00a0\u00a0\u00a0\u00a0 Tambi\u00e9n los compa\u00f1eros del poeta, una vez presentado el libro, pasaron a recitar poemas del mismo y D\u00f1a. Paula Palomares, hermana de Baldomero, dedic\u00f3 asimismo unas palabras de agradecimiento a todos por el apoyo y cari\u00f1o demostrado hacia su hermano.<\/p>\n<p style=\"text-align: justify;\">\u00a0\u00a0\u00a0\u00a0\u00a0\u00a0\u00a0\u00a0\u00a0 Firmados los ejemplares del \u201cPoemario primigenio\u201d, y hecha la foto de familia, el autor invit\u00f3 a los asistentes a un vino acompa\u00f1ado de exquisitos aperitivos, muy bien servido por Rafa, encargado del bar de la Sede.<\/p>\n<p style=\"text-align: justify;\">\u00a0\u00a0\u00a0\u00a0\u00a0\u00a0\u00a0\u00a0\u00a0 Damos la enhorabuena a nuestro compa\u00f1ero Baldo, <em>marinero en tierra,<\/em> dese\u00e1ndole una feliz traves\u00eda con sus versos hasta encontrar ese puerto feliz que anhelan sus sue\u00f1os. \u00c9l lleva la mejor rosa de los vientos: su poes\u00eda.<\/p>\n<p style=\"text-align: justify;\"><a href=\"http:\/\/granadacostanacional.es\/wp-content\/uploads\/2019\/03\/20190325_205730-11.jpg\"><img decoding=\"async\" loading=\"lazy\" class=\"aligncenter size-large wp-image-20322\" src=\"http:\/\/granadacostanacional.es\/wp-content\/uploads\/2019\/03\/20190325_205730-11-1024x577.jpg\" alt=\"20190325_205730-1[1]\" width=\"1024\" height=\"577\" \/><\/a><\/p>\n<p style=\"text-align: justify;\">\n<p style=\"text-align: right;\"><strong>Carmen Carrasco Ramos<\/strong><\/p>\n<p style=\"text-align: right;\"><strong>Delegada Nacional de Poes\u00eda<\/strong><\/p>\n","protected":false},"excerpt":{"rendered":"<p>\u00a0\u00a0\u00a0\u00a0\u00a0\u00a0\u00a0\u00a0\u00a0 El d\u00eda 25 de marzo y en la Casa de Castilla la Mancha de Valencia, sede asimismo del Grupo&hellip;<\/p>\n","protected":false},"author":3,"featured_media":20318,"comment_status":"open","ping_status":"open","sticky":false,"template":"","format":"standard","meta":{"om_disable_all_campaigns":false,"_mi_skip_tracking":false,"_monsterinsights_sitenote_active":false,"_monsterinsights_sitenote_note":"","_monsterinsights_sitenote_category":0,"footnotes":""},"categories":[21],"tags":[],"aioseo_notices":[],"_links":{"self":[{"href":"https:\/\/granadacostaglobal.es\/index.php?rest_route=\/wp\/v2\/posts\/20317"}],"collection":[{"href":"https:\/\/granadacostaglobal.es\/index.php?rest_route=\/wp\/v2\/posts"}],"about":[{"href":"https:\/\/granadacostaglobal.es\/index.php?rest_route=\/wp\/v2\/types\/post"}],"author":[{"embeddable":true,"href":"https:\/\/granadacostaglobal.es\/index.php?rest_route=\/wp\/v2\/users\/3"}],"replies":[{"embeddable":true,"href":"https:\/\/granadacostaglobal.es\/index.php?rest_route=%2Fwp%2Fv2%2Fcomments&post=20317"}],"version-history":[{"count":0,"href":"https:\/\/granadacostaglobal.es\/index.php?rest_route=\/wp\/v2\/posts\/20317\/revisions"}],"wp:featuredmedia":[{"embeddable":true,"href":"https:\/\/granadacostaglobal.es\/index.php?rest_route=\/"}],"wp:attachment":[{"href":"https:\/\/granadacostaglobal.es\/index.php?rest_route=%2Fwp%2Fv2%2Fmedia&parent=20317"}],"wp:term":[{"taxonomy":"category","embeddable":true,"href":"https:\/\/granadacostaglobal.es\/index.php?rest_route=%2Fwp%2Fv2%2Fcategories&post=20317"},{"taxonomy":"post_tag","embeddable":true,"href":"https:\/\/granadacostaglobal.es\/index.php?rest_route=%2Fwp%2Fv2%2Ftags&post=20317"}],"curies":[{"name":"wp","href":"https:\/\/api.w.org\/{rel}","templated":true}]}}