{"id":20314,"date":"2019-03-27T15:36:55","date_gmt":"2019-03-27T15:36:55","guid":{"rendered":"http:\/\/granadacostanacional.es\/?p=20314"},"modified":"2019-03-27T15:36:55","modified_gmt":"2019-03-27T15:36:55","slug":"presentada-la-ruta-de-la-tapa-de-gualchos-castell-de-ferro","status":"publish","type":"post","link":"https:\/\/granadacostaglobal.es\/?p=20314","title":{"rendered":"PRESENTADA LA RUTA DE LA TAPA DE  GUALCHOS \u2013CASTELL DE FERRO."},"content":{"rendered":"<p style=\"text-align: justify;\"><em>Esta ma\u00f1ana en la sede de la Mancomunidad de Municipios de la Costa Tropical, ha tenido lugar la presentaci\u00f3n de la ruta de la Tapa 2019 de Castell\u00a0 que se celebrar\u00e1 durante el mes de abril en Castell de Ferro, y que organiza el Ayuntamiento de Gualchos Castell de Ferro junto a la Mancomunidad de Municipios de la Costa Tropical.<\/em><\/p>\n<p style=\"text-align: justify;\">Mar\u00eda del Carmen Fern\u00e1ndez, Delgada de Formaci\u00f3n y Empleo de la Mancomunidad de \u00a0Municipios de la Costa Tropical, junto con Antonia Mar\u00eda Antequera Rodr\u00edguez Alcaldesa de Gualchos- Castell de Ferro, animaba a los vecinos del pueblo y a los \u00a0de la comarca, a participar en esta Ruta de la Tapa, donde se podr\u00e1n degustar\u00a0 productos de la zona.<\/p>\n<p style=\"text-align: justify;\">\u201cEsta edici\u00f3n de la Ruta de la Tapa, adem\u00e1s de dar a conocer nuestra variedad gastron\u00f3mica, queremos que junto al sector empresarial, que el visitante conozca Gualchos \u2013 Castell de Ferro como recurso tur\u00edstico\u201d a\u00f1ad\u00eda\u00a0 Antonia Antequera.<\/p>\n<p style=\"text-align: justify;\">\u00a0La \u00a0Alcaldesa ha agradecido\u00a0 la colaboraci\u00f3n de la Mancomunidad de Municipios y al sector empresarial de la localidad, representado por varios hosteleros de la localidad\u00a0 \u00a0el apoyo recibido para poder presentar esta iniciativa, tanto a los vecinos como a los visitantes interesados.<\/p>\n<p style=\"text-align: justify;\">Inmaculada G\u00f3mez, T\u00e9cnico de Turismo del ayuntamiento de \u00a0Gualchos- Castell de Ferro, \u00a0ha animado a la participaci\u00f3n en esta Ruta de la Tapa, donde once establecimientos de la zona presentar\u00e1n una tapa al concurso. La Ruta se celebrar\u00e1 desde el 4 al 28 de abril, de jueves a domingo, en horario de 12:00 a 14:00 y de 20:00 a 22:00.<\/p>\n<p style=\"text-align: justify;\">Los participantes deber\u00e1n acudir a cada establecimiento participante con una \u201cpasaporte\u201d y consumir la tapa presentada al concurso. Una vez consumida deber\u00e1n puntuar la tapa, las valoraciones ser\u00e1n de 1 a 5, y el establecimiento sellar\u00e1 el pasaporte para que tenga validez.<\/p>\n<p style=\"text-align: justify;\">Los establecimiento que participan en la Ruta de la Tapa, con sus respectiva propuestas son: Mes\u00f3n el Bierzo (Tablilla de Pulpo sobre pur\u00e9 de patatas), Mes\u00f3n Pe\u00f1a (Bacalao estilo Pe\u00f1a), Rte. Hotel Ib\u00e9rico (Sgabel de jam\u00f3n y queso),\u00a0 Originals (Bacalao de la casa), Bar Costa Castell (Pulpo seco con ensalada de col), Rte. Mare Nostrum (Migas), Caferini (Tosta Fresca), Bar Rte. La Brisa (Tosta Mediterr\u00e1nea), Bar Cafeter\u00eda Teide (Tartar de Pulpo), Bar Rinc\u00f3n de Silves (Pintxo de nuestro puchero de hinojos), Essencia (Pincho de pulpo con patatas y ali-oli).<\/p>\n<p style=\"text-align: justify;\">El pasaporte junto con el formulario que se adjunta, una vez relleno, se entregar\u00e1 en el Ayuntamiento o en los establecimientos participantes, antes del d\u00eda 30 de abril. Entre los participantes que completen la ruta sortear\u00e1n dos premios, una Tablet Samsung Galaxy Tab AT580, y un M\u00f3vil Xiami Redmi 6A.<\/p>\n","protected":false},"excerpt":{"rendered":"<p>Esta ma\u00f1ana en la sede de la Mancomunidad de Municipios de la Costa Tropical, ha tenido lugar la presentaci\u00f3n de&hellip;<\/p>\n","protected":false},"author":2,"featured_media":20315,"comment_status":"open","ping_status":"open","sticky":false,"template":"","format":"standard","meta":{"om_disable_all_campaigns":false,"_mi_skip_tracking":false,"_monsterinsights_sitenote_active":false,"_monsterinsights_sitenote_note":"","_monsterinsights_sitenote_category":0,"footnotes":""},"categories":[22],"tags":[],"aioseo_notices":[],"_links":{"self":[{"href":"https:\/\/granadacostaglobal.es\/index.php?rest_route=\/wp\/v2\/posts\/20314"}],"collection":[{"href":"https:\/\/granadacostaglobal.es\/index.php?rest_route=\/wp\/v2\/posts"}],"about":[{"href":"https:\/\/granadacostaglobal.es\/index.php?rest_route=\/wp\/v2\/types\/post"}],"author":[{"embeddable":true,"href":"https:\/\/granadacostaglobal.es\/index.php?rest_route=\/wp\/v2\/users\/2"}],"replies":[{"embeddable":true,"href":"https:\/\/granadacostaglobal.es\/index.php?rest_route=%2Fwp%2Fv2%2Fcomments&post=20314"}],"version-history":[{"count":0,"href":"https:\/\/granadacostaglobal.es\/index.php?rest_route=\/wp\/v2\/posts\/20314\/revisions"}],"wp:featuredmedia":[{"embeddable":true,"href":"https:\/\/granadacostaglobal.es\/index.php?rest_route=\/"}],"wp:attachment":[{"href":"https:\/\/granadacostaglobal.es\/index.php?rest_route=%2Fwp%2Fv2%2Fmedia&parent=20314"}],"wp:term":[{"taxonomy":"category","embeddable":true,"href":"https:\/\/granadacostaglobal.es\/index.php?rest_route=%2Fwp%2Fv2%2Fcategories&post=20314"},{"taxonomy":"post_tag","embeddable":true,"href":"https:\/\/granadacostaglobal.es\/index.php?rest_route=%2Fwp%2Fv2%2Ftags&post=20314"}],"curies":[{"name":"wp","href":"https:\/\/api.w.org\/{rel}","templated":true}]}}