{"id":2020,"date":"2015-07-16T12:00:16","date_gmt":"2015-07-16T12:00:16","guid":{"rendered":"http:\/\/granadacosta.es\/?p=2020"},"modified":"2015-07-16T12:00:16","modified_gmt":"2015-07-16T12:00:16","slug":"la-alcaldesa-destaca-el-papel-del-puerto-como-motor-de-empleo-y-riqueza-para-motril","status":"publish","type":"post","link":"https:\/\/granadacostaglobal.es\/?p=2020","title":{"rendered":"La alcaldesa destaca el papel del Puerto como motor de empleo y riqueza para Motril"},"content":{"rendered":"<p><em>La alcaldesa de Motril, Flor Alm\u00f3n, ha destacado, durante las jornadas de Puertas Abiertas del Puerto, el trabajo de la Autoridad Portuaria para hacer de la d\u00e1rsena motrile\u00f1a un motor de empleo y generaci\u00f3n de riqueza.\u00a0<\/em><\/p>\n<p>&nbsp;<\/p>\n<p>Alm\u00f3n ha reconocido el trabajo del presidente de la Autoridad Portuaria, Francisco \u00c1lvarez de la Chica, de quien ha dicho, &#8220;conoce las necesidades de Motril&#8221;, y ha asegurado que el Ayuntamiento va a colaborar con el Puerto \u00a0&#8220;para seguir avanzando y hacer realidad las grandes oportunidades de futuro que tiene&#8221;.<\/p>\n<p>&nbsp;<\/p>\n<p>&#8220;El Puerto tiene todo por hacer, hay muchas oportunidades para generar empleo y riqueza con el desarrollo de su suelo industrial, al igual que con la llegada de cruceros&#8221;, ha afirmado la alcaldesa.<\/p>\n<p>&nbsp;<\/p>\n<p>Flor Alm\u00f3n ha concluido subrayando que la convivencia y la buena sinton\u00eda con el Puerto son muy importantes para el desarrollo de Motril, &#8220;raz\u00f3n por la cual vamos a seguir trabajando juntos&#8221;.<\/p>\n","protected":false},"excerpt":{"rendered":"<p>La alcaldesa de Motril, Flor Alm\u00f3n, ha destacado, durante las jornadas de Puertas Abiertas del Puerto, el trabajo de la&hellip;<\/p>\n","protected":false},"author":2,"featured_media":2021,"comment_status":"open","ping_status":"open","sticky":false,"template":"","format":"standard","meta":{"om_disable_all_campaigns":false,"_mi_skip_tracking":false,"_monsterinsights_sitenote_active":false,"_monsterinsights_sitenote_note":"","_monsterinsights_sitenote_category":0,"footnotes":""},"categories":[22],"tags":[],"aioseo_notices":[],"_links":{"self":[{"href":"https:\/\/granadacostaglobal.es\/index.php?rest_route=\/wp\/v2\/posts\/2020"}],"collection":[{"href":"https:\/\/granadacostaglobal.es\/index.php?rest_route=\/wp\/v2\/posts"}],"about":[{"href":"https:\/\/granadacostaglobal.es\/index.php?rest_route=\/wp\/v2\/types\/post"}],"author":[{"embeddable":true,"href":"https:\/\/granadacostaglobal.es\/index.php?rest_route=\/wp\/v2\/users\/2"}],"replies":[{"embeddable":true,"href":"https:\/\/granadacostaglobal.es\/index.php?rest_route=%2Fwp%2Fv2%2Fcomments&post=2020"}],"version-history":[{"count":0,"href":"https:\/\/granadacostaglobal.es\/index.php?rest_route=\/wp\/v2\/posts\/2020\/revisions"}],"wp:featuredmedia":[{"embeddable":true,"href":"https:\/\/granadacostaglobal.es\/index.php?rest_route=\/"}],"wp:attachment":[{"href":"https:\/\/granadacostaglobal.es\/index.php?rest_route=%2Fwp%2Fv2%2Fmedia&parent=2020"}],"wp:term":[{"taxonomy":"category","embeddable":true,"href":"https:\/\/granadacostaglobal.es\/index.php?rest_route=%2Fwp%2Fv2%2Fcategories&post=2020"},{"taxonomy":"post_tag","embeddable":true,"href":"https:\/\/granadacostaglobal.es\/index.php?rest_route=%2Fwp%2Fv2%2Ftags&post=2020"}],"curies":[{"name":"wp","href":"https:\/\/api.w.org\/{rel}","templated":true}]}}