{"id":20166,"date":"2019-03-12T15:17:05","date_gmt":"2019-03-12T15:17:05","guid":{"rendered":"http:\/\/granadacostanacional.es\/?p=20166"},"modified":"2019-03-12T15:17:05","modified_gmt":"2019-03-12T15:17:05","slug":"el-presidente-de-la-mancomunidad-visita-las-obras-de-renovacion-en-la-caleta-y-el-casco-antiguo-de-salobrena","status":"publish","type":"post","link":"https:\/\/granadacostaglobal.es\/?p=20166","title":{"rendered":"El Presidente de la Mancomunidad visita las obras de Renovaci\u00f3n en la Caleta y el Casco Antiguo de Salobre\u00f1a."},"content":{"rendered":"<p style=\"text-align: justify;\"><em>En la ma\u00f1ana de hoy, M\u00aa Eugenia Rufino Morales, Alcaldesa de Salobre\u00f1a, y Sergio Garc\u00eda Alabarce, Presidente de la Mancomunidad, acompa\u00f1ados por t\u00e9cnicos y otros representantes municipales, visitaban las obras que se est\u00e1n realizando en La Caleta y el Casco hist\u00f3rico de\u00a0 la Villa<\/em>.<\/p>\n<p style=\"text-align: justify;\">En la Caleta \u00a0las actuaciones se ejecutan en la calle\u00a0 Ruise\u00f1or y\u00a0 calle Ramblilla C, con un presupuesto de 112.109,73\u20ac financiados con cargo al Canon de Mejora y obras IFS.<\/p>\n<p style=\"text-align: justify;\">\u201cLos viales se encontraban muy deteriorados por la antig\u00fcedad y por las diversas aperturas de zanjas para la reparaci\u00f3n de aver\u00edas en las redes existentes, por lo que se encontraban \u00a0pavimentados por tramos, cada una ejecutada de un material diferente, diferentes anchos y pendientes, con esta actuaci\u00f3n lo que se pretende es eliminarlas por completo, dej\u00e1ndolas al mismo nivel de la calzada, solamente diferenci\u00e1ndola por el color del pavimento\u201d argumentaba la Alcaldesa de la localidad.<\/p>\n<p style=\"text-align: justify;\"><a href=\"http:\/\/granadacostanacional.es\/wp-content\/uploads\/2019\/03\/PHOTO-2019-03-12-15-18-58.jpg\"><img decoding=\"async\" loading=\"lazy\" class=\"aligncenter size-medium wp-image-20168\" src=\"http:\/\/granadacostanacional.es\/wp-content\/uploads\/2019\/03\/PHOTO-2019-03-12-15-18-58-300x169.jpg\" alt=\"PHOTO-2019-03-12-15-18-58\" width=\"300\" height=\"169\" \/><\/a><\/p>\n<p style=\"text-align: justify;\">Se pretende la renovaci\u00f3n de las redes de saneamiento y abastecimiento, mediante la instalaci\u00f3n de red de \u00a0tuber\u00eda de PVC 315 y PE 90 mm.\u00a0 Adem\u00e1s se instalar\u00e1 una nueva red de pluviales, incluidos los imbornales y rejillas tipo ACO, para la recogida de las aguas de lluvia. Se instalar\u00e1 red de PVC de 315 mm.<\/p>\n<p style=\"text-align: justify;\">Se ejecutar\u00e1n las obras necesarias para dejar rasanteadas las calles con la demolici\u00f3n del firme existente. Se rellenar\u00e1n las zanjas con zahorra artificial compactada y ejecuci\u00f3n de solera de hormig\u00f3n ligeramente armado con mallazo de acero y con un espesor de 10 cm., se proceder\u00e1 a la ejecuci\u00f3n de las l\u00edneas de agua al centro de la calle mediante adoqu\u00edn de granito, se adoquinar\u00e1 con pendiente al centro de la calle con adoqu\u00edn bicolor con entramado igual a las calles adyacentes ya pavimentadas.<\/p>\n<p style=\"text-align: justify;\">Adem\u00e1s se proyecta la ejecuci\u00f3n de una red soterrada de canalizaci\u00f3n para alumbrado, para en el futuro poder cambiar el cableado a\u00e9reo por el soterrado. Se realizar\u00e1 mediante dos tubos de Poliestireno corrugado de doble pared de 90 mm de di\u00e1metro. Igualmente se har\u00e1 con el cableado de Telef\u00f3nica, actualmente son a\u00e9reos apoyados en postes de madera y grapados a las fachadas. Con el fin de evitar los cableados a\u00e9reos, que cruzan de fachada a fachada, y con el fin de embellecer el entorno de la zona, se ejecutar\u00e1n los paso subterr\u00e1neos necesarios para el cruce de calles de las diferentes infraestructuras, as\u00ed como la ejecuci\u00f3n de las arquetas necesarias de registro.<\/p>\n<p style=\"text-align: justify;\">&#8220;Se est\u00e1n realizando unas obras de importancia que dar\u00e1n respuesta a problemas que ven\u00edan padeciendo los vecinos y vecinas. Las redes de saneamiento se encontraban obsoletas y van a ser sustituidas por canalizaciones de PVC con el di\u00e1metro adecuado. En el caso del abastecimiento tambi\u00e9n cont\u00e1bamos con una red antigua y con muchas deficiencias las cuales tambi\u00e9n se est\u00e1n renovando y se instalar\u00e1n adem\u00e1s bocas de riego e hidrantes. Adem\u00e1s, se habilitar\u00e1 el correspondiente sistema de pluviales para la recogida de aguas que hasta el momento no exist\u00eda ocasionado problemas a los residentes en esta zona&#8221;, argument\u00f3 Sergio Garc\u00eda.<\/p>\n<p style=\"text-align: justify;\">Despu\u00e9s de la visita a La Caleta, el Presidente del ente Mancomunado, junto a los t\u00e9cnicos municipales y la Alcaldesa De la Villa, se han trasladado al casco hist\u00f3rico, donde han comprobado el estado de las obras que se desarrollan en las calles Laderas De la Cruz, Juan XXIII, Rosario, Cartero Manuel Montilla y Carretera del Municipio.<\/p>\n<p style=\"text-align: justify;\">\u00a0Rufino Morales ha destacado la importante inversi\u00f3n que desde la Mancomunidad se est\u00e1 llevando a cabo en Salobre\u00f1a con el fin de mejorar las infraestructuras hidr\u00e1ulicas del municipio. &#8220;En nuestro municipio se ha hecho una inversi\u00f3n de envergadura notable, aproximadamente 2.800.000 \u20ac\u201d<\/p>\n<p style=\"text-align: justify;\">Para concluir, Garc\u00eda Alabarce, destac\u00f3 el esfuerzo y trabajo que desde la instituci\u00f3n comarcal se est\u00e1 llevando a cabo para que la totalidad de la Costa Tropical cuente con unas infraestructuras hidr\u00e1ulicas de primer nivel. &#8220;Nuestro objetivo es que la totalidad de la comarca disponga de unas redes hidr\u00e1ulicas en optimas condiciones. De ah\u00ed nuestro empe\u00f1o en la ejecuci\u00f3n del plan de obras que tiene como finalidad la renovaci\u00f3n y mejora de las redes hidr\u00e1ulicas de todos los municipios de la Costa Tropical. Con ello adem\u00e1s contribuimos al desarrollo econ\u00f3mico y a la creaci\u00f3n de empleo&#8221;.<\/p>\n","protected":false},"excerpt":{"rendered":"<p>En la ma\u00f1ana de hoy, M\u00aa Eugenia Rufino Morales, Alcaldesa de Salobre\u00f1a, y Sergio Garc\u00eda Alabarce, Presidente de la Mancomunidad,&hellip;<\/p>\n","protected":false},"author":2,"featured_media":20167,"comment_status":"open","ping_status":"open","sticky":false,"template":"","format":"standard","meta":{"om_disable_all_campaigns":false,"_mi_skip_tracking":false,"_monsterinsights_sitenote_active":false,"_monsterinsights_sitenote_note":"","_monsterinsights_sitenote_category":0,"footnotes":""},"categories":[22],"tags":[],"aioseo_notices":[],"_links":{"self":[{"href":"https:\/\/granadacostaglobal.es\/index.php?rest_route=\/wp\/v2\/posts\/20166"}],"collection":[{"href":"https:\/\/granadacostaglobal.es\/index.php?rest_route=\/wp\/v2\/posts"}],"about":[{"href":"https:\/\/granadacostaglobal.es\/index.php?rest_route=\/wp\/v2\/types\/post"}],"author":[{"embeddable":true,"href":"https:\/\/granadacostaglobal.es\/index.php?rest_route=\/wp\/v2\/users\/2"}],"replies":[{"embeddable":true,"href":"https:\/\/granadacostaglobal.es\/index.php?rest_route=%2Fwp%2Fv2%2Fcomments&post=20166"}],"version-history":[{"count":0,"href":"https:\/\/granadacostaglobal.es\/index.php?rest_route=\/wp\/v2\/posts\/20166\/revisions"}],"wp:featuredmedia":[{"embeddable":true,"href":"https:\/\/granadacostaglobal.es\/index.php?rest_route=\/"}],"wp:attachment":[{"href":"https:\/\/granadacostaglobal.es\/index.php?rest_route=%2Fwp%2Fv2%2Fmedia&parent=20166"}],"wp:term":[{"taxonomy":"category","embeddable":true,"href":"https:\/\/granadacostaglobal.es\/index.php?rest_route=%2Fwp%2Fv2%2Fcategories&post=20166"},{"taxonomy":"post_tag","embeddable":true,"href":"https:\/\/granadacostaglobal.es\/index.php?rest_route=%2Fwp%2Fv2%2Ftags&post=20166"}],"curies":[{"name":"wp","href":"https:\/\/api.w.org\/{rel}","templated":true}]}}