{"id":20163,"date":"2019-03-12T12:11:47","date_gmt":"2019-03-12T12:11:47","guid":{"rendered":"http:\/\/granadacostanacional.es\/?p=20163"},"modified":"2019-03-12T12:11:47","modified_gmt":"2019-03-12T12:11:47","slug":"mancomunidad-entrega-mas-de-75-000-e-a-colectivos-y-asociaciones-de-la-costa-tropical-para-patrocinar-sus-proyectos","status":"publish","type":"post","link":"https:\/\/granadacostaglobal.es\/?p=20163","title":{"rendered":"MANCOMUNIDAD ENTREGA MAS DE 75.000 \u20ac A COLECTIVOS Y ASOCIACIONES DE LA COSTA TROPICAL PARA PATROCINAR SUS PROYECTOS."},"content":{"rendered":"<p style=\"text-align: justify;\">En la ma\u00f1ana de hoy martes, la sede de la Mancomunidad de Municipios de la costa Tropical ha acogido la\u00a0 entregada \u00a0las resoluciones de los patrocinios de actividades\u00a0 deportivas, sociales, tur\u00edsticas y culturales, que han sido concedidos en la primera convocatoria de 2019. En esta primera convocatoria se han solicitado ochenta y dos \u00a0patrocinios, cuyo valor asciende a 316.204,37 \u20ac de\u00a0 los cuales se han concedido 68, por un valor de 75.100 \u20ac.<\/p>\n<p style=\"text-align: justify;\">As\u00ed lo ha dado a conocer Sergio Garc\u00eda Alabarce, Presidente del ente comarcal, quien ha presidido el acto de entrega a los responsables de los colectivos que han cumplido los requisitos exigidos en las bases publicadas por Mancomunidad.<\/p>\n<p style=\"text-align: justify;\">Acompa\u00f1ado por Mar\u00eda del Carmen Fern\u00e1ndez, Delegada de Empleo y Formaci\u00f3n, Sergio Garc\u00eda ha destacado el inter\u00e9s que ha demostrado el colectivo asociativo de la comarca, ya que en esta primera convocatoria \u00a0de 2019 se han incrementado de manera notable las solicitudes de demanda de patrocinio. \u201c Esta primera convocatoria de patrocinios ha superado a la del a\u00f1o pasado, tanto en n\u00famero de patrocinios concedidos como en cantidad destinada, para ayudar a los colectivos a poder llevar a cabo proyectos que favorecen al conjunto de los ciudadanos de la Costa Tropical y a proyectar nuestra imagen tur\u00edstica\u201d<\/p>\n<p style=\"text-align: justify;\">Sergio Garc\u00eda Alabarce, conclu\u00eda felicitando a todos y cada uno de los beneficiarios con esta ayuda econ\u00f3mica, \u201cnos complace poder colaborar con el entramado asociativo de la comarca, en el aspecto cultural, deportivo y social, en la realizaci\u00f3n de actividades y acciones, como las propias bases indican que tienen una repercusi\u00f3n m\u00e1s all\u00e1 de un solo municipio\u201d y anim\u00f3 a las asociaciones a colaborar entre ellas y poder incorporar m\u00e1s de un municipio en sus proyectos.<\/p>\n","protected":false},"excerpt":{"rendered":"<p>En la ma\u00f1ana de hoy martes, la sede de la Mancomunidad de Municipios de la costa Tropical ha acogido la\u00a0&hellip;<\/p>\n","protected":false},"author":2,"featured_media":20164,"comment_status":"open","ping_status":"open","sticky":false,"template":"","format":"standard","meta":{"om_disable_all_campaigns":false,"_mi_skip_tracking":false,"_monsterinsights_sitenote_active":false,"_monsterinsights_sitenote_note":"","_monsterinsights_sitenote_category":0,"footnotes":""},"categories":[22],"tags":[],"aioseo_notices":[],"_links":{"self":[{"href":"https:\/\/granadacostaglobal.es\/index.php?rest_route=\/wp\/v2\/posts\/20163"}],"collection":[{"href":"https:\/\/granadacostaglobal.es\/index.php?rest_route=\/wp\/v2\/posts"}],"about":[{"href":"https:\/\/granadacostaglobal.es\/index.php?rest_route=\/wp\/v2\/types\/post"}],"author":[{"embeddable":true,"href":"https:\/\/granadacostaglobal.es\/index.php?rest_route=\/wp\/v2\/users\/2"}],"replies":[{"embeddable":true,"href":"https:\/\/granadacostaglobal.es\/index.php?rest_route=%2Fwp%2Fv2%2Fcomments&post=20163"}],"version-history":[{"count":0,"href":"https:\/\/granadacostaglobal.es\/index.php?rest_route=\/wp\/v2\/posts\/20163\/revisions"}],"wp:featuredmedia":[{"embeddable":true,"href":"https:\/\/granadacostaglobal.es\/index.php?rest_route=\/"}],"wp:attachment":[{"href":"https:\/\/granadacostaglobal.es\/index.php?rest_route=%2Fwp%2Fv2%2Fmedia&parent=20163"}],"wp:term":[{"taxonomy":"category","embeddable":true,"href":"https:\/\/granadacostaglobal.es\/index.php?rest_route=%2Fwp%2Fv2%2Fcategories&post=20163"},{"taxonomy":"post_tag","embeddable":true,"href":"https:\/\/granadacostaglobal.es\/index.php?rest_route=%2Fwp%2Fv2%2Ftags&post=20163"}],"curies":[{"name":"wp","href":"https:\/\/api.w.org\/{rel}","templated":true}]}}