{"id":20160,"date":"2019-03-08T18:48:46","date_gmt":"2019-03-08T18:48:46","guid":{"rendered":"http:\/\/granadacostanacional.es\/?p=20160"},"modified":"2019-03-08T18:48:46","modified_gmt":"2019-03-08T18:48:46","slug":"el-presidente-de-la-mancomunidad-visita-las-obras-de-mejora-que-se-estan-ejecutando-en-gualchos-castell-de-ferro","status":"publish","type":"post","link":"https:\/\/granadacostaglobal.es\/?p=20160","title":{"rendered":"El Presidente de la Mancomunidad visita las obras de mejora que se est\u00e1n ejecutando en Gualchos &#8211; Castell de Ferro."},"content":{"rendered":"<p style=\"text-align: justify;\">En la ma\u00f1ana de hoy, el Presidente de la Mancomunidad, Sergio Garc\u00eda Alabarce, acompa\u00f1ado por t\u00e9cnicos y representantes municipales ha llevado a cabo la visita a las obras de mejora de las redes hidr\u00e1ulicas que se est\u00e1n llevando a cabo en el municipio de Gualchos \u2013 Castell de Ferro.<\/p>\n<p style=\"text-align: justify;\">En el t\u00e9rmino municipal de Gualchos , acompa\u00f1ado por su alcaldesa, Antonia Mar\u00eda Antequera, Sergio Garc\u00eda ha comprobado c\u00f3mo se realizan los trabajos ya comenzados y ha asistido a la explicaci\u00f3n por parte de los t\u00e9cnicos de las actuaciones que est\u00e1 previsto llevar a cabo en dos calles del municipio.<\/p>\n<p style=\"text-align: justify;\">&#8220;La obra va a consistir en la mejora de redes en las calles S. Miguel y Grillo. Las redes de saneamiento y abastecimiento no tienen la capacidad para satisfacer las demandas actuales de caudales, siendo necesaria su sustituci\u00f3n por otra de mayores di\u00e1metros, para solucionar los \u00a0problemas que sufr\u00edan \u00a0los vecinos y por ello se hac\u00eda necesario actuar.\u201d Ha argumentado Sergio Garc\u00eda.<\/p>\n<p style=\"text-align: justify;\">Las obras cuentan con un presupuesto de 39.770,99 \u20ac\u00a0 esta inversi\u00f3n se financia con los super\u00e1vits generados en presupuestos anteriores, y se enmarcan \u00a0dentro de las Iversiones Financieramente Sostenibles. En esta actuaci\u00f3n adem\u00e1s de las renovaci\u00f3n de las redes de saneamiento y abastecimiento, tambi\u00e9n se contempla la reposici\u00f3n del pavimento demolido, mediante solera de hormig\u00f3n impreso de 15 cm con mallazo de 15\/15\/5 y l\u00ednea de agua central de piedra natural.<\/p>\n<p style=\"text-align: justify;\">Tras Gualchos, Garc\u00eda Alabarce se \u00a0ha trasladado al n\u00facleo de Castell de Ferro para visitar junto con la Alcaldesa , la renovaci\u00f3n de redes\u00a0 que se est\u00e1 realizando en varias calles de la localidad.<\/p>\n<p style=\"text-align: justify;\">Calle Granada, iglesia , Reyes Cat\u00f3licos y Pescadores son las calles que ver\u00e1n renovadas las redes de abastecimiento y saneamiento, con un presupuesto de 90.391\u20ac con cargo al canon de mejora.<\/p>\n<p style=\"text-align: justify;\">Estas obras junto con las obras de renovaci\u00f3n de redes de abastecimiento, saneamiento y dotaci\u00f3n de pluviales de la Rambla de los Hileros, antigua 340 y Paseo Mar\u00edtimo, las actuaciones de recogida previa de pluviales a carretera GR 5209 en el Romeral, la mejora de redes de abastecimiento, saneamiento y pluviales\u00a0 en C\/ Jazm\u00edn, vienen a sumar m\u00e1s de un mill\u00f3n de euros de inversi\u00f3n en la localidad en esta legislatura.<\/p>\n<p style=\"text-align: justify;\">Para concluir, el Presidente de la Mancomunidad quiso destacar el trabajo que desde la instituci\u00f3n comarcal se est\u00e1 llevando a cabo para que la totalidad de la Costa Tropical cuente con unas infraestructuras hidr\u00e1ulicas \u00f3ptimas. &#8220;Nuestro objetivo es que la totalidad de la comarca disponga de unas redes hidr\u00e1ulicas en el mejor estado posible. De ah\u00ed nuestro empe\u00f1o en la ejecuci\u00f3n del plan de obras que tiene como finalidad la renovaci\u00f3n y mejora de las redes hidr\u00e1ulicas de todos los municipios de la Costa Tropical. Adem\u00e1s con estas obras aprovechamos para a\u00f1adir embellecimiento a los centros de estos municipios que junto con su encanto natural y paisaj\u00edstico conforman un atractivo tur\u00edstico de primer orden. Por otro lado, estamos contribuyendo a la creaci\u00f3n de puestos de trabajo y al desarrollo econ\u00f3mico de nuestra comarca&#8221;.<\/p>\n","protected":false},"excerpt":{"rendered":"<p>En la ma\u00f1ana de hoy, el Presidente de la Mancomunidad, Sergio Garc\u00eda Alabarce, acompa\u00f1ado por t\u00e9cnicos y representantes municipales ha&hellip;<\/p>\n","protected":false},"author":2,"featured_media":20161,"comment_status":"open","ping_status":"open","sticky":false,"template":"","format":"standard","meta":{"om_disable_all_campaigns":false,"_mi_skip_tracking":false,"_monsterinsights_sitenote_active":false,"_monsterinsights_sitenote_note":"","_monsterinsights_sitenote_category":0,"footnotes":""},"categories":[22],"tags":[],"aioseo_notices":[],"_links":{"self":[{"href":"https:\/\/granadacostaglobal.es\/index.php?rest_route=\/wp\/v2\/posts\/20160"}],"collection":[{"href":"https:\/\/granadacostaglobal.es\/index.php?rest_route=\/wp\/v2\/posts"}],"about":[{"href":"https:\/\/granadacostaglobal.es\/index.php?rest_route=\/wp\/v2\/types\/post"}],"author":[{"embeddable":true,"href":"https:\/\/granadacostaglobal.es\/index.php?rest_route=\/wp\/v2\/users\/2"}],"replies":[{"embeddable":true,"href":"https:\/\/granadacostaglobal.es\/index.php?rest_route=%2Fwp%2Fv2%2Fcomments&post=20160"}],"version-history":[{"count":0,"href":"https:\/\/granadacostaglobal.es\/index.php?rest_route=\/wp\/v2\/posts\/20160\/revisions"}],"wp:featuredmedia":[{"embeddable":true,"href":"https:\/\/granadacostaglobal.es\/index.php?rest_route=\/"}],"wp:attachment":[{"href":"https:\/\/granadacostaglobal.es\/index.php?rest_route=%2Fwp%2Fv2%2Fmedia&parent=20160"}],"wp:term":[{"taxonomy":"category","embeddable":true,"href":"https:\/\/granadacostaglobal.es\/index.php?rest_route=%2Fwp%2Fv2%2Fcategories&post=20160"},{"taxonomy":"post_tag","embeddable":true,"href":"https:\/\/granadacostaglobal.es\/index.php?rest_route=%2Fwp%2Fv2%2Ftags&post=20160"}],"curies":[{"name":"wp","href":"https:\/\/api.w.org\/{rel}","templated":true}]}}