{"id":20130,"date":"2019-03-06T12:04:55","date_gmt":"2019-03-06T12:04:55","guid":{"rendered":"http:\/\/granadacostanacional.es\/?p=20130"},"modified":"2019-03-06T12:04:55","modified_gmt":"2019-03-06T12:04:55","slug":"hermanamiento-de-las-asociaciones-espejo-de-alicante-y-la-platea-de-quart-de-poblet","status":"publish","type":"post","link":"https:\/\/granadacostaglobal.es\/?p=20130","title":{"rendered":"HERMANAMIENTO DE LAS ASOCIACIONES  ESPEJO DE ALICANTE Y LA PLATEA DE QUART DE POBLET"},"content":{"rendered":"<p style=\"text-align: justify;\">El pasado 2 de Marzo la Asociaci\u00f3n Cultural La Platea se desplazo hasta el precioso enclave de Alicante para celebrar un acto de hermanamiento entre las asociaciones.<\/p>\n<p style=\"text-align: justify;\">La Presidente de la Asociaci\u00f3n Espejo recibi\u00f3 al Grupo literario la Platea en el precio lugar del Casino Mediterr\u00e1neo donde se celebr\u00f3 este acto.<\/p>\n<p style=\"text-align: justify;\">El acto se desarrollo con palabras por parte de los presidentes de las diferentes asociaciones, Consuelo Giner por\u00a0 Espejo y Jos\u00e9 Romero por la Platea, luego se dio paso a la `parte po\u00e9tica\u00a0 donde los miembros de ambas asociaciones leyeron sus escritos.\u00a0<a href=\"http:\/\/granadacostanacional.es\/wp-content\/uploads\/2019\/03\/DSC04729.jpg\"><img decoding=\"async\" loading=\"lazy\" class=\"aligncenter size-large wp-image-20132\" src=\"http:\/\/granadacostanacional.es\/wp-content\/uploads\/2019\/03\/DSC04729-1024x768.jpg\" alt=\"DSC04729\" width=\"1024\" height=\"768\" \/><\/a><\/p>\n<p style=\"text-align: justify;\">La asociaci\u00f3n Espejo fue entregando varios regalos a los miembros de la platea al t\u00e9rmino de sus lecturas.\u00a0 Consuelo Giner, le entreg\u00f3 un pergamino para dejar constancia del hermanamiento a Jos\u00e9 Romero y se agasaj\u00f3 al t\u00e9rmino del acto para todos los miembros con un coctel, que sirvi\u00f3 para que los miembros participantes y acompa\u00f1antes \u00a0\u00a0se conocieran\u00a0 e intercambiaran experiencias\u00a0 y se desearan volver a verse pronto.<\/p>\n<p style=\"text-align: justify;\"><a href=\"http:\/\/granadacostanacional.es\/wp-content\/uploads\/2019\/03\/foto-puerta-casino.jpg\"><img decoding=\"async\" loading=\"lazy\" class=\"aligncenter size-large wp-image-20133\" src=\"http:\/\/granadacostanacional.es\/wp-content\/uploads\/2019\/03\/foto-puerta-casino-1024x768.jpg\" alt=\"foto puerta casino\" width=\"1024\" height=\"768\" \/><\/a><\/p>\n<p style=\"text-align: justify;\">Este hermanamiento llen\u00f3 \u00a0de emociones y poes\u00eda las tarde\u00a0 con \u00a0las lecturas de los diferentes miembros y el entorno del Casino Mediterr\u00e1neo a todos los presentes.<\/p>\n<p style=\"text-align: justify;\">Al t\u00e9rmino los miembros del grupo literario la Platea pasearon por Alicante que estaba en fiesta por el Carnaval.<\/p>\n<p style=\"text-align: justify;\">Un d\u00eda para el recuerdo y la historia de ambas Asociaciones, Espejo y la Platea.<\/p>\n<p style=\"text-align: right;\">Jos\u00e9 Romero Mu\u00f1oz<\/p>\n","protected":false},"excerpt":{"rendered":"<p>El pasado 2 de Marzo la Asociaci\u00f3n Cultural La Platea se desplazo hasta el precioso enclave de Alicante para celebrar&hellip;<\/p>\n","protected":false},"author":2,"featured_media":20131,"comment_status":"open","ping_status":"open","sticky":false,"template":"","format":"standard","meta":{"om_disable_all_campaigns":false,"_mi_skip_tracking":false,"_monsterinsights_sitenote_active":false,"_monsterinsights_sitenote_note":"","_monsterinsights_sitenote_category":0,"footnotes":""},"categories":[21],"tags":[],"aioseo_notices":[],"_links":{"self":[{"href":"https:\/\/granadacostaglobal.es\/index.php?rest_route=\/wp\/v2\/posts\/20130"}],"collection":[{"href":"https:\/\/granadacostaglobal.es\/index.php?rest_route=\/wp\/v2\/posts"}],"about":[{"href":"https:\/\/granadacostaglobal.es\/index.php?rest_route=\/wp\/v2\/types\/post"}],"author":[{"embeddable":true,"href":"https:\/\/granadacostaglobal.es\/index.php?rest_route=\/wp\/v2\/users\/2"}],"replies":[{"embeddable":true,"href":"https:\/\/granadacostaglobal.es\/index.php?rest_route=%2Fwp%2Fv2%2Fcomments&post=20130"}],"version-history":[{"count":0,"href":"https:\/\/granadacostaglobal.es\/index.php?rest_route=\/wp\/v2\/posts\/20130\/revisions"}],"wp:featuredmedia":[{"embeddable":true,"href":"https:\/\/granadacostaglobal.es\/index.php?rest_route=\/"}],"wp:attachment":[{"href":"https:\/\/granadacostaglobal.es\/index.php?rest_route=%2Fwp%2Fv2%2Fmedia&parent=20130"}],"wp:term":[{"taxonomy":"category","embeddable":true,"href":"https:\/\/granadacostaglobal.es\/index.php?rest_route=%2Fwp%2Fv2%2Fcategories&post=20130"},{"taxonomy":"post_tag","embeddable":true,"href":"https:\/\/granadacostaglobal.es\/index.php?rest_route=%2Fwp%2Fv2%2Ftags&post=20130"}],"curies":[{"name":"wp","href":"https:\/\/api.w.org\/{rel}","templated":true}]}}