{"id":20102,"date":"2019-02-27T15:29:06","date_gmt":"2019-02-27T15:29:06","guid":{"rendered":"http:\/\/granadacostanacional.es\/?p=20102"},"modified":"2019-02-27T15:29:06","modified_gmt":"2019-02-27T15:29:06","slug":"los-centros-guadalinfo-celebran-el-dia-de-andalucia-con-actividades-ludicas-y-de-formacion-digital-en-las-ocho-provincias","status":"publish","type":"post","link":"https:\/\/granadacostaglobal.es\/?p=20102","title":{"rendered":"Los Centros Guadalinfo celebran el D\u00eda de Andaluc\u00eda con actividades l\u00fadicas y de formaci\u00f3n digital en las ocho provincias"},"content":{"rendered":"<p><strong>La red adapta sus avatares en redes al 28F, reta a actividades l\u00fadicas y formativas como gymkhanas digitales y comparte en red las actividades bajo el hashtag #Guadalinfo #D\u00edadeAndaluc\u00eda<\/strong><\/p>\n<p style=\"text-align: justify;\"><strong>\u00a0<\/strong><strong>Los centros han programado 129 actividades en torno a esta efem\u00e9ride, 44 en la provincia en Granada<\/strong><\/p>\n<p style=\"text-align: justify;\"><strong>\u00a0<\/strong><\/p>\n<p style=\"text-align: justify;\">Granada, 27 de febrero de 2019.- \u00a0La red de centros de acceso p\u00fablico a Internet Guadalinfo (gestionada por el Consorcio Fernando de los R\u00edos por encargo de la Junta de Andaluc\u00eda y las ocho\u00a0 diputaciones provinciales), se suma a la celebraci\u00f3n del D\u00eda de Andaluc\u00eda el pr\u00f3ximo 28 de febrero con acciones desde los centros y en red.<\/p>\n<p style=\"text-align: justify;\"><a href=\"http:\/\/granadacostanacional.es\/wp-content\/uploads\/2019\/02\/dia-andalucia-np-2.jpg\"><img decoding=\"async\" loading=\"lazy\" class=\"aligncenter size-full wp-image-20103\" src=\"http:\/\/granadacostanacional.es\/wp-content\/uploads\/2019\/02\/dia-andalucia-np-2.jpg\" alt=\"dia-andalucia-np-2\" width=\"933\" height=\"562\" \/><\/a><\/p>\n<p style=\"text-align: justify;\">La Red Guadalinfo ha llevado el D\u00eda de Andaluc\u00eda a sus redes sociales (avatar en Twitter y marco en Facebook), y los centros han programado un total de 129 propuestas en las ocho provincias, con la base com\u00fan de las TIC y la participaci\u00f3n ciudadana, organizando a nivel local sus propias actividades o colaborando con otras entidades. Adem\u00e1s dinamizar\u00e1n im\u00e1genes y v\u00eddeos bajo la tem\u00e1tica de esta efem\u00e9ride, as\u00ed como las acciones previstas en sus centros a trav\u00e9s de los hashtag #Guadalinfo #D\u00edadeAndaluc\u00eda.<\/p>\n<p style=\"text-align: justify;\">Propuestas para todas las edades, de participaci\u00f3n ciudadana, l\u00fadicas y de formaci\u00f3n TIC. Entre las m\u00e1s extendidas destacan la realizaci\u00f3n de gymkhanas digitales a trav\u00e9s de plataformas on line, y talleres con herramientas digitales para conocer m\u00e1s sobre la historia, las personalidades o las costumbres andaluzas.<\/p>\n<p style=\"text-align: justify;\"><strong>\u00a0<\/strong><\/p>\n<table width=\"504\">\n<tbody>\n<tr>\n<td colspan=\"2\" rowspan=\"2\" width=\"504\"><strong>ACTIVIDADES D\u00cdA DE ANDALUC\u00cdA EN LOS CENTROS GUADALINFO EN 2019<\/strong><\/td>\n<td width=\"0\"><\/td>\n<\/tr>\n<tr>\n<td width=\"0\"><\/td>\n<\/tr>\n<tr>\n<td width=\"123\"><strong>PROVINCIA<\/strong><\/td>\n<td width=\"381\"><strong>N\u00daMERO DE ACTIVIDADES<\/strong><\/td>\n<td width=\"0\"><\/td>\n<\/tr>\n<tr>\n<td width=\"123\">ALMER\u00cdA<\/td>\n<td width=\"381\">18<\/td>\n<td width=\"0\"><\/td>\n<\/tr>\n<tr>\n<td width=\"123\">C\u00c1DIZ<\/td>\n<td width=\"381\">10<\/td>\n<td width=\"0\"><\/td>\n<\/tr>\n<tr>\n<td width=\"123\">C\u00d3RDOBA<\/td>\n<td width=\"381\">10<\/td>\n<td width=\"0\"><\/td>\n<\/tr>\n<tr>\n<td width=\"123\">GRANADA<\/td>\n<td width=\"381\">44<\/td>\n<td width=\"0\"><\/td>\n<\/tr>\n<tr>\n<td width=\"123\">HUELVA<\/td>\n<td width=\"381\">7<\/td>\n<td width=\"0\"><\/td>\n<\/tr>\n<tr>\n<td width=\"123\">JA\u00c9N<\/td>\n<td width=\"381\">19<\/td>\n<td width=\"0\"><\/td>\n<\/tr>\n<tr>\n<td width=\"123\">M\u00c1LAGA<\/td>\n<td width=\"381\">16<\/td>\n<td width=\"0\"><\/td>\n<\/tr>\n<tr>\n<td width=\"123\">SEVILLA<\/td>\n<td width=\"381\">5<\/td>\n<td width=\"0\"><\/td>\n<\/tr>\n<tr>\n<td width=\"123\">TOTAL ANDALUC\u00cdA<\/td>\n<td width=\"381\">129<\/td>\n<td width=\"0\"><\/td>\n<\/tr>\n<\/tbody>\n<\/table>\n<p style=\"text-align: justify;\">\n<p style=\"text-align: justify;\">\n<p style=\"text-align: justify;\">Ejemplos de las actividades programadas con motivo del D\u00eda de Andaluc\u00eda en la provincia de Granada son gymkhanas digitales a trav\u00e9s de plataformas on line y aplicaciones como Kahoot (Mocl\u00edn). Se trata de iniciativas que consiguen, de forma divertida, adquirir y\/o mejorar competencias digitales y al tiempo difundir y conocer m\u00e1s sobre Andaluc\u00eda y el 28F. Dise\u00f1o digital (Og\u00edjares), juegos de mesa (Alamedilla), y Pasapalabra sobre el D\u00eda de Andaluc\u00eda (Iznalloz) son otras de las posibilidades l\u00fadicas y de formaci\u00f3n TIC dirigidas a los m\u00e1s peque\u00f1os. Por otra parte, los Centros Guadalinfo granadinos tambi\u00e9n colaborar\u00e1n con la difusi\u00f3n de los atractivos tur\u00edsticos de sus localidades o comarcas por medio de iniciativas de participaci\u00f3n ciudadana, jornadas de convivencia en las que poner en valor las tradiciones locales implicando a los ciudadanos en la elaboraci\u00f3n y distribuci\u00f3n de contenidos. Es el caso de la XII Feria Balc\u00f3n de la Artesan\u00eda de Hu\u00e9tor Santill\u00e1n, o la entrega de las Banderas de Andaluc\u00eda de la localidad, que este a\u00f1o en C\u00fallar Vega reconocer\u00e1 la labor del Agente de Innovaci\u00f3n Local al frente del Centro Guadalinfo.<\/p>\n<p style=\"text-align: justify;\">\n<p style=\"text-align: justify;\"><strong>Guadalinfo en Granada:<\/strong><\/p>\n<p style=\"text-align: justify;\">\n<p style=\"text-align: justify;\">El Consorcio Fernando de los R\u00edos (por encargo de las ocho diputaciones provinciales y la Junta de Andaluc\u00eda) gestiona Guadalinfo, red p\u00fablica de centros TIC cuyo objetivo es garantizar la igualdad de oportunidades en el acceso a la tecnolog\u00eda. Los centros Guadalinfo (en ayuntamientos menores de 20.000 habitantes y en las barriadas menos favorecidas de poblaciones mayores) ofrecen servicios TIC y capacitaci\u00f3n en competencias digitales. Asesoran a los usuarios en sus proyectos\u00a0 e impulsan iniciativas colectivas de dinamizaci\u00f3n social, sensibilizaci\u00f3n comunitaria y promoci\u00f3n del entorno. Act\u00faan en empleabilidad, alfabetizaci\u00f3n digital, promoci\u00f3n de la cultura innovadora, participaci\u00f3n ciudadana, mejora de la calidad de vida, emprendimiento, digitalizaci\u00f3n empresarial y administraci\u00f3n electr\u00f3nica. En Granada esa labor se realiza desde 177 centros en la provincia, que organizaron 24.526 actividades de enero a diciembre de 2018. La Red Guadalinfo cuenta con m\u00e1s de un mill\u00f3n de usuarios a los que oferta mensualmente una media superior a las 8.000 actividades. Y ha recibido 764 solicitudes a la Orden de subvenciones actualmente vigente dirigida a la apertura, dinamizaci\u00f3n y mantenimiento de los centros y financiada por la Junta de Andaluc\u00eda, a trav\u00e9s de la Consejer\u00eda de Empleo, Empresa y Comercio, y las ocho Diputaciones Provinciales. Dichas solicitudes corresponden a 706 entidades locales y ELA, y a 58 organizaciones sin \u00e1nimo de lucro, que trabajan en zonas con necesidades de transformaci\u00f3n social ubicadas en poblaciones mayores de 20.000 habitantes.<\/p>\n","protected":false},"excerpt":{"rendered":"<p>La red adapta sus avatares en redes al 28F, reta a actividades l\u00fadicas y formativas como gymkhanas digitales y comparte&hellip;<\/p>\n","protected":false},"author":2,"featured_media":20104,"comment_status":"open","ping_status":"open","sticky":false,"template":"","format":"standard","meta":{"om_disable_all_campaigns":false,"_mi_skip_tracking":false,"_monsterinsights_sitenote_active":false,"_monsterinsights_sitenote_note":"","_monsterinsights_sitenote_category":0,"footnotes":""},"categories":[22],"tags":[],"aioseo_notices":[],"_links":{"self":[{"href":"https:\/\/granadacostaglobal.es\/index.php?rest_route=\/wp\/v2\/posts\/20102"}],"collection":[{"href":"https:\/\/granadacostaglobal.es\/index.php?rest_route=\/wp\/v2\/posts"}],"about":[{"href":"https:\/\/granadacostaglobal.es\/index.php?rest_route=\/wp\/v2\/types\/post"}],"author":[{"embeddable":true,"href":"https:\/\/granadacostaglobal.es\/index.php?rest_route=\/wp\/v2\/users\/2"}],"replies":[{"embeddable":true,"href":"https:\/\/granadacostaglobal.es\/index.php?rest_route=%2Fwp%2Fv2%2Fcomments&post=20102"}],"version-history":[{"count":0,"href":"https:\/\/granadacostaglobal.es\/index.php?rest_route=\/wp\/v2\/posts\/20102\/revisions"}],"wp:featuredmedia":[{"embeddable":true,"href":"https:\/\/granadacostaglobal.es\/index.php?rest_route=\/"}],"wp:attachment":[{"href":"https:\/\/granadacostaglobal.es\/index.php?rest_route=%2Fwp%2Fv2%2Fmedia&parent=20102"}],"wp:term":[{"taxonomy":"category","embeddable":true,"href":"https:\/\/granadacostaglobal.es\/index.php?rest_route=%2Fwp%2Fv2%2Fcategories&post=20102"},{"taxonomy":"post_tag","embeddable":true,"href":"https:\/\/granadacostaglobal.es\/index.php?rest_route=%2Fwp%2Fv2%2Ftags&post=20102"}],"curies":[{"name":"wp","href":"https:\/\/api.w.org\/{rel}","templated":true}]}}