{"id":20060,"date":"2019-02-25T10:36:51","date_gmt":"2019-02-25T10:36:51","guid":{"rendered":"http:\/\/granadacostanacional.es\/?p=20060"},"modified":"2019-02-25T10:36:51","modified_gmt":"2019-02-25T10:36:51","slug":"20060-2","status":"publish","type":"post","link":"https:\/\/granadacostaglobal.es\/?p=20060","title":{"rendered":"Delegada de la Academia de las Ciencias, Bellas Artes y Buenas Letras Granada Costa. Medalla de Oro y Colegiada de honor . Colegio de Psic\u00f3logos."},"content":{"rendered":"<p style=\"text-align: justify;\"><a href=\"http:\/\/granadacostanacional.es\/wp-content\/uploads\/2019\/02\/thumbnail_CARME-TELLO-Y-DOLORS-LIRIA.jpg\"><img decoding=\"async\" loading=\"lazy\" class=\"alignnone size-medium wp-image-20061 alignleft\" src=\"http:\/\/granadacostanacional.es\/wp-content\/uploads\/2019\/02\/thumbnail_CARME-TELLO-Y-DOLORS-LIRIA-225x300.jpg\" alt=\"thumbnail_CARME TELLO Y DOLORS LIRIA\" width=\"225\" height=\"300\" \/><\/a>Coincidiendo con la fiesta del patr\u00f3n de la Psicolog\u00eda, el Colegio Oficial de Psic\u00f3logos de Catalu\u00f1a (COPC), hizo la entrega de las medallas de oro a los colegiados de honor: Dra. Carme Tello,\u00a0 Delegada de la Academia de las Ciencias, Bellas Artes y Buenas Letras Granada Costa. Al Dr. Valent\u00edn Barenblitt y Dr. Ignacio Morgado, y el reconocimiento de los colegiados que hace 25 a\u00f1os<\/p>\n<p style=\"text-align: justify;\">Los presentadores del acto fueron: el Dr. Guillermo Mattioli, decano del COPC, y la \u00a0Sra. Teresa Moratalla, secretaria del COPC.. La Dra. Tello fue presentada por la Sra. Dolores Liria que hizo un parlamento de los meritos de la Dra. Tello para optar a la medalla de oro. Posteriormente el Dr. Mattioli presento al Dr. Valent\u00edn Barenblit y el Sr. \u00d3scar Pinoal Dr. Ignacio Morgado.<\/p>\n<p style=\"text-align: justify;\"><a href=\"http:\/\/granadacostanacional.es\/wp-content\/uploads\/2019\/02\/thumbnail_DR.-MORGADO-CARME-TELLO-Y-DR.-BARENBLIT.jpg\"><img decoding=\"async\" loading=\"lazy\" class=\"alignnone size-medium wp-image-20062\" src=\"http:\/\/granadacostanacional.es\/wp-content\/uploads\/2019\/02\/thumbnail_DR.-MORGADO-CARME-TELLO-Y-DR.-BARENBLIT-300x276.jpg\" alt=\"thumbnail_DR. MORGADO, CARME TELLO Y DR. BARENBLIT\" width=\"300\" height=\"276\" \/><\/a><\/p>\n<p style=\"text-align: justify;\">Acto seguido, se hizo entrega de los diplomas de 25 a\u00f1os de colegiaci\u00f3n a 20 colegiados, siendo la Sra. Sra. Laura Cardona, en nombre de todos ellos, hizo una intervenci\u00f3n de reconocimiento de estos 25 a\u00f1os<\/p>\n<p style=\"text-align: justify;\">Se dio por terminado el acto con la actuaci\u00f3n de la coral del colegio de Psic\u00f3logo con un recital de de canciones espa\u00f1olas, catalanas y alemanas, y un piscolabis.<\/p>\n","protected":false},"excerpt":{"rendered":"<p>Coincidiendo con la fiesta del patr\u00f3n de la Psicolog\u00eda, el Colegio Oficial de Psic\u00f3logos de Catalu\u00f1a (COPC), hizo la entrega&hellip;<\/p>\n","protected":false},"author":4,"featured_media":20063,"comment_status":"open","ping_status":"open","sticky":false,"template":"","format":"standard","meta":{"om_disable_all_campaigns":false,"_mi_skip_tracking":false,"_monsterinsights_sitenote_active":false,"_monsterinsights_sitenote_note":"","_monsterinsights_sitenote_category":0,"footnotes":""},"categories":[21,22,19,30],"tags":[],"aioseo_notices":[],"_links":{"self":[{"href":"https:\/\/granadacostaglobal.es\/index.php?rest_route=\/wp\/v2\/posts\/20060"}],"collection":[{"href":"https:\/\/granadacostaglobal.es\/index.php?rest_route=\/wp\/v2\/posts"}],"about":[{"href":"https:\/\/granadacostaglobal.es\/index.php?rest_route=\/wp\/v2\/types\/post"}],"author":[{"embeddable":true,"href":"https:\/\/granadacostaglobal.es\/index.php?rest_route=\/wp\/v2\/users\/4"}],"replies":[{"embeddable":true,"href":"https:\/\/granadacostaglobal.es\/index.php?rest_route=%2Fwp%2Fv2%2Fcomments&post=20060"}],"version-history":[{"count":0,"href":"https:\/\/granadacostaglobal.es\/index.php?rest_route=\/wp\/v2\/posts\/20060\/revisions"}],"wp:featuredmedia":[{"embeddable":true,"href":"https:\/\/granadacostaglobal.es\/index.php?rest_route=\/"}],"wp:attachment":[{"href":"https:\/\/granadacostaglobal.es\/index.php?rest_route=%2Fwp%2Fv2%2Fmedia&parent=20060"}],"wp:term":[{"taxonomy":"category","embeddable":true,"href":"https:\/\/granadacostaglobal.es\/index.php?rest_route=%2Fwp%2Fv2%2Fcategories&post=20060"},{"taxonomy":"post_tag","embeddable":true,"href":"https:\/\/granadacostaglobal.es\/index.php?rest_route=%2Fwp%2Fv2%2Ftags&post=20060"}],"curies":[{"name":"wp","href":"https:\/\/api.w.org\/{rel}","templated":true}]}}