{"id":20034,"date":"2019-02-25T09:44:06","date_gmt":"2019-02-25T09:44:06","guid":{"rendered":"http:\/\/granadacostanacional.es\/?p=20034"},"modified":"2019-02-25T09:44:06","modified_gmt":"2019-02-25T09:44:06","slug":"jornadas-de-apoyo-vital-basico-los-profesores-y-los-ninos-tambien-pueden-salvar-vidas","status":"publish","type":"post","link":"https:\/\/granadacostaglobal.es\/?p=20034","title":{"rendered":"Jornadas de Apoyo Vital B\u00e1sico. Los Profesores y los ni\u00f1os tambi\u00e9n pueden salvar vidas."},"content":{"rendered":"<p class=\"separator\" style=\"text-align: justify;\" data-blogger-escaped-style=\"clear: both; text-align: center;\"><a href=\"http:\/\/granadacostanacional.es\/wp-content\/uploads\/2019\/02\/WhatsApp-Image-2019-02-22-at-17.24.48-2.jpeg\"><img decoding=\"async\" loading=\"lazy\" class=\"alignnone size-medium wp-image-20035 alignleft\" src=\"http:\/\/granadacostanacional.es\/wp-content\/uploads\/2019\/02\/WhatsApp-Image-2019-02-22-at-17.24.48-2-300x225.jpeg\" alt=\"WhatsApp Image 2019-02-22 at 17.24.48 (2)\" width=\"300\" height=\"225\" \/><\/a>El viernes d\u00eda 22 se realiz\u00f3 una nueva edici\u00f3n del proyecto los ni\u00f1os salvan vidas, durante la jornada un total de 29 profesores de centros de toda la provincia de Lleida asistieron a las jornadas sobre apoyo vital b\u00e1sico que se celebr\u00f3 en las dependencias del Hospital Universitario Arnau de Vilanova de Lleida.<\/p>\n<p class=\"separator\" style=\"text-align: justify;\" data-blogger-escaped-style=\"clear: both; text-align: center;\">\n<p class=\"separator\" style=\"text-align: justify;\" data-blogger-escaped-style=\"clear: both; text-align: center;\">La Jornada fue inaugurada por el Dr. Sole jefe de pediatr\u00eda, Sr. Xavier Sol\u00e9 de programas y servicios educativos del Departamento de Ense\u00f1anza,y la Dra To\u00f1y Castillo Directora del Aula Hospitalaria Dr. Antoni Cambrodi , inici\u00f3 la formaci\u00f3n la Dra To\u00f1y Castillo donde habl\u00f3 de las emociones delante de situaciones derivadas de procesos adversos en salud y present\u00f3 los materiales\u00a0realizados para dotar a los centros de informaci\u00f3n y propuestas pedag\u00f3gicas delante del conflicto.<\/p>\n<div data-blogger-escaped-style=\"text-align: justify;\">\n<p><a href=\"http:\/\/granadacostanacional.es\/wp-content\/uploads\/2019\/02\/WhatsApp-Image-2019-02-22-at-17.24.48-1.jpeg\"><img decoding=\"async\" loading=\"lazy\" class=\"alignnone size-medium wp-image-20036\" src=\"http:\/\/granadacostanacional.es\/wp-content\/uploads\/2019\/02\/WhatsApp-Image-2019-02-22-at-17.24.48-1-300x225.jpeg\" alt=\"WhatsApp Image 2019-02-22 at 17.24.48 (1)\" width=\"300\" height=\"225\" \/><\/a><a href=\"http:\/\/granadacostanacional.es\/wp-content\/uploads\/2019\/02\/WhatsApp-Image-2019-02-25-at-09.43.59-3.jpeg\"><img decoding=\"async\" loading=\"lazy\" class=\"alignnone size-medium wp-image-20041\" src=\"http:\/\/granadacostanacional.es\/wp-content\/uploads\/2019\/02\/WhatsApp-Image-2019-02-25-at-09.43.59-3-300x225.jpeg\" alt=\"WhatsApp Image 2019-02-25 at 09.43.59 (3)\" width=\"300\" height=\"225\" \/><\/a><\/p>\n<\/div>\n<div style=\"text-align: justify;\" data-blogger-escaped-style=\"text-align: justify;\">Continu\u00f3 en los talleres simult\u00e1neos y pr\u00e1cticos realizados por la Dra. Alba Gair\u00ed, sobre Primeros Auxilios, Patolog\u00edas M\u00e9dicas y Patolog\u00eda Traum\u00e1tica.<\/div>\n<div data-blogger-escaped-style=\"text-align: justify;\"><\/div>\n<div data-blogger-escaped-style=\"text-align: justify;\"><\/div>\n<div data-blogger-escaped-style=\"text-align: justify;\"><a href=\"http:\/\/granadacostanacional.es\/wp-content\/uploads\/2019\/02\/WhatsApp-Image-2019-02-25-at-09.43.58-1.jpeg\"><img decoding=\"async\" loading=\"lazy\" class=\" wp-image-20039 aligncenter\" src=\"http:\/\/granadacostanacional.es\/wp-content\/uploads\/2019\/02\/WhatsApp-Image-2019-02-25-at-09.43.58-1-300x225.jpeg\" alt=\"WhatsApp Image 2019-02-25 at 09.43.58 (1)\" width=\"384\" height=\"288\" \/><\/a><\/div>\n<div data-blogger-escaped-style=\"text-align: justify;\"><\/div>\n<div data-blogger-escaped-style=\"text-align: justify;\">\n<p style=\"text-align: justify;\">Y los doctores Eduard Sol\u00e9 y Jordi Garc\u00eda que realizaban el apoyo vital b\u00e1sico, las maniobras de Reanimaci\u00f3n cardio pulmonar y DEA. Talleres que desde la parte te\u00f3rica a la parte practica. La Jornada ha\u00a0 sido muy valorada por los asistentes que ya a alcanzado su cuarta edici\u00f3n.<\/p>\n<p style=\"text-align: justify;\">\n<\/div>\n<p>&nbsp;<\/p>\n<p><a href=\"http:\/\/granadacostanacional.es\/wp-content\/uploads\/2019\/02\/WhatsApp-Image-2019-02-25-at-09.43.59-1.jpeg\"><img decoding=\"async\" loading=\"lazy\" class=\"alignnone size-medium wp-image-20042\" src=\"http:\/\/granadacostanacional.es\/wp-content\/uploads\/2019\/02\/WhatsApp-Image-2019-02-25-at-09.43.59-1-300x225.jpeg\" alt=\"WhatsApp Image 2019-02-25 at 09.43.59 (1)\" width=\"300\" height=\"225\" \/><\/a><a href=\"http:\/\/granadacostanacional.es\/wp-content\/uploads\/2019\/02\/WhatsApp-Image-2019-02-25-at-09.43.58-4.jpeg\"><img decoding=\"async\" loading=\"lazy\" class=\"alignnone size-medium wp-image-20040\" src=\"http:\/\/granadacostanacional.es\/wp-content\/uploads\/2019\/02\/WhatsApp-Image-2019-02-25-at-09.43.58-4-225x300.jpeg\" alt=\"WhatsApp Image 2019-02-25 at 09.43.58 (4)\" width=\"225\" height=\"300\" \/><\/a><a href=\"http:\/\/granadacostanacional.es\/wp-content\/uploads\/2019\/02\/WhatsApp-Image-2019-02-22-at-17.24.48.jpeg\"><img decoding=\"async\" loading=\"lazy\" class=\"alignnone size-medium wp-image-20037\" src=\"http:\/\/granadacostanacional.es\/wp-content\/uploads\/2019\/02\/WhatsApp-Image-2019-02-22-at-17.24.48-300x225.jpeg\" alt=\"WhatsApp Image 2019-02-22 at 17.24.48\" width=\"300\" height=\"225\" \/><\/a><\/p>\n","protected":false},"excerpt":{"rendered":"<p>El viernes d\u00eda 22 se realiz\u00f3 una nueva edici\u00f3n del proyecto los ni\u00f1os salvan vidas, durante la jornada un total&hellip;<\/p>\n","protected":false},"author":4,"featured_media":20043,"comment_status":"open","ping_status":"open","sticky":false,"template":"","format":"standard","meta":{"om_disable_all_campaigns":false,"_mi_skip_tracking":false,"_monsterinsights_sitenote_active":false,"_monsterinsights_sitenote_note":"","_monsterinsights_sitenote_category":0,"footnotes":""},"categories":[25,36,21,35,22,19],"tags":[],"aioseo_notices":[],"_links":{"self":[{"href":"https:\/\/granadacostaglobal.es\/index.php?rest_route=\/wp\/v2\/posts\/20034"}],"collection":[{"href":"https:\/\/granadacostaglobal.es\/index.php?rest_route=\/wp\/v2\/posts"}],"about":[{"href":"https:\/\/granadacostaglobal.es\/index.php?rest_route=\/wp\/v2\/types\/post"}],"author":[{"embeddable":true,"href":"https:\/\/granadacostaglobal.es\/index.php?rest_route=\/wp\/v2\/users\/4"}],"replies":[{"embeddable":true,"href":"https:\/\/granadacostaglobal.es\/index.php?rest_route=%2Fwp%2Fv2%2Fcomments&post=20034"}],"version-history":[{"count":0,"href":"https:\/\/granadacostaglobal.es\/index.php?rest_route=\/wp\/v2\/posts\/20034\/revisions"}],"wp:featuredmedia":[{"embeddable":true,"href":"https:\/\/granadacostaglobal.es\/index.php?rest_route=\/"}],"wp:attachment":[{"href":"https:\/\/granadacostaglobal.es\/index.php?rest_route=%2Fwp%2Fv2%2Fmedia&parent=20034"}],"wp:term":[{"taxonomy":"category","embeddable":true,"href":"https:\/\/granadacostaglobal.es\/index.php?rest_route=%2Fwp%2Fv2%2Fcategories&post=20034"},{"taxonomy":"post_tag","embeddable":true,"href":"https:\/\/granadacostaglobal.es\/index.php?rest_route=%2Fwp%2Fv2%2Ftags&post=20034"}],"curies":[{"name":"wp","href":"https:\/\/api.w.org\/{rel}","templated":true}]}}