{"id":20000,"date":"2019-02-22T17:04:19","date_gmt":"2019-02-22T17:04:19","guid":{"rendered":"http:\/\/granadacostanacional.es\/?p=20000"},"modified":"2019-02-22T17:04:19","modified_gmt":"2019-02-22T17:04:19","slug":"la-mancomunidad-destina-401-53120-e-de-su-superavit-a-inversiones-en-ocho-municipios-de-la-comarca","status":"publish","type":"post","link":"https:\/\/granadacostaglobal.es\/?p=20000","title":{"rendered":"La Mancomunidad destina 401.531,20 \u20ac de su super\u00e1vit a inversiones en ocho municipios de la comarca"},"content":{"rendered":"<p style=\"text-align: justify;\"><em>La Mancomunidad de Municipios ha celebrado en la ma\u00f1ana de hoy viernes 22 de febrero Junta General Ordinaria con 11 puntos en el orden del d\u00eda<\/em>.<\/p>\n<p style=\"text-align: justify;\">\n<p style=\"text-align: justify;\">Motril, Almu\u00f1\u00e9car, La Herradura, Albond\u00f3n, E.L.A. Carchuna- Calahonda, La Mamola, Molv\u00edzar y L\u00fajar, ser\u00e1n los municipios beneficiados por las inversiones del super\u00e1vit procedentes del remanente de tesorer\u00eda del ejercicio presupuestario 2018.<\/p>\n<p style=\"text-align: justify;\">La Junta General ha aprobado incorporar el super\u00e1vit presupuestario refrendado por el remanente de tesorer\u00eda, por una cuant\u00eda de 401.531,20 euros a la financiaci\u00f3n de obras financieramente sostenibles.<\/p>\n<p style=\"text-align: justify;\">Las actuaciones consistir\u00e1n en la renovaci\u00f3n de la infraestructura de abastecimiento, saneamiento y pluviales de \u00a0diferentes calles que se ver\u00e1n beneficiadas por esta inversi\u00f3n no prevista inicialmente y que gracias a dicho super\u00e1vit podr\u00e1n llevarse a cabo.<\/p>\n<p style=\"text-align: justify;\">Esta inversi\u00f3n, se suman a las actuaciones que se est\u00e1n realizando a lo largo de todas la Costa Tropical, con cargo al canon de mejora y canon concesional, con un valor de 24 millones de euros aproximadamente\u201d ha resaltado el Presidente de La Mancomunidad de Municipios de la Costa Tropical, Sergio Garc\u00eda Alabarce.<\/p>\n<p style=\"text-align: justify;\">Adem\u00e1s de este punto en la Junta General, celebrada hoy, ha aprobado entre otros puntos, la adhesi\u00f3n del Ayuntamiento Torrenueva Costa a la Mancomunidad de municipios una vez se ha constituido en municipio independiente, as\u00ed como la aprobaci\u00f3n de dos \u00a0proyectos de \u00a0Plan Especial Programa de Fomento de Empleo Agrario Convocatoria 2019 con dos actuaciones por un\u00a0 valor de 238.000 euros afectando a Molv\u00edzar, \u00cdtrabo, Albu\u00f1ol y Albond\u00f3n.<\/p>\n<p style=\"text-align: justify;\">En orden econ\u00f3mico la mancomunidad ha aprobado la liquidaci\u00f3n del presupuesto del ejercicio presupuestario 2018, el reglamento de fiscalizaci\u00f3n previa, dos suplementos de cr\u00e9dito y el informe trimestral de morosidad.<\/p>\n<p style=\"text-align: justify;\">Por ultimo se han aprobado los pliegos t\u00e9cnicos y administrativos para la licitaci\u00f3n del balizamiento de playas para el 2019 y 2020 y para la contrataci\u00f3n de los servicios de organizaci\u00f3n, producci\u00f3n y ejecuci\u00f3n del Festival Flamenco \u201cLa Ca\u00f1a Flamenca\u201d.<\/p>\n<p style=\"text-align: justify;\"><a href=\"http:\/\/granadacostanacional.es\/wp-content\/uploads\/2019\/02\/doc19022212_12_40.pdf\">DECLARACI\u00d3N INSTITUCIONAL DE LA MANCOMUNIDAD DE MUNICIPIOS DE LA COSTA TROPICAL DE GRANADA<\/a><\/p>\n","protected":false},"excerpt":{"rendered":"<p>La Mancomunidad de Municipios ha celebrado en la ma\u00f1ana de hoy viernes 22 de febrero Junta General Ordinaria con 11&hellip;<\/p>\n","protected":false},"author":2,"featured_media":20001,"comment_status":"open","ping_status":"open","sticky":false,"template":"","format":"standard","meta":{"om_disable_all_campaigns":false,"_mi_skip_tracking":false,"_monsterinsights_sitenote_active":false,"_monsterinsights_sitenote_note":"","_monsterinsights_sitenote_category":0,"footnotes":""},"categories":[22],"tags":[],"aioseo_notices":[],"_links":{"self":[{"href":"https:\/\/granadacostaglobal.es\/index.php?rest_route=\/wp\/v2\/posts\/20000"}],"collection":[{"href":"https:\/\/granadacostaglobal.es\/index.php?rest_route=\/wp\/v2\/posts"}],"about":[{"href":"https:\/\/granadacostaglobal.es\/index.php?rest_route=\/wp\/v2\/types\/post"}],"author":[{"embeddable":true,"href":"https:\/\/granadacostaglobal.es\/index.php?rest_route=\/wp\/v2\/users\/2"}],"replies":[{"embeddable":true,"href":"https:\/\/granadacostaglobal.es\/index.php?rest_route=%2Fwp%2Fv2%2Fcomments&post=20000"}],"version-history":[{"count":0,"href":"https:\/\/granadacostaglobal.es\/index.php?rest_route=\/wp\/v2\/posts\/20000\/revisions"}],"wp:featuredmedia":[{"embeddable":true,"href":"https:\/\/granadacostaglobal.es\/index.php?rest_route=\/"}],"wp:attachment":[{"href":"https:\/\/granadacostaglobal.es\/index.php?rest_route=%2Fwp%2Fv2%2Fmedia&parent=20000"}],"wp:term":[{"taxonomy":"category","embeddable":true,"href":"https:\/\/granadacostaglobal.es\/index.php?rest_route=%2Fwp%2Fv2%2Fcategories&post=20000"},{"taxonomy":"post_tag","embeddable":true,"href":"https:\/\/granadacostaglobal.es\/index.php?rest_route=%2Fwp%2Fv2%2Ftags&post=20000"}],"curies":[{"name":"wp","href":"https:\/\/api.w.org\/{rel}","templated":true}]}}