{"id":19996,"date":"2019-02-21T17:12:54","date_gmt":"2019-02-21T17:12:54","guid":{"rendered":"http:\/\/granadacostanacional.es\/?p=19996"},"modified":"2019-02-21T17:12:54","modified_gmt":"2019-02-21T17:12:54","slug":"caravaca-de-la-cruz-con-el-arte-y-los-misticos-santa-teresa-y-san-juan","status":"publish","type":"post","link":"https:\/\/granadacostaglobal.es\/?p=19996","title":{"rendered":"CARAVACA DE LA CRUZ CON EL ARTE Y LOS M\u00cdSTICOS: SANTA TERESA Y SAN JUAN"},"content":{"rendered":"<p style=\"text-align: justify;\">La exposici\u00f3n <strong>\u2018M\u00edsticos\u2019<\/strong> acerc\u00f3 hasta el pasado mes de enero como nunca mejor se ha podido conseguir, \u00a0a trav\u00e9s del v\u00ednculo con el arte, una visi\u00f3n hol\u00edstica y una reflexi\u00f3n sobre el misticismo, en la historia de la cultura literaria de nuestro Siglo de Oro, a trav\u00e9s de sus dos grandes escritores m\u00e1s representativos, que crearon fundaciones en Caravaca de la Cruz: Santa Teresa de Jes\u00fas y San Juan De la Cruz. En este sentido, se ha revivido de una manera muy singular el esp\u00edritu de Santa Teresa y San Juan, como se ha pretendido en La antigua iglesia de La Compa\u00f1\u00eda de Jes\u00fas de Caravaca de la Cruz.\u00a0 Con obras de grandes maestros de la pintura manierista y barroca espa\u00f1ola y universal de nuestra \u00e9poca: \u2018El Greco\u2019, Murillo, Alonso Cano, Pedro de Mena, Ribera, Salzillo, Saura, Chillida, T\u00e0pies y Luci\u00f3 Mu\u00f1oz, adem\u00e1s de un largo etc. \u00a0Asimismo, se ha disfrutado de reliquias de gran calado como los dedos de San Juan de la Cruz, procedentes de \u00dabeda, o unas ediciones pr\u00edncipes \u00a0de las cartas de Santa Teresa. La exposici\u00f3n nos ha hecho gozar de obras procedentes del Museo del Prado, el Museo Nacional de Escultura o el Museo de Bellas Artes de Murcia, entre otros. Tambi\u00e9n ha sido notoria la acogida\u00a0 de su Comisario Nacho Ruiz y como no pod\u00eda ser menos la que ha nos ha sorprendido y realizado Ana Coronado con unas explicaciones y un entusiasmo \u00fanicos, y que se agradece en consonancia con la talla de tan grande evento.<\/p>\n<p style=\"text-align: justify;\"><a href=\"http:\/\/granadacostanacional.es\/wp-content\/uploads\/2019\/02\/image001.jpg\"><img decoding=\"async\" loading=\"lazy\" class=\"aligncenter size-full wp-image-19997\" src=\"http:\/\/granadacostanacional.es\/wp-content\/uploads\/2019\/02\/image001.jpg\" alt=\"image001\" width=\"433\" height=\"577\" \/><\/a><a href=\"http:\/\/granadacostanacional.es\/wp-content\/uploads\/2019\/02\/image003.jpg\"><img decoding=\"async\" loading=\"lazy\" class=\"aligncenter size-full wp-image-19998\" src=\"http:\/\/granadacostanacional.es\/wp-content\/uploads\/2019\/02\/image003.jpg\" alt=\"image003\" width=\"769\" height=\"577\" \/><\/a><\/p>\n<p style=\"text-align: justify;\"><strong>Francisco Velasco Rey<\/strong><\/p>\n","protected":false},"excerpt":{"rendered":"<p>La exposici\u00f3n \u2018M\u00edsticos\u2019 acerc\u00f3 hasta el pasado mes de enero como nunca mejor se ha podido conseguir, \u00a0a trav\u00e9s del&hellip;<\/p>\n","protected":false},"author":2,"featured_media":13093,"comment_status":"open","ping_status":"open","sticky":false,"template":"","format":"standard","meta":{"om_disable_all_campaigns":false,"_mi_skip_tracking":false,"_monsterinsights_sitenote_active":false,"_monsterinsights_sitenote_note":"","_monsterinsights_sitenote_category":0,"footnotes":""},"categories":[21,30],"tags":[],"aioseo_notices":[],"_links":{"self":[{"href":"https:\/\/granadacostaglobal.es\/index.php?rest_route=\/wp\/v2\/posts\/19996"}],"collection":[{"href":"https:\/\/granadacostaglobal.es\/index.php?rest_route=\/wp\/v2\/posts"}],"about":[{"href":"https:\/\/granadacostaglobal.es\/index.php?rest_route=\/wp\/v2\/types\/post"}],"author":[{"embeddable":true,"href":"https:\/\/granadacostaglobal.es\/index.php?rest_route=\/wp\/v2\/users\/2"}],"replies":[{"embeddable":true,"href":"https:\/\/granadacostaglobal.es\/index.php?rest_route=%2Fwp%2Fv2%2Fcomments&post=19996"}],"version-history":[{"count":0,"href":"https:\/\/granadacostaglobal.es\/index.php?rest_route=\/wp\/v2\/posts\/19996\/revisions"}],"wp:featuredmedia":[{"embeddable":true,"href":"https:\/\/granadacostaglobal.es\/index.php?rest_route=\/"}],"wp:attachment":[{"href":"https:\/\/granadacostaglobal.es\/index.php?rest_route=%2Fwp%2Fv2%2Fmedia&parent=19996"}],"wp:term":[{"taxonomy":"category","embeddable":true,"href":"https:\/\/granadacostaglobal.es\/index.php?rest_route=%2Fwp%2Fv2%2Fcategories&post=19996"},{"taxonomy":"post_tag","embeddable":true,"href":"https:\/\/granadacostaglobal.es\/index.php?rest_route=%2Fwp%2Fv2%2Ftags&post=19996"}],"curies":[{"name":"wp","href":"https:\/\/api.w.org\/{rel}","templated":true}]}}