{"id":19988,"date":"2019-02-21T17:11:26","date_gmt":"2019-02-21T17:11:26","guid":{"rendered":"http:\/\/granadacostanacional.es\/?p=19988"},"modified":"2019-02-21T17:11:26","modified_gmt":"2019-02-21T17:11:26","slug":"agentes-guadalinfo-de-varias-provincias-amplian-su-formacion-en-diseno-y-gestion-de-proyectos-de-innovacion-social-en-el-territorio","status":"publish","type":"post","link":"https:\/\/granadacostaglobal.es\/?p=19988","title":{"rendered":"Agentes Guadalinfo de varias provincias ampl\u00edan su formaci\u00f3n en dise\u00f1o y gesti\u00f3n de proyectos de innovaci\u00f3n social en el territorio"},"content":{"rendered":"<ul>\n<li style=\"text-align: justify;\"><strong>El Consorcio Fernando de los R\u00edos imparte a 38 responsables de <\/strong><strong>Guadalinfo de toda Andaluc\u00eda un curso de 144 horas: 80 <\/strong><strong>on line, dos talleres presenciales y un proyecto de final de innovaci\u00f3n social en el territorio<\/strong><\/li>\n<\/ul>\n<p style=\"text-align: justify;\">\n<ul style=\"text-align: justify;\">\n<li><strong>Agentes de C\u00e1diz, C\u00f3rdoba, M\u00e1laga y Huelva (3 por provincia), 6 de Granada, 6 de Sevilla y 9 de Ja\u00e9n inician su formaci\u00f3n en Santiponce y P\u00ed\u00f1ar con el taller \u201cInnovaci\u00f3n Social, Creatividad y Design Thinking\u201d<\/strong><\/li>\n<\/ul>\n<p style=\"text-align: justify;\">Granada, 21 de febrero de 2019.- \u00a0El Consorcio Fernando de los R\u00edos (CFR) imparte estos d\u00edas a un total de 38 responsables de Guadalinfo (33 Agentes de Innovaci\u00f3n Local &#8211; AIL- al frente de centros de toda Andaluc\u00eda,\u00a0 y 5 responsables del propio CFR) formaci\u00f3n avanzada en gesti\u00f3n y dinamizaci\u00f3n de proyectos de innovaci\u00f3n social.<\/p>\n<p style=\"text-align: justify;\"><a href=\"http:\/\/granadacostanacional.es\/wp-content\/uploads\/2019\/02\/ail_dinamizacionsocial_p\u00ed\u00f1ar1.jpg\"><img decoding=\"async\" loading=\"lazy\" class=\"aligncenter size-large wp-image-19989\" src=\"http:\/\/granadacostanacional.es\/wp-content\/uploads\/2019\/02\/ail_dinamizacionsocial_p\u00ed\u00f1ar1-1024x768.jpg\" alt=\"ail_dinamizacionsocial_p\u00ed\u00f1ar1\" width=\"1024\" height=\"768\" \/><\/a><\/p>\n<p style=\"text-align: justify;\">El curso (de 144 horas) se enmarca en el plan de formaci\u00f3n permanente de los AIL gestionado por el CFR, y persigue promover cambios positivos y sostenibles en los municipios a trav\u00e9s de proyectos de innovaci\u00f3n social. La formaci\u00f3n permitir\u00e1 a los y las AIL dise\u00f1ar y gestionar proyectos innovadores, con impacto social y de impulso del emprendimiento, y adem\u00e1s, crear modelos y redes que permitan replicar iniciativas en otros territorios y\/o contar con la Red Guadalinfo para multiplicar su impacto.<\/p>\n<p style=\"text-align: justify;\">Los y las agentes realizar\u00e1n 80 horas de formaci\u00f3n on line y dos talleres presenciales, el primero de los cuales (\u201cInnovaci\u00f3n Social, Creatividad y Design Thinking\u201d) se ha celebrado esta semana en dos sedes: Santiponce (Sevilla) los d\u00edas 18 y 19 de febrero con la participaci\u00f3n de 15 Agentes de Innovaci\u00f3n (3 de C\u00e1diz, 2 de C\u00f3rdoba, 3 de Huelva, 1 de M\u00e1laga y 6 de Sevilla); y 20 y 21 de febrero en P\u00ed\u00f1ar (Granada), con la participaci\u00f3n de 18 agentes (1 de C\u00f3rdoba, 6 de Granada, 9 de Ja\u00e9n, y 2 de M\u00e1laga). Completan el alumnado 4 responsables del \u00e1rea de dinamizaci\u00f3n territorial del Consorcio Fernando de los R\u00edos.<\/p>\n<p style=\"text-align: justify;\"><a href=\"http:\/\/granadacostanacional.es\/wp-content\/uploads\/2019\/02\/ail_dinamizacionsocial_p\u00ed\u00f1ar2.jpg\"><img decoding=\"async\" loading=\"lazy\" class=\"aligncenter size-large wp-image-19990\" src=\"http:\/\/granadacostanacional.es\/wp-content\/uploads\/2019\/02\/ail_dinamizacionsocial_p\u00ed\u00f1ar2-1024x768.jpg\" alt=\"ail_dinamizacionsocial_p\u00ed\u00f1ar2\" width=\"1024\" height=\"768\" \/><\/a><\/p>\n<p style=\"text-align: justify;\">La formaci\u00f3n es eminentemente pr\u00e1ctica (incluyendo casos de \u00e9xito reales) y colaborativa (potencia el trabajo en equipo) con metodolog\u00edas de proyecci\u00f3n \u00e1giles (design thinking, learning by doing) que capaciten al alumnado en competencias para liderar proyectos.<\/p>\n<p style=\"text-align: justify;\"><a href=\"http:\/\/granadacostanacional.es\/wp-content\/uploads\/2019\/02\/ail-dinamizacion-np1.jpg\"><img decoding=\"async\" loading=\"lazy\" class=\"aligncenter size-full wp-image-19991\" src=\"http:\/\/granadacostanacional.es\/wp-content\/uploads\/2019\/02\/ail-dinamizacion-np1.jpg\" alt=\"ail-dinamizacion-np1\" width=\"933\" height=\"562\" \/><\/a><\/p>\n<p style=\"text-align: justify;\">El segundo taller \u201cGesti\u00f3n de Proyectos de Innovaci\u00f3n Social\u201d, tendr\u00e1 lugar en las mismas sedes del 4 al 7 de marzo. En ambas sesiones, a trav\u00e9s de t\u00e9cnicas de dinamizaci\u00f3n, modelos, y actividades, se trabajar\u00e1n contenidos y actitudes para el desarrollo personal de sus propios proyectos y para la dinamizaci\u00f3n en su comarca. El curso finalizar\u00e1 con una pr\u00e1ctica de 40 horas en la que los agentes deber\u00e1n realizar el dise\u00f1o y desarrollo de un proyecto de Innovaci\u00f3n Social enmarcado en la propia zona de actuaci\u00f3n de los agentes.<\/p>\n<p style=\"text-align: justify;\"><strong>\u00a0<\/strong><\/p>\n<p style=\"text-align: justify;\"><strong>\u00a0<a href=\"http:\/\/granadacostanacional.es\/wp-content\/uploads\/2019\/02\/ail-dinamizacion-np2.jpg\"><img decoding=\"async\" loading=\"lazy\" class=\"aligncenter size-full wp-image-19992\" src=\"http:\/\/granadacostanacional.es\/wp-content\/uploads\/2019\/02\/ail-dinamizacion-np2.jpg\" alt=\"ail-dinamizacion-np2\" width=\"933\" height=\"562\" \/><\/a><\/strong><\/p>\n<table style=\"height: 667px;\" width=\"661\">\n<tbody>\n<tr>\n<td width=\"108\"><strong>\u00a0<\/strong><\/p>\n<p><strong>PROCEDENCIA AIL<\/strong><\/p>\n<p><strong>\u00a0<\/strong><\/td>\n<td width=\"81\"><strong>Sede Santiponce<\/strong><\/td>\n<td width=\"71\"><strong>Sede<\/strong><\/p>\n<p><strong>P\u00ed\u00f1ar<\/strong><\/td>\n<\/tr>\n<tr>\n<td width=\"108\">C\u00e1diz<\/td>\n<td width=\"81\">3<\/td>\n<td width=\"71\">0<\/td>\n<\/tr>\n<tr>\n<td width=\"108\">C\u00f3rdoba<\/td>\n<td width=\"81\">2<\/td>\n<td width=\"71\">1<\/td>\n<\/tr>\n<tr>\n<td width=\"108\">Granada<\/td>\n<td width=\"81\">0<\/td>\n<td width=\"71\">6<\/td>\n<\/tr>\n<tr>\n<td width=\"108\">Huelva<\/td>\n<td width=\"81\">3<\/td>\n<td width=\"71\">0<\/td>\n<\/tr>\n<tr>\n<td width=\"108\">Ja\u00e9n<\/td>\n<td width=\"81\">0<\/td>\n<td width=\"71\">9<\/td>\n<\/tr>\n<tr>\n<td width=\"108\">M\u00e1laga<\/td>\n<td width=\"81\">1<\/td>\n<td width=\"71\">2<\/td>\n<\/tr>\n<tr>\n<td width=\"108\">Sevilla<\/td>\n<td width=\"81\">6<\/td>\n<td width=\"71\">0<\/td>\n<\/tr>\n<tr>\n<td width=\"108\"><strong>Total<\/strong><\/td>\n<td width=\"81\"><strong>15<\/strong><\/td>\n<td width=\"71\"><strong>18<\/strong><\/td>\n<\/tr>\n<\/tbody>\n<\/table>\n<p style=\"text-align: justify;\"><strong>\u00a0<a href=\"http:\/\/granadacostanacional.es\/wp-content\/uploads\/2019\/02\/ail-dinamizacion-np3.jpg\"><img decoding=\"async\" loading=\"lazy\" class=\"aligncenter size-full wp-image-19993\" src=\"http:\/\/granadacostanacional.es\/wp-content\/uploads\/2019\/02\/ail-dinamizacion-np3.jpg\" alt=\"ail-dinamizacion-np3\" width=\"933\" height=\"562\" \/><\/a><\/strong><\/p>\n<p style=\"text-align: justify;\"><strong>Guadalinfo en Granada:<\/strong><\/p>\n<p style=\"text-align: justify;\">\n<p style=\"text-align: justify;\">El Consorcio Fernando de los R\u00edos (por encargo de las ocho diputaciones provinciales y la Junta de Andaluc\u00eda) gestiona Guadalinfo, red p\u00fablica de centros TIC cuyo objetivo es garantizar la igualdad de oportunidades en el acceso a la tecnolog\u00eda. Los centros Guadalinfo (en ayuntamientos menores de 20.000 habitantes y en las barriadas menos favorecidas de poblaciones mayores) ofrecen servicios TIC y capacitaci\u00f3n en competencias digitales. Asesoran a los usuarios en sus proyectos\u00a0 e impulsan iniciativas colectivas de dinamizaci\u00f3n social, sensibilizaci\u00f3n comunitaria y promoci\u00f3n del entorno. Act\u00faan en empleabilidad, alfabetizaci\u00f3n digital, promoci\u00f3n de la cultura innovadora, participaci\u00f3n ciudadana, mejora de la calidad de vida, emprendimiento, digitalizaci\u00f3n empresarial y administraci\u00f3n electr\u00f3nica. En Granada esa labor se realiza desde 177 centros en la provincia, que organizaron 24.526 actividades de enero a diciembre de 2018. La Red Guadalinfo cuenta con m\u00e1s de un mill\u00f3n de usuarios a los que oferta mensualmente una media superior a las 8.000 actividades. Y ha recibido 764 solicitudes a la Orden de subvenciones actualmente vigente dirigida a la apertura, dinamizaci\u00f3n y mantenimiento de los centros y financiada por la Junta de Andaluc\u00eda, a trav\u00e9s de la Consejer\u00eda de Empleo, Empresa y Comercio, y las ocho Diputaciones Provinciales. Dichas solicitudes corresponden a 706 entidades locales y ELA, y a 58 organizaciones sin \u00e1nimo de lucro, que trabajan en zonas con necesidades de transformaci\u00f3n social ubicadas en poblaciones mayores de 20.000 habitantes.<\/p>\n","protected":false},"excerpt":{"rendered":"<p>El Consorcio Fernando de los R\u00edos imparte a 38 responsables de Guadalinfo de toda Andaluc\u00eda un curso de 144 horas:&hellip;<\/p>\n","protected":false},"author":2,"featured_media":19994,"comment_status":"open","ping_status":"open","sticky":false,"template":"","format":"standard","meta":{"om_disable_all_campaigns":false,"_mi_skip_tracking":false,"_monsterinsights_sitenote_active":false,"_monsterinsights_sitenote_note":"","_monsterinsights_sitenote_category":0,"footnotes":""},"categories":[22],"tags":[],"aioseo_notices":[],"_links":{"self":[{"href":"https:\/\/granadacostaglobal.es\/index.php?rest_route=\/wp\/v2\/posts\/19988"}],"collection":[{"href":"https:\/\/granadacostaglobal.es\/index.php?rest_route=\/wp\/v2\/posts"}],"about":[{"href":"https:\/\/granadacostaglobal.es\/index.php?rest_route=\/wp\/v2\/types\/post"}],"author":[{"embeddable":true,"href":"https:\/\/granadacostaglobal.es\/index.php?rest_route=\/wp\/v2\/users\/2"}],"replies":[{"embeddable":true,"href":"https:\/\/granadacostaglobal.es\/index.php?rest_route=%2Fwp%2Fv2%2Fcomments&post=19988"}],"version-history":[{"count":0,"href":"https:\/\/granadacostaglobal.es\/index.php?rest_route=\/wp\/v2\/posts\/19988\/revisions"}],"wp:featuredmedia":[{"embeddable":true,"href":"https:\/\/granadacostaglobal.es\/index.php?rest_route=\/"}],"wp:attachment":[{"href":"https:\/\/granadacostaglobal.es\/index.php?rest_route=%2Fwp%2Fv2%2Fmedia&parent=19988"}],"wp:term":[{"taxonomy":"category","embeddable":true,"href":"https:\/\/granadacostaglobal.es\/index.php?rest_route=%2Fwp%2Fv2%2Fcategories&post=19988"},{"taxonomy":"post_tag","embeddable":true,"href":"https:\/\/granadacostaglobal.es\/index.php?rest_route=%2Fwp%2Fv2%2Ftags&post=19988"}],"curies":[{"name":"wp","href":"https:\/\/api.w.org\/{rel}","templated":true}]}}