{"id":19885,"date":"2019-02-19T12:00:44","date_gmt":"2019-02-19T12:00:44","guid":{"rendered":"http:\/\/granadacostanacional.es\/?p=19885"},"modified":"2019-02-19T12:00:44","modified_gmt":"2019-02-19T12:00:44","slug":"presentacion-de-la-academia-de-las-ciencias-bellas-artes-y-buenas-letras-granada-costa-en-madrid","status":"publish","type":"post","link":"https:\/\/granadacostaglobal.es\/?p=19885","title":{"rendered":"Presentaci\u00f3n de la Academia de las Ciencias, Bellas Artes y Buenas Letras Granada Costa en Madrid"},"content":{"rendered":"<p style=\"text-align: justify;\">El pasado d\u00eda 16 de febrero tuvo lugar la presentaci\u00f3n de la Academia de las Ciencias, Bellas Artes y Buenas Letras Granada Costa, perteneciente al Proyecto Nacional de Cultura Granada Costa.<\/p>\n<p style=\"text-align: justify;\">El acto tuvo lugar en el c\u00e9ntrico hotel Miguel \u00c1ngel, ubicado en la placeta Marqu\u00e9s de Duero, donde confluyen la Castellana y la Calle Miguel \u00c1ngel, en Madrid. El acto comenz\u00f3 puntualmente a las 16:30 de la tarde con la apertura de las puertas de la sala, donde tanto miembros de la Academia como invitados, despu\u00e9s de los breves saludos, se les iba incorporando a trav\u00e9s del Protocolo, en sus asientos correspondientes. Minutos m\u00e1s tarde comenz\u00f3 el acto, que por motivos del destino tuvo que ser presentado por Don Jos\u00e9 Segura Haro, Presidente del Proyecto, pues la presentadora oficial, Inma Rej\u00f3n, se encontraba indispuesta.<\/p>\n<p style=\"text-align: justify;\"><a href=\"http:\/\/granadacostanacional.es\/wp-content\/uploads\/2019\/02\/IMG_3531.jpg\"><img decoding=\"async\" loading=\"lazy\" class=\"aligncenter size-large wp-image-19927\" src=\"http:\/\/granadacostanacional.es\/wp-content\/uploads\/2019\/02\/IMG_3531-1024x682.jpg\" alt=\"IMG_3531\" width=\"1024\" height=\"682\" \/><\/a><\/p>\n<p style=\"text-align: justify;\">El Presidente disculp\u00f3 a los ausentes e hizo hincapi\u00e9 en que se les mandar\u00eda la medalla de oro y que estar\u00edan incluidos en el libro de Protocolo que se terminar\u00e1 en breves fechas. Hizo un balance de los 20 a\u00f1os de este Proyecto y los motivos por los cuales era necesario presentar esta Academia. Destac\u00f3 como retos importantes para llegar hasta Madrid a la presentaci\u00f3n de la Academia, los innumerables actos que se han desarrollado por toda Espa\u00f1a, destacando especialmente el Primer Congreso de las Ciencias, Bellas Artes y Buenas Letras en el 2007 en el Palacio de Congresos de Granada. En el 2009, haber conseguido celebrar un acto tan importante en una sola exposici\u00f3n, todas pertenecientes a Granada Costa, en la que el presentador fue el motrile\u00f1o Antonio Rodr\u00edguez Pineda, afincado en Madrid desde hace m\u00e1s de 50 a\u00f1os. Tambi\u00e9n el r\u00e9cord \u00fanico en Espa\u00f1a de 24 horas ininterrumpidas de flamenco celebradas en 2009 en Molv\u00edzar y 2010, Churriana de la Vega. Destac\u00f3 muy especialmente la inauguraci\u00f3n de la editorial en 2005, la cual abri\u00f3 las puertas a infinidad de escritores, poetas y cantantes. Resalt\u00f3 los cuatro a\u00f1os de 2015 a 2018, de 24 Horas de Poes\u00eda, dos de ellos de forma ininterrumpida, as\u00ed como la infinidad de eventos culturales realizados por toda la geograf\u00eda espa\u00f1ola. Motivos, que valor\u00f3 como suficientes para pensar que nuestro Proyecto es merecedor de tener un apartado espec\u00edfico con una Academia donde se podr\u00e1n alcanzar infinidad de horizontes en una labor de equipo, con grandes profesionales al frente.<\/p>\n<p style=\"text-align: justify;\"><a href=\"http:\/\/granadacostanacional.es\/wp-content\/uploads\/2019\/02\/IMG_3603-1.jpg\"><img decoding=\"async\" loading=\"lazy\" class=\"aligncenter size-large wp-image-19932\" src=\"http:\/\/granadacostanacional.es\/wp-content\/uploads\/2019\/02\/IMG_3603-1-1024x682.jpg\" alt=\"IMG_3603\" width=\"1024\" height=\"682\" \/><\/a><\/p>\n<p style=\"text-align: center;\"><em>De izq. a decha. Manuel Ceballo, Juli\u00e1n D\u00edaz, Carmen Carrasco, Jos\u00e9 Segura, Andr\u00e9s Ollero, To\u00f1y Castillo, Diego Sabiote y Jos\u00e9 Jaime Capel<\/em><\/p>\n<p style=\"text-align: justify;\">La Academia est\u00e1 presidida y coordinada por la Doctora To\u00f1y Castillo Mel\u00e9ndez, siendo el Subdirector de la Academia y Delegado Nacional de Literatura, el profesor em\u00e9rito Diego Sabiote Navarro y la componen: Jos\u00e9 Jaime Capel Molina, Delegado Nacional de Artes Pl\u00e1sticas, Monumentos y Esculturas; Carmen Carrasco Ramos, Delegada Nacional de Poes\u00eda; Juli\u00e1n D\u00edaz Robledo, Delegado Nacional de Frutas Tropicales y Manuel Ceballos Pozo, Delegado Nacional de Sanidad. Por otro lado, se encuentran otros cargos, como, Carlos \u00c1lvaro Segura Venegas, Secretario; Antonio Manuel Segura Venegas, tesorero; Antonia Casado L\u00f3pez, Directora Protocolo y M\u00e1rketing; Inmaculada Rej\u00f3n Ruiz de Valdivia, Presentadora de eventos de la Academia; Jos\u00e9 Heredia Carmona, Director del Aula de Flamenco de la Academia Granada Costa; Francisco Jim\u00e9nez Rodr\u00edguez, Director Art\u00edstico de eventos; Mar\u00eda Dolores Ben\u00edtez Molina, Delegada Provincial para M\u00e1laga; Rafael Camacho Garc\u00eda, Delegado Provincial para Castell\u00f3n; Francisco Rossi Melero, Delegado Provincial para Valencia; Marcelino Arellano Alabarces, Delegado Provincial para Palma de Mallorca; Elisa B. Alonso de Gier, Delegada Provincial de Cultura Bremen (Alemania). Como vocales se encuentran Mar\u00eda Jos\u00e9 Ortega Garc\u00eda, Carlos Ben\u00edtez Villodres, Jes\u00fas Garc\u00eda Solano, Francisco Velasco Rey, Carme Tello Casany, Antonio Prima Manzano, Antonio Rodr\u00edguez Pineda, Jos\u00e9 Romero Mu\u00f1oz, Mar\u00eda Eloina Bonet S\u00e1nchez, Jes\u00fas Pineda Matamala, Soledad Durnes Casa\u00f1al, Paquita Gim\u00e9nez, Pepa Cort\u00e9s Fern\u00e1ndez, Jos\u00e9 Luis Mart\u00edn Correa, Francelina Robin, Antonio Gonz\u00e1lez Vald\u00e9s, Francisco Mu\u00f1oz Pacheco, Jos\u00e9 Mar\u00eda Guti\u00e9rrez, \u00d3scar de la Torre, Lorena Jurado, Gloria Jim\u00e9nez Gonz\u00e1lez (Gloria de M\u00e1laga), Juan Fern\u00e1ndez Ben\u00edtez y Enrique Mart\u00ednez de Barrax.<\/p>\n<p style=\"text-align: justify;\"><a href=\"http:\/\/granadacostanacional.es\/wp-content\/uploads\/2019\/02\/IMG_3541.jpg\"><img decoding=\"async\" loading=\"lazy\" class=\"aligncenter size-large wp-image-19886\" src=\"http:\/\/granadacostanacional.es\/wp-content\/uploads\/2019\/02\/IMG_3541-566x1024.jpg\" alt=\"IMG_3541\" width=\"566\" height=\"1024\" \/><\/a><\/p>\n<p style=\"text-align: center;\">Antonia Casado L\u00f3pez<br \/>\nDirectora Protocolo y M\u00e1rketing<\/p>\n<p style=\"text-align: justify;\"><a href=\"http:\/\/granadacostanacional.es\/wp-content\/uploads\/2019\/02\/IMG_3543.jpg\"><img decoding=\"async\" loading=\"lazy\" class=\"aligncenter size-large wp-image-19887\" src=\"http:\/\/granadacostanacional.es\/wp-content\/uploads\/2019\/02\/IMG_3543-532x1024.jpg\" alt=\"IMG_3543\" width=\"532\" height=\"1024\" \/><\/a><\/p>\n<p style=\"text-align: center;\">Inmaculada Rej\u00f3n Ruiz de Valdivia<br \/>\nPresentadora de eventos de la Academia<\/p>\n<p style=\"text-align: justify;\"><a href=\"http:\/\/granadacostanacional.es\/wp-content\/uploads\/2019\/02\/IMG_3544.jpg\"><img decoding=\"async\" loading=\"lazy\" class=\"aligncenter size-large wp-image-19888\" src=\"http:\/\/granadacostanacional.es\/wp-content\/uploads\/2019\/02\/IMG_3544-510x1024.jpg\" alt=\"IMG_3544\" width=\"510\" height=\"1024\" \/><\/a><\/p>\n<p style=\"text-align: center;\">Mar\u00eda Dolores Ben\u00edtez Molina<br \/>\nDelegada Provincial para M\u00e1laga<\/p>\n<p style=\"text-align: justify;\"><a href=\"http:\/\/granadacostanacional.es\/wp-content\/uploads\/2019\/02\/IMG_3546.jpg\"><img decoding=\"async\" loading=\"lazy\" class=\"aligncenter size-large wp-image-19889\" src=\"http:\/\/granadacostanacional.es\/wp-content\/uploads\/2019\/02\/IMG_3546-525x1024.jpg\" alt=\"IMG_3546\" width=\"525\" height=\"1024\" \/><\/a><\/p>\n<p style=\"text-align: center;\">Jos\u00e9 Heredia Carmona<br \/>\nDirector del Aula de Flamenco de la Academia Granada Costa<\/p>\n<p style=\"text-align: justify;\"><a href=\"http:\/\/granadacostanacional.es\/wp-content\/uploads\/2019\/02\/IMG_3548.jpg\"><img decoding=\"async\" loading=\"lazy\" class=\"aligncenter size-large wp-image-19890\" src=\"http:\/\/granadacostanacional.es\/wp-content\/uploads\/2019\/02\/IMG_3548-521x1024.jpg\" alt=\"IMG_3548\" width=\"521\" height=\"1024\" \/><\/a><\/p>\n<p style=\"text-align: center;\">Francisco Rossi Melero<br \/>\nDelegado Provincial para Valencia<\/p>\n<p style=\"text-align: justify;\"><a href=\"http:\/\/granadacostanacional.es\/wp-content\/uploads\/2019\/02\/IMG_3550.jpg\"><img decoding=\"async\" loading=\"lazy\" class=\"aligncenter size-large wp-image-19891\" src=\"http:\/\/granadacostanacional.es\/wp-content\/uploads\/2019\/02\/IMG_3550-592x1024.jpg\" alt=\"IMG_3550\" width=\"592\" height=\"1024\" \/><\/a><\/p>\n<p style=\"text-align: center;\">Elisa B. Alonso de Gier<br \/>\nDelegada Provincial de Cultura Bremen (Alemania)<\/p>\n<p style=\"text-align: justify;\"><a href=\"http:\/\/granadacostanacional.es\/wp-content\/uploads\/2019\/02\/IMG_3552.jpg\"><img decoding=\"async\" loading=\"lazy\" class=\"aligncenter size-large wp-image-19892\" src=\"http:\/\/granadacostanacional.es\/wp-content\/uploads\/2019\/02\/IMG_3552-599x1024.jpg\" alt=\"IMG_3552\" width=\"599\" height=\"1024\" \/><\/a><\/p>\n<p style=\"text-align: center;\">Carme Tello Casany<br \/>\nVocal<\/p>\n<p style=\"text-align: justify;\"><a href=\"http:\/\/granadacostanacional.es\/wp-content\/uploads\/2019\/02\/IMG_3555.jpg\"><img decoding=\"async\" loading=\"lazy\" class=\"aligncenter size-large wp-image-19893\" src=\"http:\/\/granadacostanacional.es\/wp-content\/uploads\/2019\/02\/IMG_3555-682x1024.jpg\" alt=\"IMG_3555\" width=\"682\" height=\"1024\" \/><\/a><\/p>\n<p style=\"text-align: center;\">Mar\u00eda Jos\u00e9 Alem\u00e1n Gonz\u00e1lez<br \/>\nCoordinadora del Coro de la Academia Granada Costa<\/p>\n<p style=\"text-align: justify;\"><a href=\"http:\/\/granadacostanacional.es\/wp-content\/uploads\/2019\/02\/IMG_3557.jpg\"><img decoding=\"async\" loading=\"lazy\" class=\"aligncenter size-large wp-image-19894\" src=\"http:\/\/granadacostanacional.es\/wp-content\/uploads\/2019\/02\/IMG_3557-530x1024.jpg\" alt=\"IMG_3557\" width=\"530\" height=\"1024\" \/><\/a><\/p>\n<p style=\"text-align: center;\">Antonio Prima Manzano<br \/>\nVocal<\/p>\n<p style=\"text-align: justify;\"><a href=\"http:\/\/granadacostanacional.es\/wp-content\/uploads\/2019\/02\/IMG_3558.jpg\"><img decoding=\"async\" loading=\"lazy\" class=\"aligncenter size-large wp-image-19895\" src=\"http:\/\/granadacostanacional.es\/wp-content\/uploads\/2019\/02\/IMG_3558-621x1024.jpg\" alt=\"IMG_3558\" width=\"621\" height=\"1024\" \/><\/a><\/p>\n<p style=\"text-align: center;\">Antonio Rodr\u00edguez Pineda<br \/>\nVocal<\/p>\n<p style=\"text-align: justify;\"><a href=\"http:\/\/granadacostanacional.es\/wp-content\/uploads\/2019\/02\/IMG_3561.jpg\"><img decoding=\"async\" loading=\"lazy\" class=\"aligncenter size-large wp-image-19896\" src=\"http:\/\/granadacostanacional.es\/wp-content\/uploads\/2019\/02\/IMG_3561-559x1024.jpg\" alt=\"IMG_3561\" width=\"559\" height=\"1024\" \/><\/a><\/p>\n<p style=\"text-align: center;\">Mar\u00eda Eloina Bonet S\u00e1nchez<br \/>\nVocal<\/p>\n<p style=\"text-align: justify;\"><a href=\"http:\/\/granadacostanacional.es\/wp-content\/uploads\/2019\/02\/IMG_3562.jpg\"><img decoding=\"async\" loading=\"lazy\" class=\"aligncenter size-large wp-image-19897\" src=\"http:\/\/granadacostanacional.es\/wp-content\/uploads\/2019\/02\/IMG_3562-547x1024.jpg\" alt=\"IMG_3562\" width=\"547\" height=\"1024\" \/><\/a><\/p>\n<p style=\"text-align: center;\">Jes\u00fas Pineda Matamala<br \/>\nVocal<\/p>\n<p style=\"text-align: justify;\"><a href=\"http:\/\/granadacostanacional.es\/wp-content\/uploads\/2019\/02\/IMG_3564.jpg\"><img decoding=\"async\" loading=\"lazy\" class=\"aligncenter size-large wp-image-19898\" src=\"http:\/\/granadacostanacional.es\/wp-content\/uploads\/2019\/02\/IMG_3564-564x1024.jpg\" alt=\"IMG_3564\" width=\"564\" height=\"1024\" \/><\/a><\/p>\n<p style=\"text-align: center;\">Francisco Jim\u00e9nez Rodr\u00edguez<br \/>\nDirector Art\u00edstico de eventos<\/p>\n<p style=\"text-align: justify;\"><a href=\"http:\/\/granadacostanacional.es\/wp-content\/uploads\/2019\/02\/IMG_3566.jpg\"><img decoding=\"async\" loading=\"lazy\" class=\"aligncenter size-large wp-image-19899\" src=\"http:\/\/granadacostanacional.es\/wp-content\/uploads\/2019\/02\/IMG_3566-531x1024.jpg\" alt=\"IMG_3566\" width=\"531\" height=\"1024\" \/><\/a><\/p>\n<p style=\"text-align: center;\">Paquita Gim\u00e9nez<br \/>\nVocal<\/p>\n<p style=\"text-align: justify;\"><a href=\"http:\/\/granadacostanacional.es\/wp-content\/uploads\/2019\/02\/IMG_3568.jpg\"><img decoding=\"async\" loading=\"lazy\" class=\"aligncenter size-large wp-image-19900\" src=\"http:\/\/granadacostanacional.es\/wp-content\/uploads\/2019\/02\/IMG_3568-546x1024.jpg\" alt=\"IMG_3568\" width=\"546\" height=\"1024\" \/><\/a><\/p>\n<p style=\"text-align: center;\">\u00d3scar de la Torre<br \/>\nVocal<\/p>\n<p style=\"text-align: justify;\"><a href=\"http:\/\/granadacostanacional.es\/wp-content\/uploads\/2019\/02\/IMG_3570.jpg\"><img decoding=\"async\" loading=\"lazy\" class=\"aligncenter size-large wp-image-19901\" src=\"http:\/\/granadacostanacional.es\/wp-content\/uploads\/2019\/02\/IMG_3570-473x1024.jpg\" alt=\"IMG_3570\" width=\"473\" height=\"1024\" \/><\/a><\/p>\n<p style=\"text-align: center;\">Jos\u00e9 Romero Mu\u00f1oz<br \/>\nVocal<\/p>\n<p style=\"text-align: justify;\"><a href=\"http:\/\/granadacostanacional.es\/wp-content\/uploads\/2019\/02\/IMG_3573.jpg\"><img decoding=\"async\" loading=\"lazy\" class=\"aligncenter size-large wp-image-19902\" src=\"http:\/\/granadacostanacional.es\/wp-content\/uploads\/2019\/02\/IMG_3573-524x1024.jpg\" alt=\"IMG_3573\" width=\"524\" height=\"1024\" \/><\/a><\/p>\n<p style=\"text-align: center;\">Jos\u00e9 Mar\u00eda Guti\u00e9rrez<br \/>\nVocal<\/p>\n<p style=\"text-align: justify;\"><a href=\"http:\/\/granadacostanacional.es\/wp-content\/uploads\/2019\/02\/IMG_3574.jpg\"><img decoding=\"async\" loading=\"lazy\" class=\"aligncenter size-large wp-image-19903\" src=\"http:\/\/granadacostanacional.es\/wp-content\/uploads\/2019\/02\/IMG_3574-504x1024.jpg\" alt=\"IMG_3574\" width=\"504\" height=\"1024\" \/><\/a><\/p>\n<p style=\"text-align: center;\">Francisco Mu\u00f1oz Pacheco<br \/>\nVocal<\/p>\n<p style=\"text-align: justify;\"><a href=\"http:\/\/granadacostanacional.es\/wp-content\/uploads\/2019\/02\/IMG_3576.jpg\"><img decoding=\"async\" loading=\"lazy\" class=\"aligncenter size-large wp-image-19904\" src=\"http:\/\/granadacostanacional.es\/wp-content\/uploads\/2019\/02\/IMG_3576-563x1024.jpg\" alt=\"IMG_3576\" width=\"563\" height=\"1024\" \/><\/a><\/p>\n<p style=\"text-align: center;\">Antonio Gonz\u00e1lez Vald\u00e9s<br \/>\nVocal<\/p>\n<p style=\"text-align: justify;\"><a href=\"http:\/\/granadacostanacional.es\/wp-content\/uploads\/2019\/02\/IMG_3578.jpg\"><img decoding=\"async\" loading=\"lazy\" class=\"aligncenter size-large wp-image-19905\" src=\"http:\/\/granadacostanacional.es\/wp-content\/uploads\/2019\/02\/IMG_3578-533x1024.jpg\" alt=\"IMG_3578\" width=\"533\" height=\"1024\" \/><\/a><\/p>\n<p style=\"text-align: center;\">Jos\u00e9 Luis Mart\u00edn Correa<br \/>\nVocal<\/p>\n<p style=\"text-align: justify;\"><a href=\"http:\/\/granadacostanacional.es\/wp-content\/uploads\/2019\/02\/IMG_3581.jpg\"><img decoding=\"async\" loading=\"lazy\" class=\"aligncenter size-large wp-image-19906\" src=\"http:\/\/granadacostanacional.es\/wp-content\/uploads\/2019\/02\/IMG_3581-682x1024.jpg\" alt=\"IMG_3581\" width=\"682\" height=\"1024\" \/><\/a><\/p>\n<p style=\"text-align: center;\">Soledad Durnes Casa\u00f1al<br \/>\nVocal<\/p>\n<p style=\"text-align: center;\"><a href=\"http:\/\/granadacostanacional.es\/wp-content\/uploads\/2019\/02\/IMG_3534-pepa.jpg\"><img decoding=\"async\" loading=\"lazy\" class=\"aligncenter size-large wp-image-19947\" src=\"http:\/\/granadacostanacional.es\/wp-content\/uploads\/2019\/02\/IMG_3534-pepa-576x1024.jpg\" alt=\"IMG_3534 pepa\" width=\"576\" height=\"1024\" \/><\/a><\/p>\n<p style=\"text-align: center;\">Pepa Cort\u00e9s Fern\u00e1ndez<br \/>\nVocal<\/p>\n<p style=\"text-align: justify;\"><a href=\"http:\/\/granadacostanacional.es\/wp-content\/uploads\/2019\/02\/IMG_3583.jpg\"><img decoding=\"async\" loading=\"lazy\" class=\"aligncenter size-large wp-image-19907\" src=\"http:\/\/granadacostanacional.es\/wp-content\/uploads\/2019\/02\/IMG_3583-605x1024.jpg\" alt=\"IMG_3583\" width=\"605\" height=\"1024\" \/><\/a><\/p>\n<p style=\"text-align: center;\">Francelina Robin<br \/>\nVocal<\/p>\n<p style=\"text-align: justify;\"><a href=\"http:\/\/granadacostanacional.es\/wp-content\/uploads\/2019\/02\/IMG_3584.jpg\"><img decoding=\"async\" loading=\"lazy\" class=\"aligncenter size-large wp-image-19908\" src=\"http:\/\/granadacostanacional.es\/wp-content\/uploads\/2019\/02\/IMG_3584-603x1024.jpg\" alt=\"IMG_3584\" width=\"603\" height=\"1024\" \/><\/a><\/p>\n<p style=\"text-align: center;\">Manuel Ceballos Pozo<br \/>\nDelegado Nacional de Sanidad<\/p>\n<p style=\"text-align: justify;\"><a href=\"http:\/\/granadacostanacional.es\/wp-content\/uploads\/2019\/02\/IMG_3587.jpg\"><img decoding=\"async\" loading=\"lazy\" class=\"aligncenter size-large wp-image-19909\" src=\"http:\/\/granadacostanacional.es\/wp-content\/uploads\/2019\/02\/IMG_3587-573x1024.jpg\" alt=\"IMG_3587\" width=\"573\" height=\"1024\" \/><\/a><\/p>\n<p style=\"text-align: center;\">Juli\u00e1n D\u00edaz Robledo<br \/>\nDelegado Nacional de Frutas Tropicales<\/p>\n<p style=\"text-align: justify;\"><a href=\"http:\/\/granadacostanacional.es\/wp-content\/uploads\/2019\/02\/IMG_3589.jpg\"><img decoding=\"async\" loading=\"lazy\" class=\"aligncenter size-large wp-image-19910\" src=\"http:\/\/granadacostanacional.es\/wp-content\/uploads\/2019\/02\/IMG_3589-591x1024.jpg\" alt=\"IMG_3589\" width=\"591\" height=\"1024\" \/><\/a><\/p>\n<p style=\"text-align: center;\">Carmen Carrasco Ramos<br \/>\nDelegada Nacional de Poes\u00eda<\/p>\n<p style=\"text-align: center;\"><a href=\"http:\/\/granadacostanacional.es\/wp-content\/uploads\/2019\/02\/IMG_3591-1.jpg\"><img decoding=\"async\" loading=\"lazy\" class=\"aligncenter size-large wp-image-19942\" src=\"http:\/\/granadacostanacional.es\/wp-content\/uploads\/2019\/02\/IMG_3591-1-573x1024.jpg\" alt=\"IMG_3591\" width=\"573\" height=\"1024\" \/><\/a><\/p>\n<p style=\"text-align: center;\">Jos\u00e9 Jaime Capel Molina<br \/>\nDelegado Nacional de Artes Pl\u00e1sticas, Monumentos y Esculturas<\/p>\n<p style=\"text-align: justify;\"><a href=\"http:\/\/granadacostanacional.es\/wp-content\/uploads\/2019\/02\/IMG_3592.jpg\"><img decoding=\"async\" loading=\"lazy\" class=\"aligncenter size-large wp-image-19912\" src=\"http:\/\/granadacostanacional.es\/wp-content\/uploads\/2019\/02\/IMG_3592-555x1024.jpg\" alt=\"IMG_3592\" width=\"555\" height=\"1024\" \/><\/a><\/p>\n<p style=\"text-align: center;\">Diego Sabiote Navarro<br \/>\nSubdirector de la Academia y Delegado Nacional de Literatura<\/p>\n<p style=\"text-align: justify;\"><a href=\"http:\/\/granadacostanacional.es\/wp-content\/uploads\/2019\/02\/IMG_3594.jpg\"><img decoding=\"async\" loading=\"lazy\" class=\"aligncenter size-large wp-image-19913\" src=\"http:\/\/granadacostanacional.es\/wp-content\/uploads\/2019\/02\/IMG_3594-568x1024.jpg\" alt=\"IMG_3594\" width=\"568\" height=\"1024\" \/><\/a><\/p>\n<p style=\"text-align: center;\">To\u00f1y Castillo Mel\u00e9ndez<br \/>\nDirectora de la Academia<\/p>\n<p style=\"text-align: justify;\"><a href=\"http:\/\/granadacostanacional.es\/wp-content\/uploads\/2019\/02\/IMG_3533.jpg\"><img decoding=\"async\" loading=\"lazy\" class=\"aligncenter size-large wp-image-19914\" src=\"http:\/\/granadacostanacional.es\/wp-content\/uploads\/2019\/02\/IMG_3533-572x1024.jpg\" alt=\"IMG_3533\" width=\"572\" height=\"1024\" \/><\/a><\/p>\n<p style=\"text-align: center;\">Antonio Manuel Segura Venegas<br \/>\nTesorero<\/p>\n<p style=\"text-align: justify;\"><a href=\"http:\/\/granadacostanacional.es\/wp-content\/uploads\/2019\/02\/IMG_3534.jpg\"><img decoding=\"async\" loading=\"lazy\" class=\"aligncenter size-large wp-image-19915\" src=\"http:\/\/granadacostanacional.es\/wp-content\/uploads\/2019\/02\/IMG_3534-576x1024.jpg\" alt=\"IMG_3534\" width=\"576\" height=\"1024\" \/><\/a><\/p>\n<p style=\"text-align: center;\">Mar\u00eda Jos\u00e9 Ortega Garc\u00eda<br \/>\nVocal<\/p>\n<p style=\"text-align: justify;\"><a href=\"http:\/\/granadacostanacional.es\/wp-content\/uploads\/2019\/02\/IMG_3536.jpg\"><img decoding=\"async\" loading=\"lazy\" class=\"aligncenter size-large wp-image-19916\" src=\"http:\/\/granadacostanacional.es\/wp-content\/uploads\/2019\/02\/IMG_3536-575x1024.jpg\" alt=\"IMG_3536\" width=\"575\" height=\"1024\" \/><\/a><\/p>\n<p style=\"text-align: center;\">Carlos \u00c1lvaro Segura Venegas<br \/>\nSecretario<\/p>\n<p style=\"text-align: center;\"><a href=\"http:\/\/granadacostanacional.es\/wp-content\/uploads\/2019\/02\/IMG_3539.jpg\"><img decoding=\"async\" loading=\"lazy\" class=\"aligncenter size-large wp-image-19940\" src=\"http:\/\/granadacostanacional.es\/wp-content\/uploads\/2019\/02\/IMG_3539-661x1024.jpg\" alt=\"IMG_3539\" width=\"661\" height=\"1024\" \/><\/a><\/p>\n<p style=\"text-align: center;\">Juan Fern\u00e1ndez Ben\u00edtez<br \/>\nVocal y fot\u00f3grafo<\/p>\n<p style=\"text-align: justify;\">Del homenajeado en este d\u00eda tan especial con el Premio Humanidades 2019 de la Concordia, Don Andr\u00e9s Ollero Tassara, hubo palabras cari\u00f1osas por parte de Jos\u00e9 Segura por ser una de las personas que desde el a\u00f1o 1999 pertenece a nuestro Proyecto, y el cual fue parte del jurado en aquellos a\u00f1os para conceder este galard\u00f3n, que lo tienen personas de gran relevancia, entre otras la Ministra de Justicia, Margarita Mariscal de Gante. Dijo de \u00e9l que es un premio merecido, en primer lugar, por su imparcialidad a la hora de impartir justicia, por sus m\u00e9ritos acad\u00e9micos y labor docente, por su don de palabra e innegable af\u00e1n en busca de la concordia y por ser un referente a nivel de oratoria y presencia. As\u00ed mismo, lo propuso como Presidente de Honor de la Academia, puesto que Don Andr\u00e9s acept\u00f3 gustosamente.<\/p>\n<p style=\"text-align: justify;\"><a href=\"http:\/\/granadacostanacional.es\/wp-content\/uploads\/2019\/02\/IMG_3604.jpg\"><img decoding=\"async\" loading=\"lazy\" class=\"aligncenter size-large wp-image-19931\" src=\"http:\/\/granadacostanacional.es\/wp-content\/uploads\/2019\/02\/IMG_3604-1024x682.jpg\" alt=\"IMG_3604\" width=\"1024\" height=\"682\" \/><\/a><\/p>\n<p style=\"text-align: center;\"><em>Andr\u00e9s Ollero recibiendo el premio Humanidades a la Concordia 2019 de manos de Pepe Segura<\/em><\/p>\n<p style=\"text-align: justify;\">Don Andr\u00e9s Ollero, al subir al atril a recibir su premio habl\u00f3 de los cambios que ha visto en el peri\u00f3dico Granada Costa, pasando este de ofrecer informaci\u00f3n social y pol\u00edtica a involucrarse cada vez m\u00e1s con el mundo de la cultura, movimiento que consider\u00f3 muy acertado. Pens\u00f3 que fue muy acertado el nombre del Premio: Humanidades de la Concordia, pues precisamente en la sociedad en la que nos movemos es cada vez menos humana, viendo c\u00f3mo la tecnolog\u00eda nos anula en nuestras interacciones y c\u00f3mo crea disputas. Abog\u00f3 por una Espa\u00f1a en la que el di\u00e1logo y la justicia sean los motores de nuestra sociedad. Felicit\u00f3 al Proyecto por la importante labor que supone apostar por la Cultura, y muy especialmente cuando re\u00fane a personas de distintos puntos de la geograf\u00eda espa\u00f1ola.<\/p>\n<p style=\"text-align: justify;\"><a href=\"http:\/\/granadacostanacional.es\/wp-content\/uploads\/2019\/02\/IMG_3610.jpg\"><img decoding=\"async\" loading=\"lazy\" class=\"aligncenter size-large wp-image-19930\" src=\"http:\/\/granadacostanacional.es\/wp-content\/uploads\/2019\/02\/IMG_3610-642x1024.jpg\" alt=\"IMG_3610\" width=\"642\" height=\"1024\" \/><\/a><\/p>\n<p style=\"text-align: justify;\">Como acto final, el Orfe\u00f3n Chamart\u00edn, dirigido por el Director C\u00e9sar Belda ofreci\u00f3 un espect\u00e1culo que qued\u00f3 para el recuerdo, con varias zarzuelas cl\u00e1sicas. Esta actuaci\u00f3n fue posible gracias a nuestra compa\u00f1era del Proyecto, Clementa L\u00f3pez P\u00e9rez.<\/p>\n<p style=\"text-align: justify;\"><a href=\"http:\/\/granadacostanacional.es\/wp-content\/uploads\/2019\/02\/IMG_3620.jpg\"><img decoding=\"async\" loading=\"lazy\" class=\"aligncenter size-large wp-image-19925\" src=\"http:\/\/granadacostanacional.es\/wp-content\/uploads\/2019\/02\/IMG_3620-1024x682.jpg\" alt=\"IMG_3620\" width=\"1024\" height=\"682\" \/><\/a><\/p>\n<p style=\"text-align: justify;\"><a href=\"http:\/\/granadacostanacional.es\/wp-content\/uploads\/2019\/02\/IMG_3623.jpg\"><img decoding=\"async\" loading=\"lazy\" class=\"aligncenter size-large wp-image-19926\" src=\"http:\/\/granadacostanacional.es\/wp-content\/uploads\/2019\/02\/IMG_3623-1024x682.jpg\" alt=\"IMG_3623\" width=\"1024\" height=\"682\" \/><\/a><\/p>\n<p style=\"text-align: justify;\">A continuaci\u00f3n, reproducimos los discursos de los Delegados Nacionales y la Directora, que leyeron durante la presentaci\u00f3n de la Academia. Tambi\u00e9n incorporamos el del Presidente, Jos\u00e9 Segura, aunque este lo introdujo con algunos retoques al principio del evento.<\/p>\n<p>&nbsp;<\/p>\n<p style=\"text-align: center;\"><strong>DISCURSO JOS\u00c9 SEGURA HARO<\/strong><\/p>\n<p><a href=\"http:\/\/granadacostanacional.es\/wp-content\/uploads\/2019\/02\/IMG_3528.jpg\"><img decoding=\"async\" loading=\"lazy\" class=\"aligncenter size-large wp-image-19918\" src=\"http:\/\/granadacostanacional.es\/wp-content\/uploads\/2019\/02\/IMG_3528-575x1024.jpg\" alt=\"IMG_3528\" width=\"575\" height=\"1024\" \/><\/a><\/p>\n<p style=\"text-align: justify;\">A finales de diciembre de 1999, en el Carmen de los M\u00e1rtires de Granada, tuve el honor de presentar un Proyecto Cultural que en 2019 ha cumplido sus 20 a\u00f1os de vida. Aquel Proyecto se trataba de la presentaci\u00f3n de un peri\u00f3dico semanal con una tirada de 10.000 ejemplares que se repart\u00edan por todos los kioskos de la provincia de Granada. Han sido 20 a\u00f1os, pero puedo decir que las tecnolog\u00edas han cambiado algo que en los 100 a\u00f1os anteriores hubiese sido impensable que cambiase con tanta rapidez. No ten\u00edamos ni tel\u00e9fonos m\u00f3viles, ni correos electr\u00f3nicos, ni m\u00e1quinas de fotograf\u00eda digitales. Por supuesto, nada de lo que hoy tenemos tan a la mano como WhatsApp o poder recibir en el momento un v\u00eddeo con la noticia de lo que est\u00e1 pasando en cualquier parte del mundo. Aunque ya se contaba con un gran avance, en el 99, el famoso fax, hoy ya pr\u00e1cticamente desaparecido de todas las empresas y hogares.<\/p>\n<p style=\"text-align: justify;\">En poco tiempo, en los primeros a\u00f1os del 2000, empezaron a llegar con bastante fuerza las nuevas tecnolog\u00edas, los peri\u00f3dicos impresos en papel tuvieron una gran competencia con las televisiones locales y peri\u00f3dicos digitales, que se apoderaban pr\u00e1cticamente de la noticia al instante. Si les hac\u00edan competencia a los peri\u00f3dicos diarios, qu\u00e9 les puedo decir de un peri\u00f3dico semanal. Pero nuestro proyecto, en esos a\u00f1os y sin darnos cuenta, se iba haciendo fuerte dentro del mundo de la cultura a trav\u00e9s de nuestros circuitos culturales y que nuestros seguidores, en su mayor\u00eda, se fuesen haciendo suscriptores y de esta manera, poder publicar sus art\u00edculos de opini\u00f3n o sus poemas dentro de lo que hoy es el Rinc\u00f3n Po\u00e9tico, en aquellos a\u00f1os llamado Granada Club Selecci\u00f3n.<\/p>\n<p style=\"text-align: justify;\">En estos primeros a\u00f1os, en el Teatro Manuel de Falla, en el a\u00f1o 2000, entregamos nuestros primeros premios con auditorio al 100 % de ocupaci\u00f3n. Parte de estos premios, iban ya destinados al mundo de la cultura. Tambi\u00e9n editamos en 2002 nuestro primer libro importante, Ra\u00edces Granadinas, en el que recogimos 50 perfiles de granadinos importantes, mujeres y hombres, siendo el autor de aquella obra el escritor V\u00edctor Corcoba Herrero. De aquellos 50 personajes, pertenec\u00edan y al Proyecto y a\u00fan permanecen, los siguientes compa\u00f1eros: el escritor Don Marcelino Arellano, el escultor Don Francisco \u00c1vila, el m\u00e9dico Don \u00c1ngel Miralles y nuestro homenajeado en este acto, el Catedr\u00e1tico de Filosof\u00eda del Derecho y Magistrado del Tribunal Constitucional, Don Andr\u00e9s Ollero Tassara; a los cuales les doy las gracias por la confianza que siempre han demostrado hacia nuestro Proyecto de Cultura Granada Costa.<\/p>\n<p style=\"text-align: justify;\">En el a\u00f1o 2005, agrandamos nuestro Proyecto con algo muy importante para todos nuestros asociados, la Editorial Granada Club Selecci\u00f3n Granada Costa. La editorial fue algo que demandaban nuestros compa\u00f1eros, pues la gran mayor\u00eda ten\u00eda el prop\u00f3sito de editar libros, pero les era muy dif\u00edcil, y esta plataforma les dio cobertura pr\u00e1cticamente al 90 % de nuestros asociados, que ten\u00edan inquietudes de poder publicar sus obras.<\/p>\n<p style=\"text-align: justify;\">Hoy podemos decir que en las diferentes parcelas de la edici\u00f3n en las que trabajamos, libros y CDs de audio, con m\u00e1s de 400 obras publicadas, la mayor\u00eda no hubiese visto la luz sin nuestra Editorial.<\/p>\n<p style=\"text-align: justify;\">En el a\u00f1o 2007, entre los d\u00edas 27 y 28 de octubre, organizamos uno de los actos m\u00e1s importantes de nuestro Proyecto Cultural, el Primer Congreso Nacional de Granada Costa de las Bellas Artes en el Palacio de Exposiciones y Congresos de Granada, en varias salas, incluyendo la de Garc\u00eda Lorca con cabida para dos mil asistentes. Este acto, sin lugar a dudas, fue el acto de consagraci\u00f3n de nuestro proyecto cultural, pues en a\u00f1os anteriores, en 2005, estuvimos en Mallorca en el Consell, presentando nuestro Proyecto, como tambi\u00e9n lo hicimos en bastantes ciudades de Granada o en las ferias de muestras de Fitur, que se celebraban todos los a\u00f1os en enero.<\/p>\n<p style=\"text-align: justify;\">En nuestras actividades culturales, siempre hemos destacado por alcanzar grandes retos a los que posiblemente ning\u00fan otro proyecto o asociaci\u00f3n aspiraba, como alcanzar las mil obras de arte en una sola exposici\u00f3n, todas pertenecientes a socios del Proyecto Granada Costa; celebrar varios a\u00f1os seguidos, en 2009 y 2010, 24 horas ininterrumpidas de flamenco, algo impensable dentro del propio mundo del flamenco.<\/p>\n<p style=\"text-align: justify;\">Durante estos a\u00f1os, la primera d\u00e9cada del 2000, nuestras actividades culturales recorrieron m\u00e1s del 80 % de la provincia de Granada y lo combin\u00e1bamos con unas cuantas actividades en otras provincias, principalmente Mallorca, Madrid y Barcelona.<\/p>\n<p style=\"text-align: justify;\">En el 2008 tomamos la decisi\u00f3n de pasar de un peri\u00f3dico semanal a un peri\u00f3dico mensual, pero arropado por la entrega de un libro en cada env\u00edo. Recortamos parte de las p\u00e1ginas dedicadas a temas pol\u00edticos y de actualidad, para centrarnos m\u00e1s en la cultura. Hoy, el 100 % de las p\u00e1ginas est\u00e1n dedicada a la cultura. Para poder crear un proyecto de \u00e1mbito nacional y de cultura, se potenciaron los cert\u00e1menes literarios y la entrega anual de esos premios en diciembre en la Costa Tropical, Almu\u00f1\u00e9car. De esta manera, creamos lazos de amistad entre los compa\u00f1eros que asisten todos los a\u00f1os, a recibir sus premios, o a compartir experiencias y compa\u00f1erismo.<\/p>\n<p style=\"text-align: justify;\">Con la edici\u00f3n de los libros pertenecientes a los cert\u00e1menes literarios de poes\u00eda, m\u00e1s todas las poes\u00edas publicadas hasta el d\u00eda de hoy en el peri\u00f3dico n\u00famero 480, sobrepasamos la cifra de 70.000 poemas. Tambi\u00e9n dentro de la poes\u00eda, hemos celebrado en estos \u00faltimos cuatro a\u00f1os, las 24 horas de poes\u00eda.<\/p>\n<p style=\"text-align: justify;\">En el 2018, una de las partes a la que m\u00e1s atenci\u00f3n estamos prestando, es la de hermanamientos con otras asociaciones a nivel nacional, como la creaci\u00f3n de esta Academia que presentamos hoy, d\u00eda 16 de febrero de 2019, aqu\u00ed en Madrid en el Hotel Miguel \u00c1ngel, pero que ya en septiembre del pasado a\u00f1o, empez\u00f3 a dar sus primeros pasos. Con la inauguraci\u00f3n de la Academia y siguiendo con toda nuestra trayectoria cultural anteriormente mencionada, nuestro objetivo es que esta obra pueda estar culminada con las puertas abiertas de nuestro Museo Fundaci\u00f3n y publicado el n\u00famero 500 del peri\u00f3dico Granada Costa y el 100% de la p\u00e1gina web terminada, en la que est\u00e9n todos estos 20 a\u00f1os recogidos, m\u00e1s la enciclopedia que se presentar\u00e1 el d\u00eda 10 de octubre del a\u00f1o 2020.<\/p>\n<p style=\"text-align: justify;\">Con las esperanzas puestas en el futuro, y que este proyecto perdure en el tiempo, el cual siempre ha sido nuestro objetivo, quiero recordar en estos momentos, a ciertas personas que han sido claves para el desarrollo cultural de estos 20 a\u00f1os. Al que ha sido durante bastantes a\u00f1os nuestro coordinador cultural, Rogelio Bustos Almendros, nuestro querido Rogelio Garrido Monta\u00f1ana, Pepe Rubio, ex-Alcalde de Lanjar\u00f3n, Vicente Valero, ex-Alcalde del Ayuntamiento de Churriana, Adolfo Mart\u00edn Padial, ex\u2013Alcalde del Ayuntamiento de \u00d3rgiva, a Jes\u00fas Abelino, ex\u2013Alcalde del Ayuntamiento de Salobre\u00f1a, Manolo Garrido, empresario; a los ex-presidentes de la Diputaci\u00f3n Provincial de Granada, Don Jos\u00e9 Rodr\u00edguez Tabasco, Don Antonio Mart\u00ednez Caler; a nuestros queridos compa\u00f1eros Don Alfonso Monteagudo y Don Antonio Bonet San Cler, as\u00ed como a tant\u00edsima gente, los cuales siguen dentro de nuestro Proyecto y a aquellos otros a los cuales los caminos de la vida los llevaron por otros derroteros. Tambi\u00e9n recordamos a los que por desgracia han fallecido, Catalina Vals, Pedro Parpal, Ana Cintas, Concha Coll, Hortensia de Carlos, Ani Sastre y este pasado 3 de enero, nuestra querida amiga y gran colaboradora, Catalina Gay\u00e1. As\u00ed como al ex-Teniente de Alcalde del Ayuntamiento de Granada, Jes\u00fas Valenzuela.<\/p>\n<p style=\"text-align: justify;\">Puedo asegurar que todos estar\u00e1n muy presentes dentro de las p\u00e1ginas que han hecho realidad la vida de estos 20 a\u00f1os del Proyecto Nacional de Cultura Granada Costa, y que, a partir de hoy, 16 de febrero de 2019, se ir\u00e1 incrementando nuestra vida cultural cada d\u00eda m\u00e1s, con futuros proyectos. Como, por ejemplo, el homenaje a Diez Grandes de la Canci\u00f3n Espa\u00f1ola con la voz de Do\u00f1a Inmaculada Rej\u00f3n a trav\u00e9s de un libro-disco y cuyas biograf\u00edas correr\u00e1n a cargo de Do\u00f1a Carmen Carrasco Ramos. Tambi\u00e9n el disco-libro \u201cDiez cantes dedicados a la Alhambra\u201d en la voz de Jos\u00e9 Heredia, guitarra de Francisco Gonz\u00e1lez y datos biogr\u00e1ficos de miembros de la Academia Granada Costa.<\/p>\n<p style=\"text-align: justify;\">Tambi\u00e9n he de destacar los siguientes cert\u00e1menes literarios: las Rutas Po\u00e9ticas 2019 que ya se est\u00e1n celebrando, el I Certamen Internacional de Poes\u00eda dedicado a la Alhambra, el II Certamen de Microrrelato, Relato y Poes\u00eda dedicado a la Costa Tropical de Granada, el IV Certamen de Microrrelato y Poes\u00eda dedicado a ni\u00f1os de entre 8 y 15 a\u00f1os \u201cescritora y poeta Carmen Carrasco Ramos\u201d y el VII Certamen de Sonetos \u201cCarlos Ben\u00edtez Villodres\u201d.<\/p>\n<p style=\"text-align: justify;\">M\u00e1s todos los Proyectos que a partir de hoy se aprueben dentro de esta Academia. Y, con la completa seguridad de que alcanzaremos infinitos objetivos. Muchas gracias por su atenci\u00f3n.<\/p>\n<p>&nbsp;<\/p>\n<p>&nbsp;<\/p>\n<p>&nbsp;<\/p>\n<p>&nbsp;<\/p>\n<p style=\"text-align: center;\"><strong>DISCURSO TO\u00d1Y CASTILLO MEL\u00c9NDEZ<\/strong><\/p>\n<p><a href=\"http:\/\/granadacostanacional.es\/wp-content\/uploads\/2019\/02\/IMG_3602.jpg\"><img decoding=\"async\" loading=\"lazy\" class=\"aligncenter size-large wp-image-19919\" src=\"http:\/\/granadacostanacional.es\/wp-content\/uploads\/2019\/02\/IMG_3602-1024x682.jpg\" alt=\"IMG_3602\" width=\"1024\" height=\"682\" \/><\/a><\/p>\n<p style=\"text-align: justify;\">Un cordial y afectuoso saludo, soy To\u00f1y Castillo Mel\u00e9ndez, ante todo, un gran y emotivo abrazo a todos los presentes y a todas las personas que no nos acompa\u00f1an f\u00edsicamente, pero si de coraz\u00f3n.<\/p>\n<p style=\"text-align: justify;\">\u00a0Mis m\u00e1s sinceras felicitaciones a cada uno de los miembros que han contribuido con su saber, sus emociones y su dedicaci\u00f3n para que hoy podamos seguir avanzando y aportando las savias necesarias para que una ilusi\u00f3n se constituyera y materializara como un hecho y un ideario a seguir.<\/p>\n<p style=\"text-align: justify;\">Deseo agradecer el esfuerzo y el amor en tantos a\u00f1os de apuesta por la cultura, as\u00ed, como la invitaci\u00f3n a participar en un camino que se augura repleto de connotaciones favorables en el hacer cultural de este pa\u00eds, para m\u00ed, es un honor el poder estar junto a vosotros por vuestra implicaci\u00f3n y vuestra constante motivaci\u00f3n por una sociedad donde el arte, las ciencias, la literatura ocupen un lugar privilegiado.<\/p>\n<p style=\"text-align: justify;\">\u00a0Un honor el compartir y estar junto a tantas y tantas personas que apuestan por la cultura. Cultura en may\u00fascula como disciplina nacida desde ese \u201cyo\u201d interior de la esencia humana. Como un todo complejo, ya que en ella lleva impl\u00edcito el conocimiento atesorado en toda existencia, el arte en toda su magnitud y el conjunto de creencias, moralidad, leyes y tradiciones que constituye el sistema de h\u00e1bitos y habilidades sociales, muchas de ellas, transmitidas de generaci\u00f3n a generaci\u00f3n que dar\u00eda lugar al patrimonio cultural, y social de la humanidad.<\/p>\n<p style=\"text-align: justify;\">Patrimonio cultural que deja la huella del legado, improntas que marcan cada paso que cada uno de vosotros que sois parte esencial en nuestro hacer diverso y global. El arte \u201ccomo s\u00edmbolo que nos engloba\u201d que nos hace crear para ser capaces de expresar nuestra visi\u00f3n acerca el mundo, ya sea real o imaginario, mediante herramientas pl\u00e1sticas, ling\u00fc\u00edsticas o sonoras permiti\u00e9ndonos extrapolar nuestras ideas, emociones, sensaciones y percepciones, es nuestro legado dentro del Proyecto Nacional y a su vez dentro del Patrimonio social.<\/p>\n<p style=\"text-align: justify;\">Gracias por compartir dentro del Proyecto Nacional de Cultura Granada Costa, la esencia que marca la persona como ser, como ser creativo, so\u00f1ador, con capacidad de transmitir emociones y hacer que estas, puedan ser vividas mediante un verso, una pintura, una corchea o mediante sentimientos de odas ajenas.<\/p>\n<p style=\"text-align: justify;\">De la cultura dicen que une a pueblos en su vivir, en su cotidianeidad, en la universalidad que conlleva los actos, e incluso, que esta se entrelaza con ideales para llegar a fines de uni\u00f3n, y llegado a este enclave, las personas que me escuchan son un ejemplo de impulso por el bien com\u00fan, donde cada hilo de esta madeja que todos constituimos, crea el esp\u00edritu de este gran Proyecto que se ha mantenido a trav\u00e9s de los a\u00f1os. Y quiz\u00e1s, lo m\u00e1s importante\u2026 Con los a\u00f1os crece, se hace en\u00e9rgico sin desfallecer, enraizando fuerte como un roble adulto que asoma sus ramas por encima de muros explorando nuevas perspectivas, con la intencionalidad, de dotar de un clima posibilitador las interrelaciones que conlleva las actividades formativas y creativas.<\/p>\n<p style=\"text-align: justify;\">Un proyecto, el muestro, el de todos, que vive por encima de lustros con la fuerza del renacer, son muchas las propuestas realizadas en esta larga vida cultural desde sus inicios, hace unos d\u00edas miraba las primeras etapas, las etapas intermedias y admiraba pude comprobar el nacimiento de un movimiento social-cultural que nos identificar\u00e1 por encima de nuestras miradas.<\/p>\n<p style=\"text-align: justify;\">\u00a0Hoy tengo el honor de presentarme como Directora de la Academia de las Ciencias, Buenas Artes y Buenas Letras de este Proyecto Nacional de Cultura Granada Costa, que ya ha alcanzado cuotas de dimensi\u00f3n internacional, y donde el nombre de esta instituci\u00f3n a la que pertenecemos es conocido, respetado &#8211; y sin pudor a\u00f1ado &#8211; que admirado fuera de nuestras fronteras. Un proyecto que es m\u00e1s que la suma de ideas ya que tiene el don de que estas sean vividas por muchas personas que aun siendo an\u00f3nimas se identifican con ellas.<\/p>\n<p style=\"text-align: justify;\">\u00a0Desde aqu\u00ed felicitar a cada una de las contribuciones que hacen a que l\u00edneas escritas, dibujadas o cantadas hayan creado \u00e9picas como conjunto de l\u00edricas de sentimientos.<\/p>\n<p style=\"text-align: justify;\">He de decir que como ciudadana de este mundo plural, me eduqu\u00e9 bajo el respeto a la cultura como forma de interrelaci\u00f3n y forma de identidad, en esta Academia que hoy se viste de largo deseamos dar fuerza al enfoque multidisciplinar que abarque contextos amplios, prueba de ello son los nombramientos de Delegados Nacionales en diversas disciplinas, ellos representan propuestas de innovaci\u00f3n, en un intento de dotar al proyecto de nuevas ra\u00edces que abarquen nuevos campos, pero tambi\u00e9n propuestas de continuidad ya que no se ha de cortar las ramas que nacieron robustas, por tanto, esta Academia formada por nuestro Presidente, Delegados, Vocales, Asesores, Conjunto de esta familia y yo que os hablo como Directora, es la Academia donde pod\u00e9is elevar iniciativas que nos aporte a nuevos retos y nuevas ilusiones compartidas.<\/p>\n<p style=\"text-align: justify;\">\u00a0Mi formaci\u00f3n como humanista me lleva a ver el mundo de manera global, como un lugar donde todos sumamos en beneficio de todos y donde los proyectos de equipo hacen que todo proyecto avance y se engrandezca por la alianza que cada persona aporta, en contraposici\u00f3n a las creencias individualista que debilitan todo fin.<\/p>\n<p style=\"text-align: justify;\">\u00a0Como directora y parte de este equipo que formamos, deseo velar por el compromiso de la uni\u00f3n de esta familia cultural, apostando por su expansi\u00f3n, la calidad y la responsabilidad que este honor otorgado me requiere. Y para ello, es necesario no solo mi compromiso sino el de todos presentes y representados.<\/p>\n<p style=\"text-align: justify;\">Hemos de sembrar, si bien antes me refer\u00eda a la savia que genera la vida, no puedo obviar las semillas que cada persona siembra, y animo a cultivar espacios donde este proyecto cultural pueda alcanzar extensiones no solo territoriales sino de hermandad y pueda ser un movimiento reconocido en esta historia que construimos d\u00eda a d\u00eda, relato a relato, cuadro a cuadro\u2026 m\u00fasica a m\u00fasica\u2026 entiendo que al hablar de historia, alguien pudiera entender pasado, pero no es cierto pues la historia est\u00e1 viva, en constante resurgir, en evoluci\u00f3n como nuestros pensamientos, como nuestras creaciones que tienen vida propia y se retroalimentan con cada amanecer.<\/p>\n<p style=\"text-align: justify;\">En esta tarde donde esta Academia se viste con sus mejores galas me siento orgullosa de pertenecer a este gran Proyecto en pro de la cultura, la amistad, y metas m\u00e1s all\u00e1 de la mera producci\u00f3n, hoy me siento orgullosa de formar parte de esta andadura que nos hace compa\u00f1eros.<\/p>\n<p style=\"text-align: justify;\">\u00a0De vosotros he aprendido, he aprendido desde valores de superaci\u00f3n, de tenacidad, de respeto a la sorpresa de lo inesperado ante nuevos conocimientos. Me he emocionado oyendo una canci\u00f3n, un poema, una danza o mi gran pasi\u00f3n que es la pintura, de vosotros me impregno cada d\u00eda con vuestra manera de expresar sentimientos e identidad, conocimientos y actualidad, y&#8230; En ocasiones reflexiones que me ayudan a ver el mundo bajo par\u00e1metros diferentes a los m\u00edos y me hacen pensar, esbozar muecas de complicidad o de implicaci\u00f3n. Ese es el esp\u00edritu de esta nuestra Academia: \u201cLa fuerza de la diversidad de corazones unidos para un fin com\u00fan: El de aportar y perdurar m\u00e1s all\u00e1 del \u201cesplendor en la hierba\u201d de William Wordsworth o del gran Neruda\u201d<\/p>\n<p style=\"text-align: justify;\">Hoy deseo felicitar el esfuerzo, animar a las musas creativas que forman parte de vuestras vidas a permanecer en vuestros corazones, para que nunca dej\u00e9is de embellecer este mundo.<\/p>\n<p style=\"text-align: justify;\">Hoy deseo larga vida, para la Academia de las Ciencias, buenas artes y buena literatura del Proyecto Nacional de Cultura Granada Costa.<\/p>\n<p>&nbsp;<\/p>\n<p style=\"text-align: center;\"><strong>DISCURSO DE DIEGO SABIOTE NAVARRO<\/strong><\/p>\n<p><a href=\"http:\/\/granadacostanacional.es\/wp-content\/uploads\/2019\/02\/IMG_3601.jpg\"><img decoding=\"async\" loading=\"lazy\" class=\"aligncenter size-large wp-image-19920\" src=\"http:\/\/granadacostanacional.es\/wp-content\/uploads\/2019\/02\/IMG_3601-682x1024.jpg\" alt=\"IMG_3601\" width=\"682\" height=\"1024\" \/><\/a><\/p>\n<p style=\"text-align: justify;\">\u201cM\u00e1s all\u00e1 donde el horizonte se desl\u00ede, se vislumbra la perla naciente, sin envoltura alguna, sola. No est\u00e1 dentro ni fuera de nada; no est\u00e1, y por ello no puede ser visible mostr\u00e1ndose tan a las claras. Pura claridad de un cuerpo sin espesor ni condensaci\u00f3n. Y que ya no se consume, por ser transparente. Llama p\u00e1lida sin centro oscuro, sin resplandor, prenda, adelanto de una pura visi\u00f3n, sin horizonte ya, m\u00e1s all\u00e1 de la pasi\u00f3n que engendra el horizonte y de la voluntad que lo sostiene, m\u00e1s all\u00e1 del padecer, del pensar por ser, por ver, y aun por tocar, satisfacci\u00f3n tambi\u00e9n de los sentidos que buscan su materia. Ya no hay m\u00e1s que pensar cuando la perla por s\u00ed misma se da. La intangible y viviente perla, don, adelanto de un cuerpo glorioso\u201d.<\/p>\n<p style=\"text-align: justify;\">He querido dar comienzo a mi exposici\u00f3n de la mano de una gran pensadora, una gran escritora, Mar\u00eda Zambrano, mujer admirable desde tantos puntos de vista, sobre todo en los que ata\u00f1en al universo glorioso de lo humano donde se encuentran el mundo de las sombras y el mundo de la luz y de la gloria. En medio del lozadal y del quebranto, nace el anhelo del fervor y nuestras mejores esperanzas, que nos permiten marcar proyectos que nos dignifican como humanos y nos alejan de la oscuridad de la caverna.<\/p>\n<p style=\"text-align: justify;\">No por casualidad es la caverna plat\u00f3nica la que nos ilustra de forma inigualable, con registros simb\u00f3licos, de la luz y la sombra como elementos determinantes donde la vida se juega su destino. Y es, precisamente Plat\u00f3n, el que vio, con tanta nitidez, la miseria y la grandeza del ser humano, el que contrapone y busca refugio en la Academia como contrapeso al mundo de la caverna y sus sombras.<\/p>\n<p style=\"text-align: justify;\">La primera Academia de la historia se convierte en el referente, en la antorcha luminosa que dar\u00e1 luz a todas las Academias de todo el mundo, cuyo horizonte y al ritmo que va marcando la historia, toma cobijo en el santuario luminoso de la raz\u00f3n: Academia de la Lengua, Academia de Ciencias Morales y Pol\u00edticas, Academia de la Ciencia, Academia de la Historia, etc. Todas tienen, m\u00e1s all\u00e1 de la envolvente hojarasca, un denominador com\u00fan: conservar el sustrato que apunta a lo m\u00e1s noble que como humanos nos corresponde: las Academias no han perdido ese referente fundacional plat\u00f3nico de liberaci\u00f3n que nos leg\u00f3 en el Mito de la Caverna, el que ha sido considerado como uno de los m\u00e1s grandes hombres que ha dado la humanidad.<\/p>\n<p style=\"text-align: justify;\">La Academia, que hoy comienza a dar sus primeros pasos no es la ocurrencia de cuatro iluminados, que tambi\u00e9n. Esta humilde y sencilla Academia nace de una situaci\u00f3n y necesidad imperiosa unida a unas personas y a un proyecto cultural nacional que tiene, en, su andadura y experiencia, veinte a\u00f1os. Esta Academia no est\u00e1 circunscrita a una \u00e9lite determinada y queda condicionada al arraigo y la singularidad del Proyecto Nacional de Cultura, Granada Costa.<\/p>\n<p style=\"text-align: justify;\">Granada Costa naci\u00f3 de forma muy modesta hace veinte a\u00f1os de la inspiraci\u00f3n y la autoridad de Don Antonio Segura. El embri\u00f3n del Proyecto fue un modesto peri\u00f3dico mensual que ya ha alcanzado las quinientas publicaciones. La originalidad de este proyecto ha sido acogido en todo el Estado, tal vez por ofrecer la oportunidad de llevar a cabo un ideal de vida que, por las circunstancias que fueran, quedaron truncados en unos casos, y tambi\u00e9n llevar a su consumaci\u00f3n los logros ya alcanzados en otros.<\/p>\n<p style=\"text-align: justify;\">Desde esta plataforma el Proyecto Cultural Nacional se fue consolidando y ensanchando hasta montar una infraestructura s\u00f3lida con la incorporaci\u00f3n de una Editorial y el montaje complejo, a la vez que potente, que ofrece la inform\u00e1tica en su diversidad de registros. La Academia es la culminaci\u00f3n de un proyecto cultural que el propio desarrollo del mismo lo estaba demandando.<\/p>\n<p style=\"text-align: justify;\">La Academia estar\u00e1 abierta todas las manifestaciones culturales. Una mirada al exterior atenta a lo que sucede en los m\u00e1s diversos campos de la cultura. Y una mirada hacia dentro que revierte en todos los miembros que comparten el Proyecto Cultural de dicha Academia. En uno y otro caso, la Academia de Ciencias, Bellas Artes y Buenas Letras, la Perla de la que nos hablaba Mar\u00eda Zambrano, como proyecto, es un grito, un canto de esperanza, que mira al futuro con la confianza que dan veinte a\u00f1os de vida del Proyecto Cultural Nacional sobre el que se asienta, y el gozo de sus miembros que han encontrado, en dicho proyecto, lo mejor de s\u00ed mismos. Y en lo que, a m\u00ed personalmente afecta, doy, en clave po\u00e9tica, la bienvenida a este proyecto con las siguientes palabras:<\/p>\n<p>&nbsp;<\/p>\n<p style=\"text-align: center;\">Shal\u00f4m<\/p>\n<p style=\"text-align: center;\">Hay saludos que s\u00f3lo el recuerdo<\/p>\n<p style=\"text-align: center;\">encogen y da\u00f1an el coraz\u00f3n.<\/p>\n<p style=\"text-align: center;\">Otros son b\u00e1lsamo de gozo, luz y consuelo.<\/p>\n<p style=\"text-align: center;\">En la Rep\u00fablica de Plat\u00f3n,<\/p>\n<p style=\"text-align: center;\">el fil\u00f3sofo, movido por la compasi\u00f3n,<\/p>\n<p style=\"text-align: center;\">regresa al mundo de las sombras<\/p>\n<p style=\"text-align: center;\">de los esclavos de la caverna<\/p>\n<p style=\"text-align: center;\">llev\u00e1ndoles, con su saludo,<\/p>\n<p style=\"text-align: center;\">un mensaje de liberaci\u00f3n.<\/p>\n<p style=\"text-align: center;\">Con un ba\u00f1o de luz nos saluda<\/p>\n<p style=\"text-align: center;\">la pintura de Sorolla.<\/p>\n<p style=\"text-align: center;\">Gaud\u00ed y su amigo Llu\u00eds Bonet nos dejaron<\/p>\n<p style=\"text-align: center;\">para siempre con un saludo eterno<\/p>\n<p style=\"text-align: center;\">de piedra fraternal.<\/p>\n<p style=\"text-align: center;\">George Steiner y Daniel Barenboim<\/p>\n<p style=\"text-align: center;\">nos saludan y nos animan<\/p>\n<p style=\"text-align: center;\">a buscar nuevas formas de convivencia<\/p>\n<p style=\"text-align: center;\">en las cuerdas de los violines.<\/p>\n<p style=\"text-align: center;\">Mart\u00edn Heidegger y Mar\u00eda Zambrano<\/p>\n<p style=\"text-align: center;\">nos invitan a adentrarnos en el bosque<\/p>\n<p style=\"text-align: center;\">hasta alcanzar ese lugar<\/p>\n<p style=\"text-align: center;\">luminoso, el claro del bosque,<\/p>\n<p style=\"text-align: center;\">donde la palabra<\/p>\n<p style=\"text-align: center;\">se nos ofrece como regalo y don.<\/p>\n<p style=\"text-align: center;\">Un arc\u00e1ngel, con un saludo, anuncia<\/p>\n<p style=\"text-align: center;\">a una sencilla doncella de Nazaret<\/p>\n<p style=\"text-align: center;\">el acontecimiento m\u00e1s portentoso<\/p>\n<p style=\"text-align: center;\">que vino del Cielo.<\/p>\n<p style=\"text-align: center;\">Para esta hora tenebrosa y de orfandad<\/p>\n<p style=\"text-align: center;\">que vive nuestro mundo, el eco<\/p>\n<p style=\"text-align: center;\">y el resplandor de estas voces extinguidas,<\/p>\n<p style=\"text-align: center;\">tambi\u00e9n el beso y el canto del Ruise\u00f1or<\/p>\n<p style=\"text-align: center;\">y mi saludo de paz y gloria:<\/p>\n<p style=\"text-align: center;\">Shal\u00f4m.<\/p>\n<p>&nbsp;<\/p>\n<p>&nbsp;<\/p>\n<p>&nbsp;<\/p>\n<p>&nbsp;<\/p>\n<p><strong>\u00a0<\/strong><\/p>\n<p style=\"text-align: center;\"><strong>DICRUSO DE JOS\u00c9 JAIME CAPEL MOLINA<\/strong><\/p>\n<p>&nbsp;<\/p>\n<p><a href=\"http:\/\/granadacostanacional.es\/wp-content\/uploads\/2019\/02\/IMG_3600.jpg\"><img decoding=\"async\" loading=\"lazy\" class=\"aligncenter size-large wp-image-19921\" src=\"http:\/\/granadacostanacional.es\/wp-content\/uploads\/2019\/02\/IMG_3600-682x1024.jpg\" alt=\"IMG_3600\" width=\"682\" height=\"1024\" \/><\/a><\/p>\n<p style=\"text-align: justify;\">Al comparecer ante vosotros y formar parte de esta Instituci\u00f3n, he de expresar mi gratitud, a la deferencia de su presidente, al poner su confianza en m\u00ed, como delegado Nacional de Artes Pl\u00e1sticas, Monumentos y Esculturas. Esta delegaci\u00f3n est\u00e1 decididamente comprometida con la creaci\u00f3n, el pensamiento, la acci\u00f3n cultural y art\u00edstica y atenta siempre a tomar el pulso a las tensiones que actualmente atraviesan estos campos. Adem\u00e1s somos conscientes de que el \u00e1mbito de la acci\u00f3n cultural est\u00e1 \u00edntimamente engranado a las transformaciones sociales y pol\u00edticas que nos conciernen. Deseamos hacer de la misma un espacio de convivencia, debates y expresi\u00f3n de manifestaciones art\u00edsticas, literarias y cient\u00edficas, con una vocaci\u00f3n marcadamente nacional a trav\u00e9s de todo su \u00e1mbito territorial<\/p>\n<p style=\"text-align: justify;\">Las Academias en la edad contempor\u00e1nea han estado, desde su nacimiento, presentes en los grandes acontecimientos hist\u00f3ricos y culturales y, en su hacer han perge\u00f1ado el esp\u00edritu cr\u00edtico que ha roto con las inercias pasivas, o se han enfrentado sutilmente a los intentos de acabar con la individualidad y libertad de pensamiento y acci\u00f3n. Por mi parte, a igual que la propia Academia que hoy d\u00eda comienza su andadura, quiere contribuir decididamente a marcar modestamente, su compromiso p\u00fablico y acci\u00f3n cultural, a proyectarse en la sociedad espa\u00f1ola. Signific\u00e1ndose en el pensamiento, la Ciencia, las Artes y Literatura, siendo los objetivos prioritarios de esta Instituci\u00f3n. Y siempre abierta a todas las iniciativas pl\u00e1sticas del panorama cultural del mundo actual, conllevando un decidido empe\u00f1o editorial.<\/p>\n<p style=\"text-align: justify;\">Para Marcel Proust, la obra de arte, sea pintura, escultura e incluso escritura, es algo \u00edntimo, singular y propio, que el artista tiene dentro de s\u00ed, una visi\u00f3n, un punto de vista, una forma de ver el mundo, al que tiene que dar alumbramiento y despliegue. La relaci\u00f3n estrecha entre vida y obra creativa la encuentra el artista dentro de si mismo y cada cual lo har\u00e1 de manera \u00fanica, la suya propia.<\/p>\n<p style=\"text-align: justify;\">Independientemente de una serie de elementos por lo general admitidos, esencialmente acad\u00e9micos, nuestra apreciaci\u00f3n del arte se apoya b\u00e1sicamente en la subjetividad. En toda creaci\u00f3n art\u00edstica hay un insondable misterio, dif\u00edcil de escrutar. Las referencias a un artista o tendencias de un grupo son, a menudo, materia por lo general reservada a historiadores del arte, especialistas y cr\u00edticos, quienes, con sus juicios, imponen criterios profesionalizados que influyen en el \u00e1nimo del observador (contempla y acepta la obra que se les expone). Considero que el arte es subjetivo, \u201cen arte no se trata de entender, es una cuesti\u00f3n de amor\u2026.\u201d(Charles Baudelaire). Es un sentimiento, siempre intentamos aproximarnos a las significaciones o contenidos emocionales que, en este caso, el pintor nos trasmite. En las obras de arte como sagaces observadores es necesario matizar entre lo que vemos y lo que creemos ver y adem\u00e1s estar alerta a lo que se nos hace ver. En las obras art\u00edsticas conocer \u201cexperimentar, realizar, compartir y participar son procesos que implican siempre, adem\u00e1s de muchos recursos, estar prevenidos, ya que no se trata siempre de intentar hacernos creer, de recrear para los sentidos, para los sentimientos y para la inteligencia y lograr, que sea cre\u00edbles los resultados\u201d (Ram\u00f3n de La Calle).<\/p>\n<p style=\"text-align: justify;\">Para Hubert Damisch, las obras art\u00edsticas y el arte emanado de ellos no son siquiera ilustraciones de ideas, sino \u201cobjetos te\u00f3ricos\u201d que traducen reflexiones sobre el mundo y que tienen su singular y espec\u00edfica forma de producir conocimiento.<\/p>\n<p style=\"text-align: justify;\">La actuaci\u00f3n, el dinamismo social y cultural va a permitir esta cita art\u00edstica, no en vano en ella se ha puesto gran empe\u00f1o, y no menos trabajo, en mostrar los distintos lenguajes pl\u00e1sticos de la pintura, y la labor creativa de nuestros artistas pertenecientes al Proyecto Nacional de Cultura de Granada Costa, que tienen un papel relevante, en estos momentos del panorama pict\u00f3rico.<\/p>\n<p>&nbsp;<\/p>\n<p style=\"text-align: center;\"><strong>EXPOSICI\u00d3N: MUESTRA PICT\u00d3RICA\u00a0<\/strong><strong>Y FOTOGR\u00c1FICA<\/strong><\/p>\n<p>&nbsp;<\/p>\n<p style=\"text-align: justify;\">Es un compromiso personal con la Academia, y las Bellas Artes, sienti\u00e9ndome complacido presentar tan relevante exposici\u00f3n pict\u00f3rica, a trav\u00e9s de un circuito cultural itinerante \u201cRutas Pict\u00f3ricas\u201d que se llevar\u00e1 a cabo en diferentes ciudades y enclaves de Espa\u00f1a. Para iluminar, a\u00fan m\u00e1s, el panorama art\u00edstico Nacional. Hemos considerado oportuno organizar una muestra en la que queden recogidas las diversas maneras de \u201crepresentar\u201d la visi\u00f3n de nuestro entorno por parte de un nutrido grupo de artistas integrantes en el Proyecto Nacional de Cultura Granada Costa.<\/p>\n<p style=\"text-align: justify;\">La exposici\u00f3n se presentar\u00e1 igualmente en la Cartuja de Valldemossa, lugar emblem\u00e1tico donde los haya. Por este lugar, han pasado a lo largo del tiempo, artistas de fama universal en el mundo del arte, la m\u00fasica, pintura, cautivados de por vida, de la belleza inmarcesible de este lugar, para\u00edso \u00fanico.<\/p>\n<p>&nbsp;<\/p>\n<p>&nbsp;<\/p>\n<p>&nbsp;<\/p>\n<p>&nbsp;<\/p>\n<p style=\"text-align: center;\"><strong>VALLDEMOSSA Y CHOPIN<\/strong><\/p>\n<p>&nbsp;<\/p>\n<p style=\"text-align: center;\">\u00a0 \u00a0\u00a0\u00a0\u00a0\u00a0\u00a0\u00a0\u00a0\u00a0 \u00a0\u00a0Qu\u00e9 para\u00edso envuelto de misterio,<\/p>\n<p style=\"text-align: center;\">donde la aurora deslumbra airosa,<\/p>\n<p style=\"text-align: center;\">a la Real Cartuja de Valldemossa,<\/p>\n<p style=\"text-align: center;\">no ha lugar m\u00e1s bello del Hemisferio.<\/p>\n<p style=\"text-align: center;\">\u00a0 \u00a0\u00a0\u00a0\u00a0\u00a0\u00a0\u00a0\u00a0\u00a0 \u00a0\u00a0A piedemonte, adusto monasterio,<\/p>\n<p style=\"text-align: center;\">de sombroso claustro en caliza rosa,<\/p>\n<p style=\"text-align: center;\">la luz entra en sus recintos, piadosa,<\/p>\n<p style=\"text-align: center;\">redime las sombras del cautiverio.<\/p>\n<p style=\"text-align: center;\">\u00a0 \u00a0\u00a0\u00a0\u00a0\u00a0\u00a0\u00a0\u00a0\u00a0 \u00a0\u00a0Se oye de Chopin una partitura<\/p>\n<p style=\"text-align: center;\">de un preludio hecho en invierno insano.<\/p>\n<p style=\"text-align: center;\">Libr\u00f3 su vida, de muerte segura,<\/p>\n<p style=\"text-align: center;\">\u00a0\u00a0\u00a0\u00a0\u00a0\u00a0\u00a0\u00a0\u00a0\u00a0\u00a0 \u00a0 \u00a0un seraf\u00edn de alba luz, casi humano.<\/p>\n<p style=\"text-align: center;\">Junto al cipr\u00e9s del jard\u00edn a\u00fan perdura,<\/p>\n<p style=\"text-align: center;\">sublimes notas, al marfil del piano.<\/p>\n<p style=\"text-align: justify;\">\u00a0Esta exposici\u00f3n itinerante, resume lo m\u00e1s significativo en orden a tendencias pict\u00f3ricas y manifestaciones -\u00f3leos, acuarelas, temperas, dibujos, fotograf\u00edas\u2026-, que ofrecen distintas formas de ver el arte, que est\u00e1 vivo y no deja de sombrarnos por su emotividad, plasticidad, creatividad y belleza.<\/p>\n<p>&nbsp;<\/p>\n<p>&nbsp;<\/p>\n<p>&nbsp;<\/p>\n<p style=\"text-align: center;\"><strong>DISCURSO DE CARMEN CARRASCO RAMOS<\/strong><\/p>\n<p><a href=\"http:\/\/granadacostanacional.es\/wp-content\/uploads\/2019\/02\/IMG_3599.jpg\"><img decoding=\"async\" loading=\"lazy\" class=\"aligncenter size-large wp-image-19922\" src=\"http:\/\/granadacostanacional.es\/wp-content\/uploads\/2019\/02\/IMG_3599-682x1024.jpg\" alt=\"IMG_3599\" width=\"682\" height=\"1024\" \/><\/a><\/p>\n<p>Buenas tardes\u2026<\/p>\n<p style=\"text-align: justify;\">Mis m\u00e1s sinceras gracias a la Academia de las Ciencias, Bellas Artes y Buenas Letras por concederme el honor de admitirme entre sus miembros. Y gracias, en especial, a su Director, Don Jos\u00e9 Segura Haro, mecenas de la cultura. Felicito asimismo a mis compa\u00f1eros, deseando muchos \u00e9xitos y aciertos a cada uno en sus respectivos cargos.<\/p>\n<p style=\"text-align: justify;\">Como delegada de poes\u00eda, obligado es tratar en mi discurso sobre un tema relacionado con la misma y comentar algo de su historia a trav\u00e9s de los tiempos, siquiera someramente, pasando de puntillas por mor del espacio de que disponemos.<\/p>\n<p style=\"text-align: justify;\">Envueltos en este ambiente de paz, en este lugar que hemos convertido en templo de las letras y la cultura, pienso que esta atm\u00f3sfera espiritual, elevada, es propicia para dar paso a la m\u00e1s bella expresi\u00f3n de la palabra: la poes\u00eda.<\/p>\n<p style=\"text-align: justify;\">Para los poetas, el m\u00e1s genuino sentimiento del alma con el cual transmiten sus emociones, alegr\u00edas, pesares, nostalgias, anhelos, amor, desamor, ilusiones y esperanzas por hacer un mundo mejor y tambi\u00e9n, por alcanzar la gloria so\u00f1ada, tan esquiva pasando casi siempre de largo. Cu\u00e1ntos buenos poetas han permanecido en el anonimato componiendo sus versos en soledad. Versos que jam\u00e1s ser\u00e1n le\u00eddos por nadie.<\/p>\n<p style=\"text-align: justify;\">Mas la poes\u00eda, pese a ser la cenicienta de la literatura, siempre encontrar\u00e1 un pr\u00edncipe que la lleve a un baile imaginario y recite sus rimas en noches de luna.<\/p>\n<p style=\"text-align: justify;\">Definir qu\u00e9 es la poes\u00eda es harto dif\u00edcil. Cada poeta la ha definido seg\u00fan la siente.<\/p>\n<p style=\"text-align: justify;\">-El poeta simbolista franc\u00e9s Rimbaud dec\u00eda que con la poes\u00eda se puede cambiar el mundo. O llevaba raz\u00f3n o era un iluminado.<\/p>\n<p style=\"text-align: justify;\">-El poeta granadino Garc\u00eda Lorca escribi\u00f3: \u201cLa poes\u00eda es la uni\u00f3n de dos palabras que uno nunca supuso que pudieran juntarse y que forman un misterio\u201d.<\/p>\n<p style=\"text-align: justify;\">-El pr\u00edncipe de las letras, Cervantes, lo pas\u00f3 tan mal como poeta, acomplejado por su eterno rival Lope de Vega, que comentaba con ciertas dosis de pesimismo: \u201cEl a\u00f1o que es abundante en poes\u00eda suelo serlo en hambre\u201d. Con respecto a esto, Mart\u00ednez de la Rosa compuso el epigrama: \u201cAqu\u00ed enterraron de balde por no hallarle una peseta. No sigas, era poeta\u201d.<\/p>\n<p style=\"text-align: justify;\">-La definici\u00f3n del poeta cubano Jos\u00e9 Mart\u00ed es preciosa: \u201cUn grano de poes\u00eda es suficiente para perfumar un siglo\u201d.<\/p>\n<p style=\"text-align: justify;\">-Archiconocida es la afirmaci\u00f3n rotunda de Gabriel Celaya: \u201cLa poes\u00eda es un arma cargada de futuro\u201d. Cierto, pues siempre habr\u00e1 poes\u00eda.<\/p>\n<p style=\"text-align: justify;\">-Yo, personalmente, me quedo con B\u00e9cquer cuando mirando a una mujer hermosa le dice: \u201c\u00bfQu\u00e9 es poes\u00eda?, \/ dices mientras clavas \/ en mi pupila tu pupila azul. \/ \u00bfQu\u00e9 es poes\u00eda? \u00bfY t\u00fa me lo preguntas? \/ Poes\u00eda eres t\u00fa\u201d.<\/p>\n<p style=\"text-align: justify;\">Para m\u00ed, a a\u00f1os luz de estos grandes poetas, la poes\u00eda es una exaltaci\u00f3n de la belleza envuelta en sensibilidad. Sin esta cualidad no puede escribirse un aut\u00e9ntico poema.<\/p>\n<p style=\"text-align: justify;\">Y seg\u00fan la etimolog\u00eda, la palabra poes\u00eda, del griego poiesis, es el arte de crear por medio de un artista, el poeta o poiet\u00e9s.<\/p>\n<p style=\"text-align: justify;\">La poes\u00eda existe desde hace miles de a\u00f1os, desde la m\u00e1s remota antig\u00fcedad, como genuina y espont\u00e1nea expresi\u00f3n de un pueblo. En Egipto hay testimonios de lenguaje escritos en forma de jerogl\u00edficos, cuatro mil a\u00f1os antes de Cristo. Son textos escritos sobre hojas de papiro en el interior de las pir\u00e1mides y en los templos. Ejemplo a una mujer hermosa es esta estrofa:<\/p>\n<p style=\"text-align: center;\">\u00a1La \u00fanica, la hermosa sin igual!<\/p>\n<p style=\"text-align: center;\">\u00a1La m\u00e1s hermosa de entre todas!<\/p>\n<p style=\"text-align: center;\">Es como la primera estrella de la ma\u00f1ana<\/p>\n<p style=\"text-align: center;\">Al inicio de un a\u00f1o feliz.<\/p>\n<p style=\"text-align: justify;\">Ejemplos de poemas de la antig\u00fcedad tambi\u00e9n los tenemos en los sumerios con la famosa epopeya d Gilgamesh escrito en caracteres cuneiformes 10.000 a\u00f1os antes de Cristo, describiendo sus glorias y triunfos:<\/p>\n<p style=\"text-align: center;\">Si caigo, habr\u00e9 conquistado la fama.<\/p>\n<p style=\"text-align: center;\">La gente dir\u00e1: \u00a1Gilgamesh cay\u00f3<\/p>\n<p style=\"text-align: center;\">Luchando contra el fiero Humbaba!<\/p>\n<p style=\"text-align: justify;\">En la India, Los Vedas, libros sagrados del hinduismo, se calcula que fueron escritos en el siglo III antes de Cristo conteniendo 1.028 himnos sobre tablillas. Este fragmento parece sacado de un texto cristiano narrando la creaci\u00f3n del mundo:<\/p>\n<p style=\"text-align: center;\">\u201cY de nuevo, como antes, el Creador, en su momento,<\/p>\n<p style=\"text-align: center;\">Form\u00f3 el sol, y la luna, lo celeste y lo terrestre<\/p>\n<p style=\"text-align: center;\">Y todos los reinos intermedios\u201d.<\/p>\n<p style=\"text-align: justify;\">En Grecia, la Il\u00edada y la Odisea, del poeta ciego Homero, datan de ocho siglos antes de la era cristiana. Eran cantados por los aedas acompa\u00f1ados generalmente de liras, de ah\u00ed el vocablo l\u00edrica para definir este g\u00e9nero. Famosos eran Homero, Hes\u00edodo, Safo y P\u00edndaro, el cual dedic\u00f3 este poema a su amado Te\u00f3xeno:<\/p>\n<p style=\"text-align: center;\">\u201cHay un tiempo para recolectar amores,<\/p>\n<p style=\"text-align: center;\">coraz\u00f3n m\u00edo, cuando acompa\u00f1a la edad:<\/p>\n<p style=\"text-align: center;\">Pero aquel que al contemplar los rayos<\/p>\n<p style=\"text-align: center;\">rutilantes que brotan de los ojos de Te\u00f3xeno<\/p>\n<p style=\"text-align: center;\">no siente el oleaje del deseo,<\/p>\n<p style=\"text-align: center;\">de acero o hierro tiene forjado su coraz\u00f3n\u201d.<\/p>\n<p style=\"text-align: justify;\">Roma cre\u00f3 su poes\u00eda bas\u00e1ndose en los griegos. Lucrecia, Catulo, Ovidio, Horacio\u2026 Famoso es el Carpe diem de este \u00faltimo, filosof\u00eda muy practicada hoy:<\/p>\n<p style=\"text-align: center;\">\u201cMientras hablamos, huye el tiempo envidioso.<\/p>\n<p style=\"text-align: center;\">Vive el d\u00eda de hoy, C\u00e1ptalo.<\/p>\n<p style=\"text-align: center;\">No te f\u00edes del incierto ma\u00f1ana\u201d.<\/p>\n<p style=\"text-align: justify;\">\u00a0Los \u00e1rabes siempre han sentido una fascinaci\u00f3n por la poes\u00eda siendo la casida, estrofa monorrima, la composici\u00f3n m\u00e1s utilizada. M\u00e1s tarde saldr\u00edan las jarchas y el z\u00e9jel. El famoso poema de Layla y M\u00e1gnum inspir\u00f3 a Skespeare el drama de Romeo y Julieta:<\/p>\n<p style=\"text-align: center;\">\u201cSoy tuyo, por muy lejos que est\u00e9s de m\u00ed.<\/p>\n<p style=\"text-align: center;\">\u201cNo hay soplo de viento que no me traiga tu perfume.<\/p>\n<p style=\"text-align: center;\">No hay p\u00e1jaro canoro que no pronuncie tu nombre.<\/p>\n<p style=\"text-align: center;\">\u00bfQui\u00e9n soy yo, tan lejos de ti?\u201d<\/p>\n<p style=\"text-align: justify;\">En china se cultivaban versos pentas\u00edlabos y heptas\u00edlabos. Se tienen escritos m\u00e1s de 48.000 poemas y m\u00e1s de 2.000 autores. Bell\u00edsimo es este fragmento:<\/p>\n<p style=\"text-align: center;\">\u201cPernoctando en el Templo de la Cima,<\/p>\n<p style=\"text-align: center;\">alzar la mano es acariciar las estrellas.<\/p>\n<p style=\"text-align: center;\">Mas no osemos levantar la voz,<\/p>\n<p style=\"text-align: center;\">\u00a1no se turben los habitantes del cielo!\u201d<\/p>\n<p style=\"text-align: justify;\">La poes\u00eda hebrea se caracteriza por su sencillez y concisi\u00f3n. En la Biblia, en el Antiguo Testamento, hallamos una secci\u00f3n de libros dedicados exclusivamente a la poes\u00eda, el Cantar de los cantares de Salom\u00f3n, el libro m\u00e1s er\u00f3tico de la Biblia, y los salmos de David:<\/p>\n<p style=\"text-align: center;\">\u201c\u00a1Oh, Yav\u00e9, cu\u00e1nto se han multiplicado mis adversarios!<\/p>\n<p style=\"text-align: center;\">Con mi voz clam\u00e9 a Yav\u00e9 y \u00c9l me respondi\u00f3<\/p>\n<p style=\"text-align: center;\">Desde su monte santo\u201d.<\/p>\n<p style=\"text-align: justify;\">La poes\u00eda japonesa se remonta al siglo VIII antes de Cristo y una de sus formas m\u00e1s populares es el haiku, utilizado por el budismo zen para transmitir sus ense\u00f1anzas.<\/p>\n<p style=\"text-align: center;\">Flores que vuelven<\/p>\n<p style=\"text-align: center;\">volando a las ramas.<\/p>\n<p style=\"text-align: center;\">Son mariposas.<\/p>\n<p style=\"text-align: justify;\">En cuanto a la poes\u00eda en Espa\u00f1a, las primeras manifestaciones l\u00edricas romances se remontan a la primera mitad del siglo XI y son llamadas jarchas, escritas en \u00e1rabe no culto mezclado con castellano moz\u00e1rabe. En ella se repite con frecuencia la palabra habibi, amado:<\/p>\n<p style=\"text-align: justify;\">\u00a1Tant\u00b4amar\u00e9, tant\u00b4amar\u00e9, \/ habib, tant\u00b4amar\u00e9 ! Enfermaron uelios gaios, \/ E dolen tan male. \/ Vayse meu corach\u00f3n de mib. \/ Ya Rab, \u00bfsi me tornar\u00e1d? \/ \u00a1Tan mal meu doler li-l-habib! \/ Enfermo yed, \u00bfcuand sanar\u00e1?<\/p>\n<p style=\"text-align: justify;\">Los or\u00edgenes de nuestra poes\u00eda en castellano los hallamos en el Monasterio de San Mill\u00e1n de la Cogolla y fue el fraile Gonzalo de Berceo el primer poeta que escribi\u00f3 en lengua castellana en la cuaderna v\u00eda o tetr\u00e1strofo monorrimo. La siguiente estrofa era obligada en todas las antolog\u00edas:<\/p>\n<p style=\"text-align: center;\">\u201cQuiero fer una prosa en rom\u00e1n paladino<\/p>\n<p style=\"text-align: center;\">en el cual suele el pueblo fablar a su vecino,<\/p>\n<p style=\"text-align: center;\">ca non so tan letrado por fer otro latino,<\/p>\n<p style=\"text-align: center;\">bien valdr\u00e1 como creo un vaso de bon vino\u201d.<\/p>\n<p style=\"text-align: justify;\">Muy someramente, de puntillas, he pasado por los or\u00edgenes de la poes\u00eda a trav\u00e9s de algunos pueblos y \u00e9pocas. En cuanto a lo largo de la historia, la poes\u00eda ha gozado de \u00e9pocas de esplendor y los poetas eran considerados poseedores de las tradiciones de los pueblos transmitidas de forma oral por medio de juglares y trovadores en forma de romances.<\/p>\n<p style=\"text-align: justify;\">Tambi\u00e9n hay que decir que ha habido periodos, los m\u00e1s, en que la poes\u00eda no era reconocida, pasando a ser la cenicienta de la literatura y los poetas seres incomprendidos, sin reconocimiento alguno, a veces tomados por locos. Hoy, afortunadamente, la poes\u00eda goza de muy buena salud y hay una considerable pl\u00e9yade de poetas consagrados y numerosos aficionados con gran talento y deseos de llegar a escribir buenos versos.<\/p>\n<p style=\"text-align: justify;\">Por lo que se refiere a Granada Costa, puede decirse que la poes\u00eda es su ni\u00f1a mimada. Prueba de ello es la cantidad de cert\u00e1menes po\u00e9ticos que celebra a lo largo del a\u00f1o, apoyando a todo aquel que tiene inquietudes literarias y se siente poeta. Al fin y al cabo, en alg\u00fan momento de nuestra vida, todos nos hemos sentido poetas alguna vez. Ya dicen que \u201cpoetas y locos todos tenemos un poco\u201d.<\/p>\n<p style=\"text-align: justify;\">Invoquemos, pues, a nuestra musa de la poes\u00eda, Cal\u00edope, para que nos inspire hermosos versos y conceda larga vida a la poes\u00eda.<\/p>\n<p style=\"text-align: justify;\">Y termino con la rima IV de mi admirado B\u00e9cquer que confirma este deseo, tanto m\u00edo como de todo aquel que tenga sensibilidad y ame lo bello:<\/p>\n<p style=\"text-align: center;\">\u201cNo dig\u00e1is que agotado su tesoro,<\/p>\n<p style=\"text-align: center;\">de asuntos falta enmudeci\u00f3 la lira.<\/p>\n<p style=\"text-align: center;\">Podr\u00e1 no haber poetas; pero s\u00ed habr\u00e1 poes\u00eda.<\/p>\n<p>&nbsp;<\/p>\n<p style=\"text-align: justify;\">Muchas gracias.<\/p>\n<p>&nbsp;<\/p>\n<p>&nbsp;<\/p>\n<p style=\"text-align: center;\"><strong>DISCURSO DE JULI\u00c1N D\u00cdAZ ROBLEDO<\/strong><\/p>\n<p><a href=\"http:\/\/granadacostanacional.es\/wp-content\/uploads\/2019\/02\/IMG_3597.jpg\"><img decoding=\"async\" loading=\"lazy\" class=\"aligncenter size-large wp-image-19923\" src=\"http:\/\/granadacostanacional.es\/wp-content\/uploads\/2019\/02\/IMG_3597-682x1024.jpg\" alt=\"IMG_3597\" width=\"682\" height=\"1024\" \/><\/a><\/p>\n<p style=\"text-align: justify;\">Lo primero que debe hacer un ponente ante un distinguido auditorio es presentarse: Soy Juli\u00e1n D\u00edaz Robledo, empresario, escritor y agricultor.<\/p>\n<p style=\"text-align: justify;\">Y cabe preguntarse: \u00bfQu\u00e9 hace un agricultor en una Academia de las Ciencias, Buenas Artes y Buenas Letras? A lo largo de mi exposici\u00f3n lo entender\u00e1n.<\/p>\n<p style=\"text-align: justify;\">Desde el pasado a\u00f1o, el multifac\u00e9tico Jos\u00e9 Segura Haro ven\u00eda gestando la creaci\u00f3n de una Academia de las Letras en el entorno de su Proyecto Nacional de Cultura de Granada Costa, para incidir de forma m\u00e1s directa y efectiva en la sociedad y no s\u00f3lo a trav\u00e9s de las p\u00e1ginas de un peri\u00f3dico, que con un n\u00famero importante de socios ven\u00edamos elaborando.<\/p>\n<p style=\"text-align: justify;\">Cuando el Proyecto se hizo realidad, a m\u00ed me correspondi\u00f3 ocuparme de un tema fundamental, que es la alimentaci\u00f3n, puesta a prueba sobradamente con la introducci\u00f3n de frutos tropicales, que procedentes de los m\u00e1s alejados pa\u00edses del Tr\u00f3pico, hab\u00eda sido capaz de traer en mi etapa de empresario a los mercados espa\u00f1oles. Pero en este caso, adem\u00e1s, por haber sido pionero en la introducci\u00f3n de nuevas especies ex\u00f3ticas a nuestras tierras andaluzas, que hoy prosperan con \u00e9xito en su privilegiada costa mediterr\u00e1nea.<\/p>\n<p style=\"text-align: justify;\">Hip\u00f3crates, el sabio doctor griego dijo: \u201cQue tu alimento sea tu medicina y que tu medicina sea tu alimento\u201d. Lo que vino a decir en su mensaje, \u201cque la fruta sea tu medicina y la medicina sea tu alimento\u201d.<\/p>\n<p style=\"text-align: justify;\">Sin \u00e1nimo de corregir a tan sabio personaje como Hip\u00f3crates, quiero recordar al auditorio, que la historia es la relaci\u00f3n de las interacciones entre los pueblos. Y en esa relaci\u00f3n, la agricultura ha sido siempre la protagonista comparti\u00e9ndola con la ganader\u00eda.<\/p>\n<p style=\"text-align: justify;\">Desde la remota antig\u00fcedad, la producci\u00f3n de alimentos dominaba el mundo, y esa producci\u00f3n en su mayor porcentaje lo generaba la agricultura.<\/p>\n<p style=\"text-align: justify;\">Y la ciencia agr\u00edcola de cada momento hist\u00f3rico, se ha preocupado por domesticar las plantas silvestres para hacerlas mejorables y consumibles. Y la farmacopea ha tenido mucho que ver en esta mejora, aprovechando las numeros\u00edsimas propiedades de las frutas para fabricar las medicinas.<\/p>\n<p style=\"text-align: justify;\">Debemos entender por ello, que la Agricultura tiene mucho que ver con la Medicina. Y por derecho propio ocupa un hueco en esta Academia y que con gran orgullo represento como Delegado Nacional del Aula de Frutos Tropicales.<\/p>\n<p style=\"text-align: justify;\">Viene al caso comentar que, en mi desaforado af\u00e1n por los frutos ex\u00f3ticos, recorr\u00ed el mundo pa\u00eds por pa\u00eds que los produc\u00eda, y de ellos tra\u00eda semillas o plantas a Espa\u00f1a para intentar reproducirlos en Andaluc\u00eda, por mor de su bendito clima subtropical.<\/p>\n<p style=\"text-align: justify;\">El resultado es obvio: Los aguacates, mangos, litchis y 36 especies m\u00e1s, fructifican con \u00e9xito, como lo dice mi libro Frutos Tropicales en la Costa Andaluza.<\/p>\n<p style=\"text-align: justify;\">Y como escritor, desde mi juventud ya lejana, he venido publicando art\u00edculos diversos en peri\u00f3dicos y revistas espa\u00f1olas, y en importantes revistas internacionales. Tengo publicados nueve libros y el d\u00e9cimo que puede ser \u00fanico en su contenido y estoy terminando, lleva el t\u00edtulo \u201cTropicales raros, raros, raros \u00a1desconocidos!\u201d de la flora ex\u00f3tica del este asi\u00e1tico, Malasia, Indonesia, Borneo, Tailandia etc.<\/p>\n<p style=\"text-align: justify;\">Mis colaboraciones mediante conferencias en todos los pa\u00edses, especialmente en Sudam\u00e9rica, me obligaron a escribir el libro \u201cOtras tierras, otros cielos\u201d (memorias viajeras) en el que pueden verse, adem\u00e1s de algunos viajes desde 1952 a 2013, la relaci\u00f3n y el motivo de cada uno de ellos.<\/p>\n<p style=\"text-align: justify;\">Por mi trayectoria profesional como empresario y lo que supuso mi aportaci\u00f3n a la agricultura espa\u00f1ola, Su Majestad el Rey D. Juan Carlos de Borb\u00f3n, con fecha 5 de enero de 1983 me concedi\u00f3 la siguiente condecoraci\u00f3n: \u201cEncomienda de N\u00famero de la Orden Civil del M\u00e9rito Agr\u00edcola\u201d.<\/p>\n<p style=\"text-align: justify;\">\u00a0Soy frutero por tradici\u00f3n familiar. Mi padre fue mi maestro. Desde mis comienzos tuve confianza en m\u00ed mismo y en los dem\u00e1s. Lo conseguido se debe a mi esp\u00edritu de trabajo, a la eficacia de mis empleados y al apoyo de mis familiares. Todo ello representa para m\u00ed, la elevaci\u00f3n del propio trabajo con dignidad e inteligencia, seg\u00fan aquel aforismo que siempre me ha acompa\u00f1ado: \u201cVocaci\u00f3n no es trabajar en lo que se ama sino amar aquello en que se trabaja\u201d.<\/p>\n<p style=\"text-align: justify;\">Hoy, distinguido como Delegado de nuestra Academia, quiero poner mis capacidades a disposici\u00f3n de la misma, y con la ayuda de mis compa\u00f1eros acad\u00e9micos nominados de los que tanto he aprendido en los \u00faltimos a\u00f1os, contribuir a los objetivos que con la Academia nos hemos obligado.<\/p>\n<p style=\"text-align: justify;\">Con mi gratitud al presidente por la distinci\u00f3n que me ha concedido y a cuantos asociados han participado en el Proyecto Nacional Granada Costa, con mi total aprecio m\u00e1s sincero.<\/p>\n<p>&nbsp;<\/p>\n<p>&nbsp;<\/p>\n<p style=\"text-align: center;\"><strong>DISCURSO DE MANUEL CEBALLOS POZO<\/strong><\/p>\n<p><a href=\"http:\/\/granadacostanacional.es\/wp-content\/uploads\/2019\/02\/IMG_3596.jpg\"><img decoding=\"async\" loading=\"lazy\" class=\"aligncenter size-large wp-image-19924\" src=\"http:\/\/granadacostanacional.es\/wp-content\/uploads\/2019\/02\/IMG_3596-682x1024.jpg\" alt=\"IMG_3596\" width=\"682\" height=\"1024\" \/><\/a><\/p>\n<p style=\"text-align: justify;\">\u00bfQu\u00e9 creemos que como Academia podemos hacer por las Ciencias\u2026? Esta pregunta es del todo pertinente, no en vano es el primero de los \u00e1mbitos que abarcamos y que tomamos por bandera en nuestra denominaci\u00f3n: Academia de las Ciencias, las Bellas Artes y Buenas Letras Granada Costa.<\/p>\n<p style=\"text-align: justify;\">Buenas tardes, mi nombre es Manuel Ceballos, un saludo tanto a los presentes y como a quienes aun deseando estar hoy aqu\u00ed, sin embargo no han podido asistir; muchas gracias por el inter\u00e9s compartido en promover la Cultura y por su apoyo a este proyecto.<\/p>\n<p style=\"text-align: justify;\">La pregunta inicial es del mismo estilo que la que el presidente Kenedy formul\u00f3 en su discurso inaugural, y en ese mismo a\u00f1o 1961 sucedieron importantes hitos cient\u00edficos e invenciones: Yuri Gagarin fue el primer hombre en viajar al espacio, a\u00fan no exist\u00edan las cintas de casette, los autom\u00f3viles no ten\u00edan a\u00fan alternadores en sus motores y las p\u00edldoras anticonceptivas comenzaron a recetarse. \u00bfSe imaginan como ser\u00eda hoy nuestro mundo sin estos logros e invenciones\u2026? Los que hemos nacido y crecido durante las d\u00e9cadas pasadas tenemos una experiencia directa de lo que la Ciencia puede hacer por nosotros y del impacto que tiene su progreso y las innovaciones tecnol\u00f3gicas que conlleva en nuestro d\u00eda a d\u00eda.<\/p>\n<p style=\"text-align: justify;\">Incluimos entre nuestros fines, y cito textualmente, el \u201cproponer, impulsar y realizar cuantas investigaciones y estudios ayuden a conseguir mayores conocimientos y, en general, el progreso en el \u00e1mbito del saber humano\u201d, y lo pretendemos en este momento en el que el conocimiento cient\u00edfico y la tecnolog\u00eda avanzan exponencialmente en todos los \u00e1mbitos, transformado nuestras vidas y sociedades en lapsos temporales cada vez m\u00e1s breves en los que nuestro estilo de vida se modifica en menos de una d\u00e9cada, \u00bfqui\u00e9nes de los presentes no posee un m\u00f3vil\u2026?, \u00bfy qui\u00e9n lo usa \u00fanicamente para hablar por tel\u00e9fono\u2026?. Ahora mismo somos testigos de la aparici\u00f3n de inteligencias artificiales que aprenden por s\u00ed mismas, de la publicaci\u00f3n de art\u00edculos cient\u00edficos sobre experimentos que apoyan las teor\u00edas de la f\u00edsica cu\u00e1ntica y de la aparici\u00f3n y auge de nuevas corrientes filos\u00f3ficas y culturales tales como el transhumanismo que propugnan la transferencia de la consciencia humana a soportes artificiales, transform\u00e1ndonos en entes \u201cno humanos\u201d.<\/p>\n<p style=\"text-align: justify;\">En este contexto de expansi\u00f3n del saber cient\u00edfico y tecnol\u00f3gico, quiz\u00e1s pudiera parecer pretencioso que esta nuestra Academia, adem\u00e1s de las Letras y las Artes, tambi\u00e9n quiera promover el estudio y la difusi\u00f3n de las Ciencias, ya que nuestras modestas contribuciones podr\u00edan considerarse poco m\u00e1s que irrelevantes&#8230;. perm\u00edtanme avanzarles que esto no es as\u00ed, sino m\u00e1s bien todo lo contrario.<\/p>\n<p style=\"text-align: justify;\">Centr\u00e9monos en la ciencias de la salud, ya que posiblemente su impacto sea el que m\u00e1s percibimos directamente en nuestra existencia como personas: en este a\u00f1o 2019 probablemente se aplicar\u00e1n en personas las primeras terapias g\u00e9nicas para determinados tipos de ceguera y otras enfermedades cong\u00e9nitas, sin duda un logro que ofrece un remedio para centenares de miles de afectados y familiares.<\/p>\n<p style=\"text-align: justify;\">Sin embargo a finales del a\u00f1o pasado fue noticia el cient\u00edfico chino He Jiankui, que modific\u00f3 gen\u00e9ticamente a dos ni\u00f1as no ya para curar una enfermedad, sino para proporcionarle una \u201cventaja eugen\u00e9sica\u201d: la resistencia al SIDA y a algunas otras infecciones v\u00edricas; una modificaci\u00f3n que podr\u00e1n transmitir a sus descendientes creando lo que vendr\u00eda a ser una \u201cnueva estirpe de humanos\u201d.<\/p>\n<p style=\"text-align: justify;\">Por otra parte, el a\u00f1o pasado, cient\u00edficos de Cambridge crearon un embri\u00f3n a partir de c\u00e9lulas madres, sin necesidad \u00f3vulos o espermatozoides, as\u00ed pues t\u00e9cnicamente ya es posible \u201cfabricar industrialmente\u201d seres humanos. Llegados a este punto&#8230; por qu\u00e9 limitarse a crear personas \u201cnormales\u201d como los hoy aqu\u00ed presentes&#8230;?. Imaginen que haya pa\u00edses, entidades o corporaciones sin reparos legales o \u00e9ticos que est\u00e9n interesados en crear \u201csuperhumanos\u201d modificados gen\u00e9ticamente, por ejemplo con m\u00e1s inteligencia, mayor fuerza muscular, mayor resistencia a infecciones y con menor sensibilidad al dolor&#8230; \u00bfa qu\u00e9 nos podr\u00eda conducir&#8230;?. Partiendo que cualquier padre quiere lo mejor para sus hijos y dado que hay posibilidad de obtener un lucro mediante esta tecnolog\u00eda, la decisi\u00f3n de las familias no ser\u00eda costear la mejor educaci\u00f3n posible para sus hijos, sino la de proporcionarles el m\u00e1ximo de mejoras gen\u00e9ticas. Esta situaci\u00f3n posibilitar\u00eda que en relativamente poco tiempo aparezca una profunda fractura social e incluso biol\u00f3gica entre quienes tienen los medios para proporcionar modificaciones gen\u00e9ticas a sus hijos y qui\u00e9nes no.<\/p>\n<p style=\"text-align: justify;\">Esta y otras respuestas propias de la ciencia ficci\u00f3n resultan ya posibles, \u00bfrecuerdan la obra \u201cUn mundo feliz\u201d de Aldous Huxley&#8230;?.<\/p>\n<p style=\"text-align: justify;\">Como pueden apreciar, las cuestiones y los debates que se est\u00e1n planteando son ingentes y de enorme trascendencia, porque hoy, en el primer cuarto del siglo XXI, ya no versan sobre cuestiones hipot\u00e9ticas, sino sobre realidades emergentes; citando al premio nobel de medicina David Baltimore \u201cLo impensable se ha convertido en concebible\u201d.<\/p>\n<p style=\"text-align: justify;\">Llegados a este punto, cito ahora una de las actividades que desde la Academia nos proponemos llevar a cabo: \u201cdifundir\u00e1 el pensamiento y la cr\u00edtica\u201d. Precisamente contribuir a dilucidar los dilemas econ\u00f3micos, sociales, filos\u00f3ficos y \u00e9ticos que estos nuevos avances y logros plantean, mediante el pensamiento cr\u00edtico, ser\u00e1 el principal aporte de nuestra Academia al \u00e1mbito de la Ciencia.<\/p>\n<p style=\"text-align: justify;\">En palabras del fil\u00f3sofo Fernando Sabater \u201cLos valores se fraguan en situaciones cr\u00edticas, en la pugna entre lo que es y lo que creemos que deber\u00eda ser. Se definen y redefinen permanentemente de acuerdo con el decurso hist\u00f3rico y el pensamiento cr\u00edtico\u201d.<\/p>\n<p style=\"text-align: justify;\">No es concebible la construcci\u00f3n y la difusi\u00f3n del pensamiento cr\u00edtico sobre el avance cient\u00edfico al margen de la Cultura y de las Humanidades: la primera lo genera y lo sustenta, las segundas no solo son una expresi\u00f3n de los valores de una sociedad, sino que tambi\u00e9n los conforman.<\/p>\n<p style=\"text-align: justify;\">As\u00ed pues, la conciencia ser\u00eda la principal aportaci\u00f3n que desde la academia podemos brindarle a las Ciencias, promoviendo y difundiendo el conocimiento responsable y cr\u00edtico de lo que el avance cient\u00edfico supone para las personas y las sociedades.<\/p>\n<p style=\"text-align: justify;\">Por ello, miembros de la Academia y seguidores del Proyecto Nacional de Cultura Granada Costa, es que estamos hoy de enhorabuena: he aqu\u00ed que en este momento hemos coincidido, cada cual con nuestras diferentes opiniones, capacidades y talentos art\u00edsticos, pero con un inter\u00e9s y empe\u00f1o com\u00fan: hoy nos constituimos pues como una instituci\u00f3n que promueve el pensamiento y la cr\u00edtica sobre el mundo actual y futuro, planteando cuestiones y facilitando respuestas que contribuyan a que siga siendo un mundo humano al menos en sus valores, y todo ello sin renunciar a la belleza y al arte en el progreso.<\/p>\n<p style=\"text-align: justify;\">Todo un honor y una fortuna el poder compartir con vds. este empe\u00f1o en esta \u00e9poca, porque hoy, como siempre y m\u00e1s que nunca, nos necesitan ah\u00ed afuera\u2026<\/p>\n<p style=\"text-align: right;\"><strong>Carlos \u00c1lvaro Segura Venegas<\/strong><\/p>\n<p style=\"text-align: right;\"><strong>Granada<\/strong><\/p>\n","protected":false},"excerpt":{"rendered":"<p>El pasado d\u00eda 16 de febrero tuvo lugar la presentaci\u00f3n de la Academia de las Ciencias, Bellas Artes y Buenas&hellip;<\/p>\n","protected":false},"author":3,"featured_media":19935,"comment_status":"open","ping_status":"open","sticky":false,"template":"","format":"standard","meta":{"om_disable_all_campaigns":false,"_mi_skip_tracking":false,"_monsterinsights_sitenote_active":false,"_monsterinsights_sitenote_note":"","_monsterinsights_sitenote_category":0,"footnotes":""},"categories":[37,21],"tags":[],"aioseo_notices":[],"_links":{"self":[{"href":"https:\/\/granadacostaglobal.es\/index.php?rest_route=\/wp\/v2\/posts\/19885"}],"collection":[{"href":"https:\/\/granadacostaglobal.es\/index.php?rest_route=\/wp\/v2\/posts"}],"about":[{"href":"https:\/\/granadacostaglobal.es\/index.php?rest_route=\/wp\/v2\/types\/post"}],"author":[{"embeddable":true,"href":"https:\/\/granadacostaglobal.es\/index.php?rest_route=\/wp\/v2\/users\/3"}],"replies":[{"embeddable":true,"href":"https:\/\/granadacostaglobal.es\/index.php?rest_route=%2Fwp%2Fv2%2Fcomments&post=19885"}],"version-history":[{"count":0,"href":"https:\/\/granadacostaglobal.es\/index.php?rest_route=\/wp\/v2\/posts\/19885\/revisions"}],"wp:featuredmedia":[{"embeddable":true,"href":"https:\/\/granadacostaglobal.es\/index.php?rest_route=\/"}],"wp:attachment":[{"href":"https:\/\/granadacostaglobal.es\/index.php?rest_route=%2Fwp%2Fv2%2Fmedia&parent=19885"}],"wp:term":[{"taxonomy":"category","embeddable":true,"href":"https:\/\/granadacostaglobal.es\/index.php?rest_route=%2Fwp%2Fv2%2Fcategories&post=19885"},{"taxonomy":"post_tag","embeddable":true,"href":"https:\/\/granadacostaglobal.es\/index.php?rest_route=%2Fwp%2Fv2%2Ftags&post=19885"}],"curies":[{"name":"wp","href":"https:\/\/api.w.org\/{rel}","templated":true}]}}