{"id":19802,"date":"2019-02-19T08:40:27","date_gmt":"2019-02-19T08:40:27","guid":{"rendered":"http:\/\/granadacostanacional.es\/?p=19802"},"modified":"2019-02-19T08:40:27","modified_gmt":"2019-02-19T08:40:27","slug":"ponte-la-gorra-por-un-nino-con-cancer-el-vuelo-de-la-cometa-volo-dejando-deseos","status":"publish","type":"post","link":"https:\/\/granadacostaglobal.es\/?p=19802","title":{"rendered":"Ponte la Gorra por un ni\u00f1o con c\u00e1ncer. El vuelo de la cometa vol\u00f3 dejando deseos"},"content":{"rendered":"<p style=\"text-align: justify;\"><a href=\"http:\/\/granadacostanacional.es\/wp-content\/uploads\/2019\/02\/FA9689_b51a2496.jpg\"><img decoding=\"async\" loading=\"lazy\" class=\"alignnone size-medium wp-image-19803 alignleft\" src=\"http:\/\/granadacostanacional.es\/wp-content\/uploads\/2019\/02\/FA9689_b51a2496-300x200.jpg\" alt=\"_FA9689_b51a2496\" width=\"300\" height=\"200\" \/><\/a>Unas 6.000 personas se pusieron ayer la gorra en la sexta edici\u00f3n del\u00a0<i>Posa\u2019t la Gorra!<\/i>, la fiesta solidaria contra el c\u00e1ncer infantil organizada por Afanoc en el Tur\u00f3 de la Seu Vella y en la que se reivindic\u00f3 m\u00e1s difusi\u00f3n de esta enfermedad. Y es que seg\u00fan la presidenta de la entidad de Catalunya, Maite Monta\u00f1\u00e9s, \u201ccada a\u00f1o se detectan 20 casos en Lleida, 200 en Catalunya, y hace falta dotar a los colegios e institutos de informaci\u00f3n, ya que muchos de los ni\u00f1os y adolescentes tienen miedo de ser rechazados por los <a href=\"http:\/\/granadacostanacional.es\/wp-content\/uploads\/2019\/02\/FA9602_8ee0ed3c.jpg\"><img decoding=\"async\" loading=\"lazy\" class=\"alignnone size-medium wp-image-19804 alignleft\" src=\"http:\/\/granadacostanacional.es\/wp-content\/uploads\/2019\/02\/FA9602_8ee0ed3c-300x200.jpg\" alt=\"_FA9602_8ee0ed3c\" width=\"300\" height=\"200\" \/><\/a>cambios f\u00edsicos que genera el c\u00e1ncer\u201d.<\/p>\n<p style=\"text-align: justify;\">Durante toda la ma\u00f1ana, se celebraron distintas actividades de ocio, que este a\u00f1o estaban especialmente relacionadas con la m\u00fasica. Precisamente, la cantante Lorena G\u00f3mez y el pianista Antoni Tolmos condujeron esta fiesta solidaria, que acab\u00f3 con la actuaci\u00f3n de Lorena en la que cant\u00f3 \u201cIndomable\u201d.<\/p>\n<p style=\"text-align: justify;\">Al margen de la parte l\u00fadica, varios j\u00f3venes que han pasado por un c\u00e1ncer aseguraron a los m\u00e1s peque\u00f1os afectados \u201cque se puede salir para adelante\u201d. En el caso de Sandra, de 18 a\u00f1os, sufri\u00f3 de leucemia hace justo seis a\u00f1os y reclam\u00f3 m\u00e1s difusi\u00f3n en los medios de comunicaci\u00f3n y en las escuelas.<\/p>\n<p style=\"text-align: justify;\"><a href=\"http:\/\/granadacostanacional.es\/wp-content\/uploads\/2019\/02\/52126727_1794526230653177_4034886831290974208_n.jpg\"><img decoding=\"async\" loading=\"lazy\" class=\"alignnone size-medium wp-image-19806\" src=\"http:\/\/granadacostanacional.es\/wp-content\/uploads\/2019\/02\/52126727_1794526230653177_4034886831290974208_n-300x200.jpg\" alt=\"52126727_1794526230653177_4034886831290974208_n\" width=\"300\" height=\"200\" \/><\/a><a href=\"http:\/\/granadacostanacional.es\/wp-content\/uploads\/2019\/02\/FA9613_cf0616e9.jpg\"><img decoding=\"async\" loading=\"lazy\" class=\"alignnone size-medium wp-image-19805\" src=\"http:\/\/granadacostanacional.es\/wp-content\/uploads\/2019\/02\/FA9613_cf0616e9-300x200.jpg\" alt=\"_FA9613_cf0616e9\" width=\"300\" height=\"200\" \/><\/a><\/p>\n<p style=\"text-align: justify;\"><a href=\"http:\/\/granadacostanacional.es\/wp-content\/uploads\/2019\/02\/52717008_1794530050652795_4796890643228000256_n.jpg\"><img decoding=\"async\" loading=\"lazy\" class=\"alignnone size-medium wp-image-19809\" src=\"http:\/\/granadacostanacional.es\/wp-content\/uploads\/2019\/02\/52717008_1794530050652795_4796890643228000256_n-300x200.jpg\" alt=\"52717008_1794530050652795_4796890643228000256_n\" width=\"300\" height=\"200\" \/><\/a><a href=\"http:\/\/granadacostanacional.es\/wp-content\/uploads\/2019\/02\/52382839_1794530370652763_4177614895254077440_n.jpg\"><img decoding=\"async\" loading=\"lazy\" class=\"alignnone size-medium wp-image-19810\" src=\"http:\/\/granadacostanacional.es\/wp-content\/uploads\/2019\/02\/52382839_1794530370652763_4177614895254077440_n-300x200.jpg\" alt=\"52382839_1794530370652763_4177614895254077440_n\" width=\"300\" height=\"200\" \/><\/a><\/p>\n<p style=\"text-align: justify;\">Monta\u00f1\u00e9s, quien explic\u00f3 que vendieron 6.000 gorras solidarias, se\u00f1al\u00f3 que hacen falta m\u00e1s ayudas una vez superada la enfermedad, \u201cporque el 70% sufre distintas secuelas\u201d. Fuente: https:\/\/www.segre.com\/es\/noticias\/guia\/2019\/02\/18\/concienciar_sobre_cancer_infantil_68526_1111.html<\/p>\n<p style=\"text-align: justify;\"><a href=\"http:\/\/granadacostanacional.es\/wp-content\/uploads\/2019\/02\/gorra2.jpg\"><img decoding=\"async\" loading=\"lazy\" class=\"alignnone size-medium wp-image-19819 alignleft\" src=\"http:\/\/granadacostanacional.es\/wp-content\/uploads\/2019\/02\/gorra2-300x225.jpg\" alt=\"gorra2\" width=\"300\" height=\"225\" \/><\/a> Tambi\u00e9n solicit\u00f3 recursos para ayudar a las familias que deben desplazarse a Barcelona durante el tiempo que se prolonga el tratamiento. De hecho, Afanoc cuenta con un alojamiento gratuito, la Casa de los Xuklis, situada junto al hospital de la Vall d\u2019Hebron. To\u00f1y Castillo y el vuelo de la cometa\u00a0El aula hospitalaria y su directora la Dra To\u00f1y Castillo estuvieron como es habitual en la fiesta este a\u00f1o recaudando dinero con el libro el vuelo de la cometa a beneficio de afanoc, junto a ella, M\u00aa \u00c0ngels Molpeceres, la Dra Carme Tello, Maite Bernis, Irene Ruestes, Oscar de la Torre,Mar\u00eda Rosa Gonz\u00e1lez\u00a0 y Maria Fernanda Calero del Pozo Presidenta de Rotary Lleida<\/p>\n<p>&nbsp;<\/p>\n<p>&nbsp;<\/p>\n<p style=\"text-align: justify;\"><a href=\"http:\/\/granadacostanacional.es\/wp-content\/uploads\/2019\/02\/51732448_10218104243107101_3328612277308882944_n.jpg\"><img decoding=\"async\" loading=\"lazy\" class=\"alignnone size-medium wp-image-19811\" src=\"http:\/\/granadacostanacional.es\/wp-content\/uploads\/2019\/02\/51732448_10218104243107101_3328612277308882944_n-300x300.jpg\" alt=\"51732448_10218104243107101_3328612277308882944_n\" width=\"300\" height=\"300\" \/><\/a><a href=\"http:\/\/granadacostanacional.es\/wp-content\/uploads\/2019\/02\/52063679_10218104242867095_1684622908070035456_n.jpg\"><img decoding=\"async\" loading=\"lazy\" class=\"alignnone size-medium wp-image-19812\" src=\"http:\/\/granadacostanacional.es\/wp-content\/uploads\/2019\/02\/52063679_10218104242867095_1684622908070035456_n-300x300.jpg\" alt=\"52063679_10218104242867095_1684622908070035456_n\" width=\"300\" height=\"300\" \/><\/a><\/p>\n<p style=\"text-align: justify;\"><a href=\"https:\/\/www.facebook.com\/segueixlafesta\/photos\/a.1794524703986663\/1794530297319437\/?type=3&amp;theater\">https:\/\/www.facebook.com\/segueixlafesta\/photos\/a.1794524703986663\/1794530297319437\/?type=3&amp;theater<\/a><\/p>\n<p style=\"text-align: justify;\"><a href=\"http:\/\/granadacostanacional.es\/wp-content\/uploads\/2019\/02\/carmen-gorra.jpg\"><img decoding=\"async\" loading=\"lazy\" class=\"alignnone size-medium wp-image-19814\" src=\"http:\/\/granadacostanacional.es\/wp-content\/uploads\/2019\/02\/carmen-gorra-300x225.jpg\" alt=\"carmen gorra\" width=\"300\" height=\"225\" \/><\/a><a href=\"http:\/\/granadacostanacional.es\/wp-content\/uploads\/2019\/02\/gorra7.jpg\"><img decoding=\"async\" loading=\"lazy\" class=\"alignnone size-medium wp-image-19824\" src=\"http:\/\/granadacostanacional.es\/wp-content\/uploads\/2019\/02\/gorra7-300x225.jpg\" alt=\"gorra7\" width=\"300\" height=\"225\" \/><\/a><\/p>\n<p style=\"text-align: justify;\"><a href=\"http:\/\/granadacostanacional.es\/wp-content\/uploads\/2019\/02\/gorra1.jpg\"><img decoding=\"async\" loading=\"lazy\" class=\"alignnone size-medium wp-image-19818\" src=\"http:\/\/granadacostanacional.es\/wp-content\/uploads\/2019\/02\/gorra1-300x225.jpg\" alt=\"gorra1\" width=\"300\" height=\"225\" \/><\/a><a href=\"http:\/\/granadacostanacional.es\/wp-content\/uploads\/2019\/02\/estan3.jpg\"><img decoding=\"async\" loading=\"lazy\" class=\"alignnone size-medium wp-image-19816\" src=\"http:\/\/granadacostanacional.es\/wp-content\/uploads\/2019\/02\/estan3-300x225.jpg\" alt=\"estan3\" width=\"300\" height=\"225\" \/><\/a><\/p>\n<p style=\"text-align: justify;\"><a href=\"http:\/\/granadacostanacional.es\/wp-content\/uploads\/2019\/02\/estan-gorra.jpg\"><img decoding=\"async\" loading=\"lazy\" class=\"alignnone size-medium wp-image-19815\" src=\"http:\/\/granadacostanacional.es\/wp-content\/uploads\/2019\/02\/estan-gorra-300x225.jpg\" alt=\"estan gorra\" width=\"300\" height=\"225\" \/><\/a><a href=\"http:\/\/granadacostanacional.es\/wp-content\/uploads\/2019\/02\/52344237_1794530560652744_5126572637811638272_o.jpg\"><img decoding=\"async\" loading=\"lazy\" class=\"alignnone size-medium wp-image-19827\" src=\"http:\/\/granadacostanacional.es\/wp-content\/uploads\/2019\/02\/52344237_1794530560652744_5126572637811638272_o-300x200.jpg\" alt=\"52344237_1794530560652744_5126572637811638272_o\" width=\"300\" height=\"200\" \/><\/a><\/p>\n<p><a href=\"http:\/\/granadacostanacional.es\/wp-content\/uploads\/2019\/02\/52371716_10218118394940888_6580681129232171008_n.jpg\"><img decoding=\"async\" loading=\"lazy\" class=\"alignnone size-medium wp-image-19830 alignleft\" src=\"http:\/\/granadacostanacional.es\/wp-content\/uploads\/2019\/02\/52371716_10218118394940888_6580681129232171008_n-225x300.jpg\" alt=\"52371716_10218118394940888_6580681129232171008_n\" width=\"225\" height=\"300\" \/><\/a>La directora del Aula apoyando a la Federaci\u00f3n de Domentes de sangre de Catalu\u00f1a, en sus manos el libro del proyecto educativo &#8221; las gotas viajeras&#8221; del cual es autora.\u00a0 Aqu\u00ed con la Giganta de la Sangre.<\/p>\n<p>UNA GRAN FIESTA en beneficio de Todos.\u00a0<a href=\"http:\/\/granadacostanacional.es\/wp-content\/uploads\/2019\/02\/52983099_1794526037319863_7209518874566328320_o.jpg\"><img decoding=\"async\" loading=\"lazy\" class=\"size-medium wp-image-19829 alignleft\" src=\"http:\/\/granadacostanacional.es\/wp-content\/uploads\/2019\/02\/52983099_1794526037319863_7209518874566328320_o-300x200.jpg\" alt=\"52983099_1794526037319863_7209518874566328320_o\" width=\"300\" height=\"200\" \/><\/a><\/p>\n","protected":false},"excerpt":{"rendered":"<p>Unas 6.000 personas se pusieron ayer la gorra en la sexta edici\u00f3n del\u00a0Posa\u2019t la Gorra!, la fiesta solidaria contra el&hellip;<\/p>\n","protected":false},"author":4,"featured_media":19836,"comment_status":"open","ping_status":"open","sticky":false,"template":"","format":"standard","meta":{"om_disable_all_campaigns":false,"_mi_skip_tracking":false,"_monsterinsights_sitenote_active":false,"_monsterinsights_sitenote_note":"","_monsterinsights_sitenote_category":0,"footnotes":""},"categories":[19],"tags":[],"aioseo_notices":[],"_links":{"self":[{"href":"https:\/\/granadacostaglobal.es\/index.php?rest_route=\/wp\/v2\/posts\/19802"}],"collection":[{"href":"https:\/\/granadacostaglobal.es\/index.php?rest_route=\/wp\/v2\/posts"}],"about":[{"href":"https:\/\/granadacostaglobal.es\/index.php?rest_route=\/wp\/v2\/types\/post"}],"author":[{"embeddable":true,"href":"https:\/\/granadacostaglobal.es\/index.php?rest_route=\/wp\/v2\/users\/4"}],"replies":[{"embeddable":true,"href":"https:\/\/granadacostaglobal.es\/index.php?rest_route=%2Fwp%2Fv2%2Fcomments&post=19802"}],"version-history":[{"count":0,"href":"https:\/\/granadacostaglobal.es\/index.php?rest_route=\/wp\/v2\/posts\/19802\/revisions"}],"wp:featuredmedia":[{"embeddable":true,"href":"https:\/\/granadacostaglobal.es\/index.php?rest_route=\/"}],"wp:attachment":[{"href":"https:\/\/granadacostaglobal.es\/index.php?rest_route=%2Fwp%2Fv2%2Fmedia&parent=19802"}],"wp:term":[{"taxonomy":"category","embeddable":true,"href":"https:\/\/granadacostaglobal.es\/index.php?rest_route=%2Fwp%2Fv2%2Fcategories&post=19802"},{"taxonomy":"post_tag","embeddable":true,"href":"https:\/\/granadacostaglobal.es\/index.php?rest_route=%2Fwp%2Fv2%2Ftags&post=19802"}],"curies":[{"name":"wp","href":"https:\/\/api.w.org\/{rel}","templated":true}]}}