{"id":1979,"date":"2015-07-14T16:50:56","date_gmt":"2015-07-14T16:50:56","guid":{"rendered":"http:\/\/granadacosta.es\/?p=1979"},"modified":"2015-07-14T16:50:56","modified_gmt":"2015-07-14T16:50:56","slug":"tecnicos-de-la-consejeria-de-medio-ambiente-y-ordenacion-del-territorio-evaluan-los-danos-de-la-zona-afectada-por-el-incendio-de-gualchos","status":"publish","type":"post","link":"https:\/\/granadacostaglobal.es\/?p=1979","title":{"rendered":"T\u00e9cnicos de la Consejer\u00eda de Medio Ambiente y Ordenaci\u00f3n del Territorio eval\u00faan los da\u00f1os de la zona afectada por el incendio de Gualchos"},"content":{"rendered":"<p style=\"text-align: justify;\"><em>T\u00e9cnicos de la Delegaci\u00f3n Territorial de Agricultura, Pesca y Medio Ambiente han inspeccionado la superficie afectada por el incendio en una primera toma de contacto, para iniciar la planificaci\u00f3n de las actuaciones de regeneraci\u00f3n del entorno<\/em><\/p>\n<p>T\u00e9cnicos de la Consejer\u00eda de Medio Ambiente y Ordenaci\u00f3n del Territorio iniciaron ayer las primeras evaluaciones sobre el terreno afectado por el incendio de Gualchos. En su primera evaluaci\u00f3n de los da\u00f1os producidos en el entorno se han centrado, principalmente, sus observaciones en las afecciones en las cuencas y el estado de la vegetaci\u00f3n y masa forestal.<\/p>\n<p><a href=\"http:\/\/granadacosta.es\/wp-content\/uploads\/2015\/07\/DSC_5347.jpg\"><img decoding=\"async\" loading=\"lazy\" class=\"aligncenter size-large wp-image-1985\" src=\"http:\/\/granadacosta.es\/wp-content\/uploads\/2015\/07\/DSC_5347-1024x685.jpg\" alt=\"DSC_5347\" width=\"1024\" height=\"685\" \/><\/a><br \/>\nEl equipo de trabajo, desplazado hasta el lugar, ha realizado un vuelo de reconocimiento de la zona y comprobado la cantidad de masa forestal afectada y la posibilidad de p\u00e9rdida de suelo por erosi\u00f3n que puede producirse durante el periodo de lluvias. Tambi\u00e9n se ha estudiado las caracter\u00edticas de la vegetaci\u00f3n exitente en la zona y los futuros problemas que puedan aparecer con las lluvias del pr\u00f3ximo oto\u00f1o-invierno.<br \/>\n<a href=\"http:\/\/granadacosta.es\/wp-content\/uploads\/2015\/07\/DSC_5219.jpg\"><img decoding=\"async\" loading=\"lazy\" class=\"aligncenter size-large wp-image-1986\" src=\"http:\/\/granadacosta.es\/wp-content\/uploads\/2015\/07\/DSC_5219-685x1024.jpg\" alt=\"DSC_5219\" width=\"685\" height=\"1024\" \/><\/a><br \/>\nLa zona afectada presenta importantes y fuertes pendientes que van desde la cima de la Sierra de L\u00fajar hasta pr\u00e1cticamente el tramo final de la Rambla de Gualchos Castell de Ferro. Esta zona, al perder la protecci\u00f3n de la cubierta vegetal, se encuentra en un estado de r\u00e1pida erosi\u00f3n ante fen\u00f3menos meteorol\u00f3gicos, con la consiguiente e irreparable p\u00e9rdida de suelo.<\/p>\n<p><a href=\"http:\/\/granadacosta.es\/wp-content\/uploads\/2015\/07\/Panorama-1-Lujar.jpg\"><img decoding=\"async\" loading=\"lazy\" class=\"aligncenter size-large wp-image-1983\" src=\"http:\/\/granadacosta.es\/wp-content\/uploads\/2015\/07\/Panorama-1-Lujar-1024x875.jpg\" alt=\"Panorama 1 Lujar\" width=\"1024\" height=\"875\" \/><\/a><br \/>\nEl equipo de trabajo ha valorado la importancia del bosque de alcornoques existente en la zona afectada, al ser \u00e9ste una de las masas de alcornoque m\u00e1s meridional de Europa. El alcornoque al ser una vegetaci\u00f3n propia mediterr\u00e1nea se estima que podr\u00e1 recuperarse con su propia regeneraci\u00f3n natural. Desde la Junta se estudiar\u00e1 la f\u00f3rmula de actuaci\u00f3n que mejor se adapte al entorno.<br \/>\n<a href=\"http:\/\/granadacosta.es\/wp-content\/uploads\/2015\/07\/DSC_5109.jpg\"><img decoding=\"async\" loading=\"lazy\" class=\"aligncenter size-large wp-image-1982\" src=\"http:\/\/granadacosta.es\/wp-content\/uploads\/2015\/07\/DSC_5109-685x1024.jpg\" alt=\"DSC_5109\" width=\"685\" height=\"1024\" \/><\/a><br \/>\nLa Consejer\u00eda de Medio Ambiente y Ordenaci\u00f3n del Territorio comenzar\u00e1 la redacci\u00f3n de los proyectos y actuaciones de recuperaci\u00f3n y restauraci\u00f3n de la zona afectada por el incendio tras la valoraci\u00f3n del informe t\u00e9cnico de los da\u00f1os.<br \/>\n<a href=\"http:\/\/granadacosta.es\/wp-content\/uploads\/2015\/07\/DSC_5118.jpg\"><img decoding=\"async\" loading=\"lazy\" class=\"aligncenter size-large wp-image-1981\" src=\"http:\/\/granadacosta.es\/wp-content\/uploads\/2015\/07\/DSC_5118-685x1024.jpg\" alt=\"DSC_5118\" width=\"685\" height=\"1024\" \/><\/a><br \/>\nParalelamente, t\u00e9cnicos de la Delegaci\u00f3n de Agricultura, Pesca y Medio Ambiente de la Oficina Comarcal Agraria de Motril han iniciado, desde el pasado viernes, los trabajos de valoraci\u00f3n de los da\u00f1os en las explotaciones agr\u00edcolas y ganaderas de la zona afecta por el incendio de Gualchos. Del mismo modo, tambi\u00e9n se est\u00e1n valorando los invernaderos, cultivos de olivar y almendros para elaborar el informe de da\u00f1os que se elevar\u00e1 al Ministerio de Agricultura.<\/p>\n<p style=\"text-align: justify;\"><a href=\"http:\/\/granadacosta.es\/wp-content\/uploads\/2015\/07\/DSC_5131.jpg\"><img decoding=\"async\" loading=\"lazy\" class=\"aligncenter size-large wp-image-1980\" src=\"http:\/\/granadacosta.es\/wp-content\/uploads\/2015\/07\/DSC_5131-1024x685.jpg\" alt=\"DSC_5131\" width=\"1024\" height=\"685\" \/><\/a><\/p>\n","protected":false},"excerpt":{"rendered":"<p>T\u00e9cnicos de la Delegaci\u00f3n Territorial de Agricultura, Pesca y Medio Ambiente han inspeccionado la superficie afectada por el incendio en&hellip;<\/p>\n","protected":false},"author":2,"featured_media":1984,"comment_status":"open","ping_status":"open","sticky":false,"template":"","format":"standard","meta":{"om_disable_all_campaigns":false,"_mi_skip_tracking":false,"_monsterinsights_sitenote_active":false,"_monsterinsights_sitenote_note":"","_monsterinsights_sitenote_category":0,"footnotes":""},"categories":[22],"tags":[],"aioseo_notices":[],"_links":{"self":[{"href":"https:\/\/granadacostaglobal.es\/index.php?rest_route=\/wp\/v2\/posts\/1979"}],"collection":[{"href":"https:\/\/granadacostaglobal.es\/index.php?rest_route=\/wp\/v2\/posts"}],"about":[{"href":"https:\/\/granadacostaglobal.es\/index.php?rest_route=\/wp\/v2\/types\/post"}],"author":[{"embeddable":true,"href":"https:\/\/granadacostaglobal.es\/index.php?rest_route=\/wp\/v2\/users\/2"}],"replies":[{"embeddable":true,"href":"https:\/\/granadacostaglobal.es\/index.php?rest_route=%2Fwp%2Fv2%2Fcomments&post=1979"}],"version-history":[{"count":0,"href":"https:\/\/granadacostaglobal.es\/index.php?rest_route=\/wp\/v2\/posts\/1979\/revisions"}],"wp:featuredmedia":[{"embeddable":true,"href":"https:\/\/granadacostaglobal.es\/index.php?rest_route=\/"}],"wp:attachment":[{"href":"https:\/\/granadacostaglobal.es\/index.php?rest_route=%2Fwp%2Fv2%2Fmedia&parent=1979"}],"wp:term":[{"taxonomy":"category","embeddable":true,"href":"https:\/\/granadacostaglobal.es\/index.php?rest_route=%2Fwp%2Fv2%2Fcategories&post=1979"},{"taxonomy":"post_tag","embeddable":true,"href":"https:\/\/granadacostaglobal.es\/index.php?rest_route=%2Fwp%2Fv2%2Ftags&post=1979"}],"curies":[{"name":"wp","href":"https:\/\/api.w.org\/{rel}","templated":true}]}}