{"id":19767,"date":"2019-02-18T12:47:18","date_gmt":"2019-02-18T12:47:18","guid":{"rendered":"http:\/\/granadacostanacional.es\/?p=19767"},"modified":"2019-02-18T12:47:18","modified_gmt":"2019-02-18T12:47:18","slug":"guadalinfo-facilita-a-524-personas-extranjeras-el-acceso-al-curso-on-line-para-obtener-el-informe-positivo-de-esfuerzo-de-integracion","status":"publish","type":"post","link":"https:\/\/granadacostaglobal.es\/?p=19767","title":{"rendered":"Guadalinfo facilita a 524 personas extranjeras el acceso al curso on line para obtener el informe positivo de esfuerzo de integraci\u00f3n"},"content":{"rendered":"<ul>\n<li style=\"text-align: justify;\"><strong>En virtud del convenio entre Consorcio Fernando de los R\u00edos y Pol\u00edticas Migratorias, desde diciembre de 2016 han accedido a esta formaci\u00f3n on line, 978 personas (524 en el \u00faltimo a\u00f1o)<\/strong><\/li>\n<\/ul>\n<p style=\"text-align: justify;\"><strong>\u00a0<\/strong><\/p>\n<ul style=\"text-align: justify;\">\n<li><strong>Las 359 personas que consignaron provincia de acceso, lo hicieron desde centros Guadalinfo de C\u00f3rdoba (73), M\u00e1laga (69), C\u00e1diz (54), Sevilla (52), Granada (45), Ja\u00e9n (34), Almer\u00eda (17) y Huelva (15) <\/strong><\/li>\n<\/ul>\n<p style=\"text-align: justify;\"><strong>\u00a0<\/strong><\/p>\n<p style=\"text-align: justify;\">Granada, 18 de febrero de 2019. <a href=\"http:\/\/www.consorciofernandodelosrios.es\/actualidad\/curso-online-abre-la-poblacion-extranjera-la-posibilidad-obtener-informe-positivo-esfuerzo-integracion\/\">Un convenio de colaboraci\u00f3n entre la Direcci\u00f3n General de Coordinaci\u00f3n de Pol\u00edticas Migratorias y el Consorcio Fernando de los R\u00edos<\/a> (entidad que gestiona Guadalinfo por encargo de las diputaciones y la Junta de Andaluc\u00eda), ha hecho posible a 524 personas extranjeras el acceso al curso on line para la obtenci\u00f3n del informe positivo de esfuerzo de integraci\u00f3n en Andaluc\u00eda durante 2018. Un acuerdo firmado entre la Direcci\u00f3n General de Pol\u00edticas Migratorias y la del Consorcio Fernando de los R\u00edos, con el que la Red Guadalinfo cumple con su labor de <strong>contribuir a la inclusi\u00f3n de las personas inmigrantes, mejorar la calidad de vida y garantizar la igualdad de oportunidades de todos los ciudadanos con ayuda de las Tecnolog\u00edas de la Informaci\u00f3n y la Comunicaci\u00f3n (TIC).<\/strong><\/p>\n<p style=\"text-align: justify;\">\n<p style=\"text-align: justify;\">Fruto de esta iniciativa se puso en diciembre de 2016 a disposici\u00f3n de la poblaci\u00f3n extranjera en los centros de la Red Guadalinfo, la oportunidad de <a href=\"http:\/\/blog.guadalinfo.es\/activo-el-curso-on-line-que-permite-a-la-poblacion-extranjera-obtener-el-informe-positivo-de-esfuerzo-de-integracion\/\">acceder gratuitamente a esta acci\u00f3n formativa online,<\/a> y<strong> conseguir el documento obligatorio para llevar a cabo la\u00a0renovaci\u00f3n de las autorizaciones de residencia temporal<\/strong>. Las personas interesadas han podido acceder en los centros a conexi\u00f3n a internet, a equipos inform\u00e1ticos y a asistencia por parte de los Agentes de Innovaci\u00f3n Local. <strong>Hasta enero de 2019 han tramitado la matr\u00edcula de acceso a este curso en Andaluc\u00eda 978 personas (524 en el \u00faltimo a\u00f1o). <\/strong><\/p>\n<p style=\"text-align: justify;\"><a href=\"http:\/\/granadacostanacional.es\/wp-content\/uploads\/2019\/02\/Triptico_Integracion-1.jpg\"><img decoding=\"async\" loading=\"lazy\" class=\"aligncenter size-large wp-image-19774\" src=\"http:\/\/granadacostanacional.es\/wp-content\/uploads\/2019\/02\/Triptico_Integracion-1-1024x724.jpg\" alt=\"Triptico_Integracion-1\" width=\"1024\" height=\"724\" \/><\/a><\/p>\n<p style=\"text-align: justify;\"><strong>En el \u00faltimo a\u00f1o 303 personas han conseguido el certificado<\/strong> como aptos: 183 mujeres y 110 hombres(*) procedentes de pa\u00edses como Argentina, Belarus, Bolivia, Brasil, Chile, China, Colombia, Cuba, El Salvador, Filipinas, Gambia, Ghana, Italia, Mali, Marruecos,\u00a0 M\u00e9xico, Nigeria, Pakist\u00e1n, Paraguay, Per\u00fa, Portugal, Reino Unido, Rep\u00fablica Dominicana, Ruman\u00eda, Rusia, Senegal, Ucrania y Venezuela<strong>. <\/strong><\/p>\n<p style=\"text-align: justify;\"><u>(*) 10 personas no consignaron sexo<\/u><\/p>\n<p style=\"text-align: justify;\">\n<p style=\"text-align: justify;\">El curso est\u00e1 activo en la secci\u00f3n de Guadalinfo dentro de la plataforma de teleformaci\u00f3n de Andaluc\u00eda es digital (<a href=\"http:\/\/www.andaluciaesdigital.es\/web\/formacion\">http:\/\/www.andaluciaesdigital.es\/web\/formacion<\/a>) y del Moodle de la Junta (<a href=\"http:\/\/www.aulavirtual.andaluciaesdigital.es\/auth\/saml\/login.php\">http:\/\/www.aulavirtual.andaluciaesdigital.es\/auth\/saml\/login.php<\/a>). El \u00fanico requisito para su realizaci\u00f3n es el registro previo como usuario de www.guadalinfo.es para acceder a las citadas plataformas.<\/p>\n<p style=\"text-align: justify;\">\n<p style=\"text-align: justify;\">El formato sigue metodolog\u00eda Mooc, autoformativa (no es necesario tutor) y est\u00e1 a disposici\u00f3n de cualquier persona a trav\u00e9s de Internet. La formaci\u00f3n gira en torno a temas como el conocimiento y respeto de los valores constitucionales de Espa\u00f1a, los valores estatutarios de la Comunidad Aut\u00f3noma en que se resida, sobre la Uni\u00f3n Europea, los derechos humanos, las libertades p\u00fablicas, la democracia, la tolerancia y la igualdad entre mujeres y hombres, as\u00ed como el aprendizaje de las lenguas oficiales del lugar de residencia. El curso dura 20h y una vez finalizado, permite al usuario poder descargar el diploma autom\u00e1ticamente desde la plataforma.<\/p>\n<p style=\"text-align: justify;\">\n<p style=\"text-align: justify;\">\n<p style=\"text-align: justify;\">\n<p style=\"text-align: justify;\"><strong>Distribuci\u00f3n provincial: <\/strong><\/p>\n<p style=\"text-align: justify;\">\n<p style=\"text-align: justify;\">De las 524 personas matriculadas el \u00faltimo a\u00f1o 165 no consignaron provincia.\u00a0 359 personas s\u00ed lo hicieron con la siguiente distribuci\u00f3n<\/p>\n<p style=\"text-align: justify;\">\n<p style=\"text-align: justify;\">\n<table width=\"0\">\n<tbody>\n<tr>\n<td width=\"86\">Almer\u00eda<\/td>\n<td width=\"58\">17<\/td>\n<\/tr>\n<tr>\n<td width=\"86\">C\u00e1diz<\/td>\n<td width=\"58\">54<\/td>\n<\/tr>\n<tr>\n<td width=\"86\">C\u00f3rdoba<\/td>\n<td width=\"58\">73<\/td>\n<\/tr>\n<tr>\n<td width=\"86\">Granada<\/td>\n<td width=\"58\">45<\/td>\n<\/tr>\n<tr>\n<td width=\"86\">Huelva<\/td>\n<td width=\"58\">15<\/td>\n<\/tr>\n<tr>\n<td width=\"86\">Ja\u00e9n<\/td>\n<td width=\"58\">34<\/td>\n<\/tr>\n<tr>\n<td width=\"86\">M\u00e1laga<\/td>\n<td width=\"58\">69<\/td>\n<\/tr>\n<tr>\n<td width=\"86\">Sevilla<\/td>\n<td width=\"58\">52<\/td>\n<\/tr>\n<tr>\n<td width=\"86\">Total<\/td>\n<td width=\"58\">359<\/td>\n<\/tr>\n<\/tbody>\n<\/table>\n<p style=\"text-align: justify;\">\n<p style=\"text-align: justify;\"><strong>Guadalinfo en Granada:<\/strong><\/p>\n<p style=\"text-align: justify;\">El Consorcio Fernando de los R\u00edos (por encargo de las ocho diputaciones provinciales y la Junta de Andaluc\u00eda) gestiona Guadalinfo, red p\u00fablica de centros TIC cuyo objetivo es garantizar la igualdad de oportunidades en el acceso a la tecnolog\u00eda. Los centros Guadalinfo (en ayuntamientos menores de 20.000 habitantes y en las barriadas menos favorecidas de poblaciones mayores) ofrecen servicios TIC y capacitaci\u00f3n en competencias digitales. Asesoran a los usuarios en sus proyectos\u00a0 e impulsan iniciativas colectivas de dinamizaci\u00f3n social, sensibilizaci\u00f3n comunitaria y promoci\u00f3n del entorno. Act\u00faan en empleabilidad, alfabetizaci\u00f3n digital, promoci\u00f3n de la cultura innovadora, participaci\u00f3n ciudadana, mejora de la calidad de vida, emprendimiento, digitalizaci\u00f3n empresarial y administraci\u00f3n electr\u00f3nica. En Granada esa labor se realiza desde 177 centros en la provincia, que organizaron 24.526 actividades de enero a diciembre de 2018. La Red Guadalinfo cuenta con m\u00e1s de un mill\u00f3n de usuarios a los que oferta mensualmente una media superior a las 8.000 actividades. Y ha recibido 764 solicitudes a la Orden de subvenciones actualmente vigente dirigida a la apertura, dinamizaci\u00f3n y mantenimiento de los centros y financiada por la Junta de Andaluc\u00eda, a trav\u00e9s de la Consejer\u00eda de Empleo, Empresa y Comercio, y las ocho Diputaciones Provinciales. Dichas solicitudes corresponden a 706 entidades locales y ELA, y a 58 organizaciones sin \u00e1nimo de lucro, que trabajan en zonas con necesidades de transformaci\u00f3n social ubicadas en poblaciones mayores de 20.000 habitantes.<\/p>\n<p style=\"text-align: justify;\"><strong>\u00a0<a href=\"http:\/\/granadacostanacional.es\/wp-content\/uploads\/2019\/02\/Cartel-INTEGRACION_1-03.jpg\"><img decoding=\"async\" loading=\"lazy\" class=\"aligncenter size-large wp-image-19772\" src=\"http:\/\/granadacostanacional.es\/wp-content\/uploads\/2019\/02\/Cartel-INTEGRACION_1-03-736x1024.jpg\" alt=\"Imprimir\" width=\"736\" height=\"1024\" \/><\/a><\/strong><\/p>\n<ul style=\"text-align: justify;\">\n<li><strong>M\u00e1s informaci\u00f3n:<\/strong><\/li>\n<\/ul>\n<p style=\"text-align: justify;\">\n<p style=\"text-align: justify;\"><strong>Contacto con los centros<\/strong>: En\u00a0<a href=\"http:\/\/www.guadalinfo.es\/centros\">www.guadalinfo.es\/centros<\/a><\/p>\n<p style=\"text-align: justify;\"><a href=\"http:\/\/www.consorciofernandodelosrios.es\/\">www.consorciofernandodelosrios.es<\/a>\u00a0y\u00a0<a href=\"http:\/\/www.guadalinfo.es\/\">www.guadalinfo.es<\/a><\/p>\n<p style=\"text-align: justify;\">Responsable de Comunicaci\u00f3n del Consorcio Fernando de los R\u00edos: Cristina Vera Peinado (cvpeinado@guadalinfo.es \/ 671 56 35 57)<\/p>\n","protected":false},"excerpt":{"rendered":"<p>En virtud del convenio entre Consorcio Fernando de los R\u00edos y Pol\u00edticas Migratorias, desde diciembre de 2016 han accedido a&hellip;<\/p>\n","protected":false},"author":3,"featured_media":19770,"comment_status":"open","ping_status":"open","sticky":false,"template":"","format":"standard","meta":{"om_disable_all_campaigns":false,"_mi_skip_tracking":false,"_monsterinsights_sitenote_active":false,"_monsterinsights_sitenote_note":"","_monsterinsights_sitenote_category":0,"footnotes":""},"categories":[22],"tags":[],"aioseo_notices":[],"_links":{"self":[{"href":"https:\/\/granadacostaglobal.es\/index.php?rest_route=\/wp\/v2\/posts\/19767"}],"collection":[{"href":"https:\/\/granadacostaglobal.es\/index.php?rest_route=\/wp\/v2\/posts"}],"about":[{"href":"https:\/\/granadacostaglobal.es\/index.php?rest_route=\/wp\/v2\/types\/post"}],"author":[{"embeddable":true,"href":"https:\/\/granadacostaglobal.es\/index.php?rest_route=\/wp\/v2\/users\/3"}],"replies":[{"embeddable":true,"href":"https:\/\/granadacostaglobal.es\/index.php?rest_route=%2Fwp%2Fv2%2Fcomments&post=19767"}],"version-history":[{"count":0,"href":"https:\/\/granadacostaglobal.es\/index.php?rest_route=\/wp\/v2\/posts\/19767\/revisions"}],"wp:featuredmedia":[{"embeddable":true,"href":"https:\/\/granadacostaglobal.es\/index.php?rest_route=\/"}],"wp:attachment":[{"href":"https:\/\/granadacostaglobal.es\/index.php?rest_route=%2Fwp%2Fv2%2Fmedia&parent=19767"}],"wp:term":[{"taxonomy":"category","embeddable":true,"href":"https:\/\/granadacostaglobal.es\/index.php?rest_route=%2Fwp%2Fv2%2Fcategories&post=19767"},{"taxonomy":"post_tag","embeddable":true,"href":"https:\/\/granadacostaglobal.es\/index.php?rest_route=%2Fwp%2Fv2%2Ftags&post=19767"}],"curies":[{"name":"wp","href":"https:\/\/api.w.org\/{rel}","templated":true}]}}