{"id":19736,"date":"2019-02-18T12:23:02","date_gmt":"2019-02-18T12:23:02","guid":{"rendered":"http:\/\/granadacostanacional.es\/?p=19736"},"modified":"2019-02-18T12:23:02","modified_gmt":"2019-02-18T12:23:02","slug":"cometas-con-deseos-vuelan-por-ninos-con-cancer-una-sesion-matinal","status":"publish","type":"post","link":"https:\/\/granadacostaglobal.es\/?p=19736","title":{"rendered":"cometas con deseos vuelan por ni\u00f1os con c\u00e1ncer, una sesi\u00f3n matinal"},"content":{"rendered":"<p><strong>Las cometas han volado uniendo deseos y esperanzas en un mundo sin fronteras.<\/strong><\/p>\n<p>&nbsp;<\/p>\n<p><a href=\"http:\/\/granadacostanacional.es\/wp-content\/uploads\/2019\/02\/portada.jpg\"><img decoding=\"async\" loading=\"lazy\" class=\"size-medium wp-image-19656 alignleft\" src=\"http:\/\/granadacostanacional.es\/wp-content\/uploads\/2019\/02\/portada-200x300.jpg\" alt=\"portada\" width=\"200\" height=\"300\" \/><\/a><\/p>\n<p style=\"text-align: justify;\">\u00a0Apoyando la Campa\u00f1a de AFANOC, asociaci\u00f3n de Familiares y ni\u00f1os con enfermedades ontol\u00f3gicas. El cuento del proyecto\u00a0el vuelo de la cometa nace en el aula hospitalaria dr. Antoni Cambrod\u00ed del Hospital Arnau de Vilanova de Lleida. La Autora nuestra Directora de La Academia la <strong>Dra. To\u00f1y Castillo Mel\u00e9ndez<\/strong>\u00a0 y como\u00a0 ilustrador el director de la Escuela hospitalaria de Puerto Mont el profesor chileno <strong>Don Felipe Ram\u00edrez Godoy\u00a0&#8220;El vuelo de la cometa&#8221;<\/strong>,\u00a0\u00a0un cuento los beneficios del cual se destinar\u00e1n \u00edntegramente a la delegaci\u00f3n leridana de la Asociaci\u00f3n de Familiares de Ni\u00f1os Oncol\u00f3gicos de Catalu\u00f1a (AFANOC), que trabaja para mejorar la calidad de vida de los ni\u00f1os y adolescentes con c\u00e1ncer y sus familias.<\/p>\n<p style=\"text-align: justify;\"><a href=\"http:\/\/granadacostanacional.es\/wp-content\/uploads\/2019\/02\/52729401_10218084744939659_1305912616262041600_n.jpg\"><img decoding=\"async\" loading=\"lazy\" class=\"size-medium wp-image-19759 alignleft\" src=\"http:\/\/granadacostanacional.es\/wp-content\/uploads\/2019\/02\/52729401_10218084744939659_1305912616262041600_n-225x300.jpg\" alt=\"52729401_10218084744939659_1305912616262041600_n\" width=\"225\" height=\"300\" \/><\/a><br \/>\nPor la ma\u00f1ana a las\u00a0 se realiz\u00f3\u00a0 una lectura de fragmentos del cuento, con la participaci\u00f3n de 500 escolares a los Camps Eliseos entre los centros Educativos de L\u00e9rida y provincia participantes estaban :\u00a0 Frederic\u00a0God\u00e0s,\u00a0Franceso\u00a0Tonucci , Mangraners, Maristes Montserrat y el Instituto Agrario De Mollerusa.\u00a0Por su parte, el\u00a0AFANOC\u00a0hizo\u00a0 un reconocimiento en la escuela Mangraner de Lleida por su proyecto de m\u00fasica transversal en todas las materias. Precisamente, la fiesta Ponte la gorra de\u00a0AFANOC, que se ha celebrado\u00a0 en la\u00a0 SEU VELLA (Castillo)\u00a0 de Lleida\u00a0 \u00a0ha estado\u00a0 dedicada a la m\u00fasica.\u00a0 \u00a0 \u00a0 \u00a0 \u00a0 \u00a0 \u00a0 \u00a0 \u00a0 \u00a0 \u00a0 \u00a0 \u00a0 \u00a0 \u00a0 \u00a0 \u00a0 \u00a0 \u00a0 \u00a0 \u00a0 \u00a0 \u00a0 \u00a0 \u00a0 \u00a0 \u00a0 \u00a0 \u00a0 \u00a0 \u00a0 \u00a0 \u00a0 \u00a0 \u00a0 \u00a0 \u00a0 \u00a0 \u00a0 \u00a0 \u00a0 \u00a0 \u00a0 \u00a0 \u00a0 \u00a0 \u00a0 \u00a0 \u00a0 \u00a0 \u00a0 \u00a0 A los Jardines se desplazaron la Directora To\u00f1y Castillo, el profesor de magia Oscar de la Torre, La colaboradora de M\u00fasica M\u00aa \u00c0ngeles Molpeceres, Juditd Ari\u00f1o Alumna en Practicas, Voluntarias, Ari y Zulema, miembros de Afanoc, Maite Monta\u00f1es Presidenta de Afanoc.<\/p>\n<p><a href=\"http:\/\/granadacostanacional.es\/wp-content\/uploads\/2019\/02\/b55b8c85-f4c4-4484-9714-4da33b1844b0.jpg\"><img decoding=\"async\" loading=\"lazy\" class=\"alignnone size-medium wp-image-19761 alignleft\" src=\"http:\/\/granadacostanacional.es\/wp-content\/uploads\/2019\/02\/b55b8c85-f4c4-4484-9714-4da33b1844b0-225x300.jpg\" alt=\"b55b8c85-f4c4-4484-9714-4da33b1844b0\" width=\"225\" height=\"300\" \/><\/a>Alumnas de pasant\u00eda llegadas desde CHILE\u00a0 Carolina Soto Castro, Katherine Johansson Aula Hospitalaria Cl\u00ednica Santa Mar\u00eda. Santiago .Yoselin Cisternas Castillo, Aula Hospitalaria San Antonio de Antofagasta.\u00a0Aida Cort\u00e9s Palma,\u00a0Aula Hospitalaria Coquimbo-La Serena.Valentina Cantillana Contreras,\u00a0Maritza Jara\u00a0 de la Escuela Hospitalaria el Carmen de Maip\u00fa, Santiago.Que desraron conocer los proyectos que se realizan desde el aula hospitalaria a nivel Internacional, as\u00ed como las lineas de funcionamiento.<\/p>\n<p style=\"text-align: justify;\">Alumnas de ellas realizan el M\u00e1ster Pedagog\u00eda Hospitalaria a lo largo de la vida que dirige la Dra, M\u00aa Cruz Molina en la Universidad de Barcelona y en el cual la Directora del Aula de Lleida la Dra To\u00f1y Castillo colabora como profesora.<\/p>\n<h1><\/h1>\n<p style=\"text-align: justify;\"><a href=\"http:\/\/granadacostanacional.es\/wp-content\/uploads\/2019\/02\/52558957_10218084744299643_8131682223129624576_n.jpg\"><img decoding=\"async\" loading=\"lazy\" class=\"alignnone size-medium wp-image-19757 alignleft\" src=\"http:\/\/granadacostanacional.es\/wp-content\/uploads\/2019\/02\/52558957_10218084744299643_8131682223129624576_n-300x225.jpg\" alt=\"52558957_10218084744299643_8131682223129624576_n\" width=\"300\" height=\"225\" \/><\/a><\/p>\n<p style=\"text-align: justify;\">Asi como contamos con la prestigiosa autoridad internacional en Pedagog\u00eda Hospitalaria\u00a0 Don Tom\u00e1s Arredondo del Ministerio de Chile que entre otros cargos regenta el de\u00a0Sr. Don Tom\u00e1s Arredondo, coordinador de Escuelas Hospitalarias del Ministerio de Educaci\u00f3n de Chile y miembro de REDLACEH (Red Latinomericana y del Caribe por el derecho a la educaci\u00f3n del ni\u00f1o o joven en situaci\u00f3n de enfermedad) y su vinculanci\u00f3n a la pedagog\u00eda hospitalaria a nivel mundial.<\/p>\n<p>&nbsp;<\/p>\n<p>&nbsp;<\/p>\n<p>&nbsp;<\/p>\n<p style=\"text-align: justify;\"><a href=\"http:\/\/granadacostanacional.es\/wp-content\/uploads\/2019\/02\/d0863c4a-d4d6-4608-89ab-e6dec8aa1aae.jpg\"><img decoding=\"async\" loading=\"lazy\" class=\"alignnone size-medium wp-image-19748\" src=\"http:\/\/granadacostanacional.es\/wp-content\/uploads\/2019\/02\/d0863c4a-d4d6-4608-89ab-e6dec8aa1aae-300x225.jpg\" alt=\"d0863c4a-d4d6-4608-89ab-e6dec8aa1aae\" width=\"300\" height=\"225\" \/><\/a><a href=\"http:\/\/granadacostanacional.es\/wp-content\/uploads\/2019\/02\/cadd1f3f-e441-4895-b781-a2b3ee8b36e9.jpg\"><img decoding=\"async\" loading=\"lazy\" class=\"alignnone size-medium wp-image-19747\" src=\"http:\/\/granadacostanacional.es\/wp-content\/uploads\/2019\/02\/cadd1f3f-e441-4895-b781-a2b3ee8b36e9-300x225.jpg\" alt=\"cadd1f3f-e441-4895-b781-a2b3ee8b36e9\" width=\"300\" height=\"225\" \/><\/a><a href=\"http:\/\/granadacostanacional.es\/wp-content\/uploads\/2019\/02\/3d6d1d52-8efb-41f7-a817-9e6985dad8d4.jpg\"><img decoding=\"async\" loading=\"lazy\" class=\"alignnone size-medium wp-image-19749\" src=\"http:\/\/granadacostanacional.es\/wp-content\/uploads\/2019\/02\/3d6d1d52-8efb-41f7-a817-9e6985dad8d4-300x225.jpg\" alt=\"3d6d1d52-8efb-41f7-a817-9e6985dad8d4\" width=\"300\" height=\"225\" \/><\/a><a href=\"http:\/\/granadacostanacional.es\/wp-content\/uploads\/2019\/02\/a7ef26ed-c495-4984-a7d8-442086e36672.jpg\"><img decoding=\"async\" loading=\"lazy\" class=\"alignnone size-medium wp-image-19750\" src=\"http:\/\/granadacostanacional.es\/wp-content\/uploads\/2019\/02\/a7ef26ed-c495-4984-a7d8-442086e36672-300x225.jpg\" alt=\"a7ef26ed-c495-4984-a7d8-442086e36672\" width=\"300\" height=\"225\" \/><\/a><a href=\"http:\/\/granadacostanacional.es\/wp-content\/uploads\/2019\/02\/51816628_10218084742579600_5463056168375025664_n.jpg\"><img decoding=\"async\" loading=\"lazy\" class=\"alignnone size-medium wp-image-19752\" src=\"http:\/\/granadacostanacional.es\/wp-content\/uploads\/2019\/02\/51816628_10218084742579600_5463056168375025664_n-300x225.jpg\" alt=\"51816628_10218084742579600_5463056168375025664_n\" width=\"300\" height=\"225\" \/><\/a><a href=\"http:\/\/granadacostanacional.es\/wp-content\/uploads\/2019\/02\/52126786_10218084744539649_1942016269439991808_o.jpg\"><img decoding=\"async\" loading=\"lazy\" class=\"alignnone size-medium wp-image-19753\" src=\"http:\/\/granadacostanacional.es\/wp-content\/uploads\/2019\/02\/52126786_10218084744539649_1942016269439991808_o-300x225.jpg\" alt=\"52126786_10218084744539649_1942016269439991808_o\" width=\"300\" height=\"225\" \/><\/a><\/p>\n<p style=\"text-align: justify;\">Cometas llegadas de miles de ni\u00f1os durante la semana volaban esperanzadas.<\/p>\n<p>&nbsp;<\/p>\n<p>&nbsp;<\/p>\n","protected":false},"excerpt":{"rendered":"<p>Las cometas han volado uniendo deseos y esperanzas en un mundo sin fronteras. &nbsp; \u00a0Apoyando la Campa\u00f1a de AFANOC, asociaci\u00f3n&hellip;<\/p>\n","protected":false},"author":4,"featured_media":19762,"comment_status":"open","ping_status":"open","sticky":false,"template":"","format":"standard","meta":{"om_disable_all_campaigns":false,"_mi_skip_tracking":false,"_monsterinsights_sitenote_active":false,"_monsterinsights_sitenote_note":"","_monsterinsights_sitenote_category":0,"footnotes":""},"categories":[25,21,35,22,19,30],"tags":[],"aioseo_notices":[],"_links":{"self":[{"href":"https:\/\/granadacostaglobal.es\/index.php?rest_route=\/wp\/v2\/posts\/19736"}],"collection":[{"href":"https:\/\/granadacostaglobal.es\/index.php?rest_route=\/wp\/v2\/posts"}],"about":[{"href":"https:\/\/granadacostaglobal.es\/index.php?rest_route=\/wp\/v2\/types\/post"}],"author":[{"embeddable":true,"href":"https:\/\/granadacostaglobal.es\/index.php?rest_route=\/wp\/v2\/users\/4"}],"replies":[{"embeddable":true,"href":"https:\/\/granadacostaglobal.es\/index.php?rest_route=%2Fwp%2Fv2%2Fcomments&post=19736"}],"version-history":[{"count":0,"href":"https:\/\/granadacostaglobal.es\/index.php?rest_route=\/wp\/v2\/posts\/19736\/revisions"}],"wp:featuredmedia":[{"embeddable":true,"href":"https:\/\/granadacostaglobal.es\/index.php?rest_route=\/"}],"wp:attachment":[{"href":"https:\/\/granadacostaglobal.es\/index.php?rest_route=%2Fwp%2Fv2%2Fmedia&parent=19736"}],"wp:term":[{"taxonomy":"category","embeddable":true,"href":"https:\/\/granadacostaglobal.es\/index.php?rest_route=%2Fwp%2Fv2%2Fcategories&post=19736"},{"taxonomy":"post_tag","embeddable":true,"href":"https:\/\/granadacostaglobal.es\/index.php?rest_route=%2Fwp%2Fv2%2Ftags&post=19736"}],"curies":[{"name":"wp","href":"https:\/\/api.w.org\/{rel}","templated":true}]}}