{"id":19672,"date":"2019-02-01T12:56:06","date_gmt":"2019-02-01T12:56:06","guid":{"rendered":"http:\/\/granadacostanacional.es\/?p=19672"},"modified":"2019-02-01T12:56:06","modified_gmt":"2019-02-01T12:56:06","slug":"primeras-rutas-poeticas-2019-16-de-enero-en-palma-de-mallorca","status":"publish","type":"post","link":"https:\/\/granadacostaglobal.es\/?p=19672","title":{"rendered":"Primeras Rutas Po\u00e9ticas 2019: 16 de enero en Palma de Mallorca"},"content":{"rendered":"<p style=\"text-align: justify;\">Queridos compa\u00f1eros, como m\u00e1xima responsable por el cargo que ocupo dentro del Proyecto Nacional de Cultura Granada Costa, de Delegada Nacional de Poes\u00eda, os puedo decir que la inauguraci\u00f3n de las Rutas Po\u00e9ticas el pasado d\u00eda 16 de enero en horario de 17 a 20 horas fue un \u00e9xito total. En todos los sentidos. Primero, nuestros compa\u00f1eros de Mallorca participaron masivamente y todos se alegraron de que estas Rutas comenzasen en Palma de Mallorca. Al mismo tiempo, que la pluralidad de las lenguas espa\u00f1olas, en este caso con el castellano y mallorqu\u00edn, estuviese presente.<\/p>\n<p style=\"text-align: justify;\"><a href=\"http:\/\/granadacostanacional.es\/wp-content\/uploads\/2019\/02\/DSC_6240.jpg\"><img decoding=\"async\" loading=\"lazy\" class=\"aligncenter size-large wp-image-19674\" src=\"http:\/\/granadacostanacional.es\/wp-content\/uploads\/2019\/02\/DSC_6240-1024x942.jpg\" alt=\"DSC_6240\" width=\"1024\" height=\"942\" \/><\/a><\/p>\n<p style=\"text-align: justify;\">\n<p style=\"text-align: justify;\"><a href=\"http:\/\/granadacostanacional.es\/wp-content\/uploads\/2019\/02\/DSC_6374.jpg\"><img decoding=\"async\" loading=\"lazy\" class=\"aligncenter size-large wp-image-19675\" src=\"http:\/\/granadacostanacional.es\/wp-content\/uploads\/2019\/02\/DSC_6374-1024x838.jpg\" alt=\"DSC_6374\" width=\"1024\" height=\"838\" \/><\/a><\/p>\n<p style=\"text-align: justify;\">\n<p style=\"text-align: justify;\"><a href=\"http:\/\/granadacostanacional.es\/wp-content\/uploads\/2019\/02\/DSC_6356.jpg\"><img decoding=\"async\" loading=\"lazy\" class=\"aligncenter size-large wp-image-19676\" src=\"http:\/\/granadacostanacional.es\/wp-content\/uploads\/2019\/02\/DSC_6356-1024x682.jpg\" alt=\"DSC_6356\" width=\"1024\" height=\"682\" \/><\/a><\/p>\n<p style=\"text-align: justify;\">El primero en intervenir fue nuestro Presidente del Proyecto, Jos\u00e9 Segura, que explic\u00f3 en qu\u00e9 consist\u00edan las 12 Rutas Po\u00e9ticas que vamos a celebrar, comenzando en enero en Mallorca y terminando en diciembre en Caravaca de la Cruz (Murcia). Dijo que nuestro Proyecto se consolida cada d\u00eda m\u00e1s como un Proyecto Nacional, y, por lo tanto, el gallego, el euskera, el catal\u00e1n, el mallorqu\u00edn y el castellano, al ser lenguas espa\u00f1olas, tanto en las p\u00e1ginas impresas en papel como en nuestro peri\u00f3dico digital, y en todos estos eventos, cualquier compa\u00f1ero puede participar en la lengua que as\u00ed lo desee. Antes de empezar la intervenci\u00f3n de Jos\u00e9 Segura, pidi\u00f3 un minuto de silencio por aquellos compa\u00f1eros que a lo largo de estos a\u00f1os han fallecido, pero que seguir\u00e1n estando siempre muy presentes dentro de nuestro Proyecto, as\u00ed como de la Enciclopedia que se editar\u00e1 y se presentar\u00e1 el d\u00eda 10 de octubre de 2020, coincidiendo con los 500 n\u00fameros del peri\u00f3dico Granada Costa y la apertura del Museo Fundaci\u00f3n al p\u00fablico, en colaboraci\u00f3n con el Ayuntamiento de Molv\u00edzar. Jos\u00e9 mencion\u00f3 a los compa\u00f1eros Catalina Vals, Pedro Parpal, Ana Cintas, Concha Coll, Hortensia de Carlos, Ani Sastre y este pasado 3 de enero, nuestra querida amiga y gran colaboradora Catalina Gay\u00e1.<\/p>\n<p style=\"text-align: justify;\"><a href=\"http:\/\/granadacostanacional.es\/wp-content\/uploads\/2019\/02\/DSC_6254.jpg\"><img decoding=\"async\" loading=\"lazy\" class=\"aligncenter size-large wp-image-19677\" src=\"http:\/\/granadacostanacional.es\/wp-content\/uploads\/2019\/02\/DSC_6254-1024x925.jpg\" alt=\"DSC_6254\" width=\"1024\" height=\"925\" \/><\/a><\/p>\n<p style=\"text-align: justify;\">\n<p style=\"text-align: justify;\"><a href=\"http:\/\/granadacostanacional.es\/wp-content\/uploads\/2019\/02\/DSC_6358.jpg\"><img decoding=\"async\" loading=\"lazy\" class=\"aligncenter size-large wp-image-19679\" src=\"http:\/\/granadacostanacional.es\/wp-content\/uploads\/2019\/02\/DSC_6358-1024x682.jpg\" alt=\"DSC_6358\" width=\"1024\" height=\"682\" \/><\/a><\/p>\n<p style=\"text-align: justify;\">Jos\u00e9 Segura dio paso a nuestro Coordinador Cultural en Palma de Mallorca, Marcelino Arellano, quien salud\u00f3 al p\u00fablico y tuvo unas gratas palabras de reconocimiento al Proyecto Nacional de Cultura, destac\u00e1ndolo como el primer Proyecto de \u00e1mbito Nacional que se conoce en la historia, por todos los temas que lleva desarrollados en Circuitos, Cert\u00e1menes Literarios, Exposiciones de Pintura, peri\u00f3dico impreso y digital y la enorme p\u00e1gina web que mantiene. Reinando adem\u00e1s el coraz\u00f3n y concordia dentro de nuestro Proyecto en toda Espa\u00f1a. Tambi\u00e9n llam\u00f3 a Pep Ramis para que el mallorqu\u00edn pudiese saludar a todos los presentes y que a continuaci\u00f3n recitase el poema que \u00e9l llevaba preparado.<\/p>\n<p style=\"text-align: justify;\"><a href=\"http:\/\/granadacostanacional.es\/wp-content\/uploads\/2019\/02\/DSC_6260.jpg\"><img decoding=\"async\" loading=\"lazy\" class=\"aligncenter size-large wp-image-19683\" src=\"http:\/\/granadacostanacional.es\/wp-content\/uploads\/2019\/02\/DSC_6260-683x1024.jpg\" alt=\"DSC_6260\" width=\"683\" height=\"1024\" \/><\/a><\/p>\n<p style=\"text-align: justify;\">De Inma, os puedo decir que estuvo a un nivel estratosf\u00e9rico como presentadora y tambi\u00e9n en sus intervenciones. Fue todo un \u00e9xito el desarrollo de las jornadas y en gran medida fue gracias a ella.<\/p>\n<p style=\"text-align: justify;\">Despu\u00e9s de la intervenci\u00f3n de todos los participantes, como estaba previsto, se homenaje\u00f3 a un poeta mallorqu\u00edn a trav\u00e9s de un libro de Homenaje, a Don Jaime Santandreu Dols. Toda la recaudaci\u00f3n por venta de este libro fue donada a Jaime, por decisi\u00f3n de la direcci\u00f3n del Proyecto Nacional de Cultura Granada Costa.<\/p>\n<p style=\"text-align: justify;\"><a href=\"http:\/\/granadacostanacional.es\/wp-content\/uploads\/2019\/02\/DSC_6302.jpg\"><img decoding=\"async\" loading=\"lazy\" class=\"aligncenter size-large wp-image-19684\" src=\"http:\/\/granadacostanacional.es\/wp-content\/uploads\/2019\/02\/DSC_6302-1024x683.jpg\" alt=\"DSC_6302\" width=\"1024\" height=\"683\" \/><\/a><\/p>\n<p style=\"text-align: justify;\">\n<p style=\"text-align: justify;\"><a href=\"http:\/\/granadacostanacional.es\/wp-content\/uploads\/2019\/02\/DSC_6329.jpg\"><img decoding=\"async\" loading=\"lazy\" class=\"aligncenter size-large wp-image-19685\" src=\"http:\/\/granadacostanacional.es\/wp-content\/uploads\/2019\/02\/DSC_6329-1024x682.jpg\" alt=\"DSC_6329\" width=\"1024\" height=\"682\" \/><\/a><\/p>\n<p style=\"text-align: justify;\">El encargado de cerrar el acto fue nuestro Delegado Nacional de Literatura, el profesor Em\u00e9rito Don Diego Sabiote, que, como siempre, fue conciso en todos los argumentos que emple\u00f3 tanto para el Proyecto Nacional de Cultura, para las Rutas Po\u00e9ticas o para el homenajeado del d\u00eda, Don Jaime Santandreu.<\/p>\n<p style=\"text-align: justify;\">Yo tuve la oportunidad de coordinar todo el acto, as\u00ed como de hacer entrega de todos los diplomas a los participantes y de dirigirme a los compa\u00f1eros desde mi cargo institucional de Delegada Nacional de Poes\u00eda.<\/p>\n<p style=\"text-align: justify;\"><a href=\"http:\/\/granadacostanacional.es\/wp-content\/uploads\/2019\/02\/DSC_6338.jpg\"><img decoding=\"async\" loading=\"lazy\" class=\"aligncenter size-large wp-image-19686\" src=\"http:\/\/granadacostanacional.es\/wp-content\/uploads\/2019\/02\/DSC_6338-1024x682.jpg\" alt=\"DSC_6338\" width=\"1024\" height=\"682\" \/><\/a><\/p>\n<p style=\"text-align: justify;\">Termino como empec\u00e9, resaltando el gran \u00e9xito de estas primeras Rutas Po\u00e9ticas y anim\u00e1ndoos a todos a participar en las 11 Rutas que quedan por realizar en el presente a\u00f1o.<\/p>\n<p style=\"text-align: justify;\">Nuestro m\u00e1s sincero agradecimiento a la Parroquia de San Alonso Rodr\u00edguez, por cedernos su sal\u00f3n de actos, a Pep Ramis por ser el fot\u00f3grafo oficial de ese evento y a todos los colaboradores y participantes por haber hecho esta jornada posible.<\/p>\n<p style=\"text-align: right;\"><strong>Carmen Carrasco Ramos<\/strong><\/p>\n<p style=\"text-align: right;\"><strong>Delegada Nacional de Poes\u00eda Granada Costa<\/strong><\/p>\n","protected":false},"excerpt":{"rendered":"<p>Queridos compa\u00f1eros, como m\u00e1xima responsable por el cargo que ocupo dentro del Proyecto Nacional de Cultura Granada Costa, de Delegada&hellip;<\/p>\n","protected":false},"author":3,"featured_media":19673,"comment_status":"open","ping_status":"open","sticky":false,"template":"","format":"standard","meta":{"om_disable_all_campaigns":false,"_mi_skip_tracking":false,"_monsterinsights_sitenote_active":false,"_monsterinsights_sitenote_note":"","_monsterinsights_sitenote_category":0,"footnotes":""},"categories":[21,22],"tags":[],"aioseo_notices":[],"_links":{"self":[{"href":"https:\/\/granadacostaglobal.es\/index.php?rest_route=\/wp\/v2\/posts\/19672"}],"collection":[{"href":"https:\/\/granadacostaglobal.es\/index.php?rest_route=\/wp\/v2\/posts"}],"about":[{"href":"https:\/\/granadacostaglobal.es\/index.php?rest_route=\/wp\/v2\/types\/post"}],"author":[{"embeddable":true,"href":"https:\/\/granadacostaglobal.es\/index.php?rest_route=\/wp\/v2\/users\/3"}],"replies":[{"embeddable":true,"href":"https:\/\/granadacostaglobal.es\/index.php?rest_route=%2Fwp%2Fv2%2Fcomments&post=19672"}],"version-history":[{"count":0,"href":"https:\/\/granadacostaglobal.es\/index.php?rest_route=\/wp\/v2\/posts\/19672\/revisions"}],"wp:featuredmedia":[{"embeddable":true,"href":"https:\/\/granadacostaglobal.es\/index.php?rest_route=\/"}],"wp:attachment":[{"href":"https:\/\/granadacostaglobal.es\/index.php?rest_route=%2Fwp%2Fv2%2Fmedia&parent=19672"}],"wp:term":[{"taxonomy":"category","embeddable":true,"href":"https:\/\/granadacostaglobal.es\/index.php?rest_route=%2Fwp%2Fv2%2Fcategories&post=19672"},{"taxonomy":"post_tag","embeddable":true,"href":"https:\/\/granadacostaglobal.es\/index.php?rest_route=%2Fwp%2Fv2%2Ftags&post=19672"}],"curies":[{"name":"wp","href":"https:\/\/api.w.org\/{rel}","templated":true}]}}