{"id":1959,"date":"2015-07-09T12:16:47","date_gmt":"2015-07-09T12:16:47","guid":{"rendered":"http:\/\/granadacosta.es\/?p=1959"},"modified":"2015-07-09T12:16:47","modified_gmt":"2015-07-09T12:16:47","slug":"el-delegado-del-gobierno-supervisa-el-dispositivo-del-estado-que-colabora-en-la-extincion-del-incendio-de-lujar","status":"publish","type":"post","link":"https:\/\/granadacostaglobal.es\/?p=1959","title":{"rendered":"El delegado del Gobierno supervisa el dispositivo del Estado que colabora en  la extinci\u00f3n del incendio de L\u00fajar"},"content":{"rendered":"<ul>\n<li style=\"text-align: justify;\"><strong>Destaca la importancia de la colaboraci\u00f3n entre administraciones y anuncia la activaci\u00f3n de la UME en virtud del convenio firmado con la Junta<\/strong><\/li>\n<\/ul>\n<p style=\"text-align: justify;\"><strong><span style=\"text-decoration: underline;\">Sevilla, 8 de julio de 2014<\/span><\/strong>. El delegado del Gobierno en Andaluc\u00eda, Antonio Sanz, acompa\u00f1ado del subdelegado del Gobierno en Granada, Santiago L\u00f3pez, se ha trasladado esta tarde al puesto de mando avanzado del Grupo de Emergencias de Andaluc\u00eda que coordina las labores de extinci\u00f3n del incendio declarado esta ma\u00f1ana en la sierra de L\u00fajar, en la provincia de Granada, a fin de supervisar el dispositivo del Estado que colabora con el Infoca en la lucha contra el fuego.<\/p>\n<p style=\"text-align: justify;\">Sanz ha destacado la importancia que, en estas circunstancias, tiene la colaboraci\u00f3n de los ciudadanos y la colaboraci\u00f3n entre las administraciones y ha anunciado que, esta misma tarde, una unidad de la UME integrada por 61 militares y 29 veh\u00edculos se ha incorporado a los trabajos de extinci\u00f3n, en virtud del convenio de colaboraci\u00f3n firmado con la Administraci\u00f3n auton\u00f3mica.<\/p>\n<p style=\"text-align: justify;\">Igualmente trabajan en el \u00e1rea del incendio, seg\u00fan ha dado a conocer el delegado, 14 patrullas de la Guardia Civil. Entre ellas est\u00e1n 3 patrullas de tr\u00e1fico que controlan los cortes de carretera y 10 patrullas de seguridad ciudadana que ayudar\u00e1n a evacuar a la poblaci\u00f3n. Hasta el momento se han desplazado fuera de la zona a unas 550 personas. Adem\u00e1s, hay una patrulla del Seprona colaborando con la brigada de investigaci\u00f3n.<\/p>\n<p style=\"text-align: justify;\">Por otra parte, el MAGRAMA ha desplazado al lugar un helic\u00f3ptero de la Almoraima (C\u00e1diz) y 5 aviones anfibios: 2 de Torrej\u00f3n (Madrid), otros 2 de M\u00e1laga y uno de Talavera la Real (Badajoz), todos ellos con capacidades \u00a0de entre 5.500 y 6.000 litros. Colabora en las tareas, adem\u00e1s, una Unidad M\u00f3vil Aerotransportada con base en Granada.<\/p>\n","protected":false},"excerpt":{"rendered":"<p>Destaca la importancia de la colaboraci\u00f3n entre administraciones y anuncia la activaci\u00f3n de la UME en virtud del convenio firmado&hellip;<\/p>\n","protected":false},"author":2,"featured_media":1960,"comment_status":"open","ping_status":"open","sticky":false,"template":"","format":"standard","meta":{"om_disable_all_campaigns":false,"_mi_skip_tracking":false,"_monsterinsights_sitenote_active":false,"_monsterinsights_sitenote_note":"","_monsterinsights_sitenote_category":0,"footnotes":""},"categories":[22],"tags":[],"aioseo_notices":[],"_links":{"self":[{"href":"https:\/\/granadacostaglobal.es\/index.php?rest_route=\/wp\/v2\/posts\/1959"}],"collection":[{"href":"https:\/\/granadacostaglobal.es\/index.php?rest_route=\/wp\/v2\/posts"}],"about":[{"href":"https:\/\/granadacostaglobal.es\/index.php?rest_route=\/wp\/v2\/types\/post"}],"author":[{"embeddable":true,"href":"https:\/\/granadacostaglobal.es\/index.php?rest_route=\/wp\/v2\/users\/2"}],"replies":[{"embeddable":true,"href":"https:\/\/granadacostaglobal.es\/index.php?rest_route=%2Fwp%2Fv2%2Fcomments&post=1959"}],"version-history":[{"count":0,"href":"https:\/\/granadacostaglobal.es\/index.php?rest_route=\/wp\/v2\/posts\/1959\/revisions"}],"wp:featuredmedia":[{"embeddable":true,"href":"https:\/\/granadacostaglobal.es\/index.php?rest_route=\/"}],"wp:attachment":[{"href":"https:\/\/granadacostaglobal.es\/index.php?rest_route=%2Fwp%2Fv2%2Fmedia&parent=1959"}],"wp:term":[{"taxonomy":"category","embeddable":true,"href":"https:\/\/granadacostaglobal.es\/index.php?rest_route=%2Fwp%2Fv2%2Fcategories&post=1959"},{"taxonomy":"post_tag","embeddable":true,"href":"https:\/\/granadacostaglobal.es\/index.php?rest_route=%2Fwp%2Fv2%2Ftags&post=1959"}],"curies":[{"name":"wp","href":"https:\/\/api.w.org\/{rel}","templated":true}]}}