{"id":1956,"date":"2015-07-09T12:16:02","date_gmt":"2015-07-09T12:16:02","guid":{"rendered":"http:\/\/granadacosta.es\/?p=1956"},"modified":"2015-07-09T12:16:02","modified_gmt":"2015-07-09T12:16:02","slug":"consorcio-vse-y-junta-refuerzan-su-plan-integral-para-la-comunidad-gitana","status":"publish","type":"post","link":"https:\/\/granadacostaglobal.es\/?p=1956","title":{"rendered":"Consorcio VSE y Junta refuerzan su Plan Integral para la Comunidad Gitana"},"content":{"rendered":"<p>El Consorcio Vega Sierra Elvira y la Junta de Andaluc\u00eda reeditan y refuerzan su Plan Integral para la Comunidad Gitana, un programa transversal que redunda en m\u00e1s de 10.000 habitantes de etnia gitana de 6 municipios pertenecientes al Consorcio.<\/p>\n<p>El Delegado de Igualdad, Salud y Pol\u00edticas Sociales, Higinio Almagro, y el presidente del Consorcio, Noel L\u00f3pez, han presentado el nuevo programa en Santa Fe, uno de los municipios beneficiados por el mismo, junto con su alcalde, Manuel Gil.<\/p>\n<p>Este plan integral, que lleva activo casi 20 a\u00f1os, apuesta por su continuidad e incluso por su ampliaci\u00f3n con la nueva incorporaci\u00f3n del municipio de \u00cdllora que se suma as\u00ed a Atarfe, Colomera, Fuente Vaqueros, Pinos Puente y Santa Fe.<\/p>\n<p>\u201cGracias a este esfuerzo conjunto de la Junta de Andaluc\u00eda y el Consorcio de la Vega se realiza una labor social incalculable a trav\u00e9s de profesionales t\u00e9cnicos cualificados para corregir desequilibrios, crear nuevas estrategias para eliminar la discriminaci\u00f3n y favorecer la integraci\u00f3n y el acceso a los servicios\u201d, ha explicado el presidente del Consorcio, Noel L\u00f3pez.<\/p>\n<p>Almagro por su parte ha incidido en la importancia de erradicar cualquier forma de discriminaci\u00f3n, a trav\u00e9s de un trabajo integral con las familias que va desde la educaci\u00f3n, la salud, la vivienda, el apoyo a la mujer y las pol\u00edticas sociales.<\/p>\n<p>El plan posibilita medidas concretas como clases de refuerzo escolar, gesti\u00f3n de matr\u00edcula y becas, apoyo en la tramitaci\u00f3n de ayudas, acceso a las nuevas tecnolog\u00edas etc., ayudando a la infancia, la juventud y la mujer as\u00ed como a la poblaci\u00f3n gitana en general.<\/p>\n<p>\u201cEl objetivo es aumentar su calidad de vida y su integraci\u00f3n respetando siempre su diferencia cultural como pueblo\u201d, ha subrayado L\u00f3pez.<\/p>\n<p>Se trata de seis municipios donde la poblaci\u00f3n gitana oscila entre el 18% y el 37% de la poblaci\u00f3n total. El Plan est\u00e1 cofinanciado por la Junta, que aporta 110.000 euros (80% del total) y el Consorcio que aporta el 20% restante, a trav\u00e9s de los ayuntamientos beneficiarios del mismo.<\/p>\n<p>Manuel Gil ha insistido en la importancia de que programas como este, con un alto grado de impacto positivo en sus municipios, sigan en funcionamiento para aumentar el bienestar de la poblaci\u00f3n.<\/p>\n","protected":false},"excerpt":{"rendered":"<p>El Consorcio Vega Sierra Elvira y la Junta de Andaluc\u00eda reeditan y refuerzan su Plan Integral para la Comunidad Gitana,&hellip;<\/p>\n","protected":false},"author":2,"featured_media":1957,"comment_status":"open","ping_status":"open","sticky":false,"template":"","format":"standard","meta":{"om_disable_all_campaigns":false,"_mi_skip_tracking":false,"_monsterinsights_sitenote_active":false,"_monsterinsights_sitenote_note":"","_monsterinsights_sitenote_category":0,"footnotes":""},"categories":[22],"tags":[],"aioseo_notices":[],"_links":{"self":[{"href":"https:\/\/granadacostaglobal.es\/index.php?rest_route=\/wp\/v2\/posts\/1956"}],"collection":[{"href":"https:\/\/granadacostaglobal.es\/index.php?rest_route=\/wp\/v2\/posts"}],"about":[{"href":"https:\/\/granadacostaglobal.es\/index.php?rest_route=\/wp\/v2\/types\/post"}],"author":[{"embeddable":true,"href":"https:\/\/granadacostaglobal.es\/index.php?rest_route=\/wp\/v2\/users\/2"}],"replies":[{"embeddable":true,"href":"https:\/\/granadacostaglobal.es\/index.php?rest_route=%2Fwp%2Fv2%2Fcomments&post=1956"}],"version-history":[{"count":0,"href":"https:\/\/granadacostaglobal.es\/index.php?rest_route=\/wp\/v2\/posts\/1956\/revisions"}],"wp:featuredmedia":[{"embeddable":true,"href":"https:\/\/granadacostaglobal.es\/index.php?rest_route=\/"}],"wp:attachment":[{"href":"https:\/\/granadacostaglobal.es\/index.php?rest_route=%2Fwp%2Fv2%2Fmedia&parent=1956"}],"wp:term":[{"taxonomy":"category","embeddable":true,"href":"https:\/\/granadacostaglobal.es\/index.php?rest_route=%2Fwp%2Fv2%2Fcategories&post=1956"},{"taxonomy":"post_tag","embeddable":true,"href":"https:\/\/granadacostaglobal.es\/index.php?rest_route=%2Fwp%2Fv2%2Ftags&post=1956"}],"curies":[{"name":"wp","href":"https:\/\/api.w.org\/{rel}","templated":true}]}}