{"id":1943,"date":"2015-07-07T12:07:59","date_gmt":"2015-07-07T12:07:59","guid":{"rendered":"http:\/\/granadacosta.es\/?p=1943"},"modified":"2015-07-07T12:07:59","modified_gmt":"2015-07-07T12:07:59","slug":"acuerdo-entre-el-psoe-y-ciudadanos-para-la-diputacion-de-granada","status":"publish","type":"post","link":"https:\/\/granadacostaglobal.es\/?p=1943","title":{"rendered":"ACUERDO ENTRE EL PSOE  Y CIUDADANOS PARA LA DIPUTACI\u00d3N DE GRANADA"},"content":{"rendered":"<p style=\"text-align: justify;\">La composici\u00f3n de la Diputaci\u00f3n Provincial de Granada tras las \u00faltimas Elecciones Municipales constata una realidad muy distinta a la acaecida en los \u00faltimos cuatro a\u00f1os.<\/p>\n<p style=\"text-align: justify;\">\u00a0Su configuraci\u00f3n, m\u00e1s plural que nunca, refleja la voluntad de la ciudadan\u00eda granadina por articular acuerdos entre distintas organizaciones pol\u00edticas y lograr as\u00ed una mayor\u00eda que asegure la estabilidad y permita una acci\u00f3n institucional y de gobierno eficaz.<\/p>\n<p style=\"text-align: justify;\">\u00a0La distribuci\u00f3n de la representaci\u00f3n de la Diputaci\u00f3n Provincial de Granada expresa una clara mayor\u00eda de las fuerzas pol\u00edticas progresistas y una permanente necesidad de consenso para abordar los asuntos de inter\u00e9s general.<\/p>\n<p style=\"text-align: justify;\">Con este objetivo, el PSOE de Granada y Ciudadanos consideran necesario iniciar una etapa donde la responsabilidad, el di\u00e1logo y el acuerdo sean las notas predominantes para garantizar la gobernabilidad y la estabilidad durante este mandato.<\/p>\n<p style=\"text-align: justify;\">\u00a0Por ello, y para afrontar los desaf\u00edos de la provincia y responder a las demandas de los municipios, ambas formaciones hemos elaborado el presente acuerdo:<\/p>\n<p style=\"text-align: justify;\">\n<p style=\"text-align: justify;\">INVESTIDURA Y ESTABILIDAD<\/p>\n<p style=\"text-align: justify;\">\u00a0Ciudadanos por Granada se compromete a posibilitar una nueva etapa pol\u00edtica en la provincia de Granada y un Gobierno estable apoyando la investidura del candidato a la presidencia de la Diputaci\u00f3n de Granada propuesto por el PSOE, sin entrar a formar parte del mismo.<\/p>\n<p style=\"text-align: justify;\">\u00a0As\u00ed, estamos actuando con responsabilidad al propiciar una estabilidad pol\u00edtica para afrontar la crisis actual desde el compromiso social y los nuevos retos que este nuevo escenario representa.<\/p>\n<p style=\"text-align: justify;\">\u00a0Este apoyo ser\u00e1 permanente en la medida que los compromisos adquiridos en el presente acuerdo sean llevados a buen t\u00e9rmino.<\/p>\n<p style=\"text-align: justify;\">\n<p style=\"text-align: justify;\">ACCI\u00d3N DE GOBIERNO<\/p>\n<p style=\"text-align: justify;\">\u00a0Formaremos un gobierno fuerte y estable con un proyecto de cambio transformador sobre unos objetivos acordados. La acci\u00f3n de gobierno estar\u00e1 caracterizada por\u00a0 la honradez, la transparencia, la eficacia y la eficiencia en la gesti\u00f3n p\u00fablica de manera que se garanticen los recursos necesarios para el afianzamiento de los sistemas de protecci\u00f3n social.<\/p>\n<p style=\"text-align: justify;\">\n<p style=\"text-align: justify;\">PROMOVER LA ACTIVIDAD ECON\u00d3MICA Y EL EMPLEO<\/p>\n<p style=\"text-align: justify;\">\u00a0Pondremos el empleo y la atenci\u00f3n a las personas desempleadas en el centro de nuestra acci\u00f3n pol\u00edtica.<\/p>\n<p style=\"text-align: justify;\">\u00a0Por ello, desarrollaremos una acci\u00f3n de gobierno dirigida a promover la actividad econ\u00f3mica para generar empleo y permitir a trabajadores desempleados de mayor edad y larga duraci\u00f3n, mujeres y j\u00f3venes, reconvertir sus competencias profesionales.<\/p>\n<p style=\"text-align: justify;\">\u00a0Impulsaremos la formaci\u00f3n, el asesoramiento y la orientaci\u00f3n para la b\u00fasqueda de trabajo.<\/p>\n<p style=\"text-align: justify;\">\n<p style=\"text-align: justify;\">SERVICIOS P\u00daBLICOS DE CALIDAD<\/p>\n<p style=\"text-align: justify;\">\u00a0Nuestra pol\u00edtica tambi\u00e9n ir\u00e1 orientada a garantizar los servicios p\u00fablicos de calidad como herramientas indispensables de la acci\u00f3n e intervenci\u00f3n p\u00fablica e\u00a0 incrementar el compromiso con el desarrollo sostenible y la protecci\u00f3n del medio ambiente.<\/p>\n<p style=\"text-align: justify;\">\n<p style=\"text-align: justify;\">MAYOR PROTAGONISMO A LOS AYUNTAMIENTOS<\/p>\n<p style=\"text-align: justify;\">\u00a0Devolver el protagonismo a los ayuntamientos y a sus alcaldesas y alcaldes, como representantes m\u00e1ximos de la ciudadan\u00eda, para construir un marco de<\/p>\n<p style=\"text-align: justify;\">\u00a0referencia que tenga en cuenta la dotaci\u00f3n de servicios b\u00e1sicos y las infraestructuras de todos los municipios en igualdad de condiciones, es otro de los objetivos.<\/p>\n<p style=\"text-align: justify;\">\u00a0Todo ello, guiado por los principios fundamentales de transparencia y participaci\u00f3n, los ejes centrales de nuestra toma de decisiones, que ser\u00e1n consensuadas con el resto de formaciones pol\u00edticas para hacerlas lo m\u00e1s integradoras posibles.<\/p>\n<p style=\"text-align: justify;\">\u00a0Tambi\u00e9n, trabajaremos para devolver a los municipios la capacidad de contratar en los Planes Provinciales de Obras y Servicios.<\/p>\n<p style=\"text-align: justify;\">\u00a0Para adelantar el pago del Servicio de Ayuda a Domicilio a todos los ayuntamientos de menos de 20.000 habitantes que lo requieran a 90 d\u00edas para que no tengan problemas en el pago a las trabajadoras de este servicio, siempre que sea viable financieramente y no implique un grave quebranto econ\u00f3mico a la instituci\u00f3n provincial.<\/p>\n<p style=\"text-align: justify;\">\u00a0Asimismo, nos comprometemos a compartir los criterios en los distintos planes provinciales de inversi\u00f3n persiguiendo siempre la igualdad territorial y justicia en el reparto.<\/p>\n<p style=\"text-align: justify;\">\n<p style=\"text-align: justify;\">CULTURA PARA TODOS<\/p>\n<p style=\"text-align: justify;\">\u00a0Nos comprometemos a que la cultura ocupe un lugar fundamental en la vida de las personas. Desde la instituci\u00f3n provincial fomentaremos el acceso a la cultura de todos y todas las granadinas independientemente de su lugar de residencia. Trabajaremos para que Granada siga siendo un referente a nivel nacional en esta materia.<\/p>\n<p style=\"text-align: justify;\">\n<p style=\"text-align: justify;\">\u00a0DEPORTE<\/p>\n<p style=\"text-align: justify;\">\u00a0Dotaremos de equipamientos b\u00e1sicos a todos los n\u00facleos de poblaci\u00f3n para la pr\u00e1ctica del deporte y garantizaremos el acceso a estos servicios de toda la poblaci\u00f3n.<\/p>\n<p style=\"text-align: justify;\">\u00a0Por \u00faltimo, resaltar que el alcance del acuerdo surge de lo com\u00fan, sobre lo que se comparte, por lo que se mantendr\u00e1, en todo momento, la identidad pol\u00edtica de cada fuerza, como organizaciones pol\u00edticas independientes y aut\u00f3nomas.<\/p>\n","protected":false},"excerpt":{"rendered":"<p>La composici\u00f3n de la Diputaci\u00f3n Provincial de Granada tras las \u00faltimas Elecciones Municipales constata una realidad muy distinta a la&hellip;<\/p>\n","protected":false},"author":2,"featured_media":1941,"comment_status":"open","ping_status":"open","sticky":false,"template":"","format":"standard","meta":{"om_disable_all_campaigns":false,"_mi_skip_tracking":false,"_monsterinsights_sitenote_active":false,"_monsterinsights_sitenote_note":"","_monsterinsights_sitenote_category":0,"footnotes":""},"categories":[22],"tags":[],"aioseo_notices":[],"_links":{"self":[{"href":"https:\/\/granadacostaglobal.es\/index.php?rest_route=\/wp\/v2\/posts\/1943"}],"collection":[{"href":"https:\/\/granadacostaglobal.es\/index.php?rest_route=\/wp\/v2\/posts"}],"about":[{"href":"https:\/\/granadacostaglobal.es\/index.php?rest_route=\/wp\/v2\/types\/post"}],"author":[{"embeddable":true,"href":"https:\/\/granadacostaglobal.es\/index.php?rest_route=\/wp\/v2\/users\/2"}],"replies":[{"embeddable":true,"href":"https:\/\/granadacostaglobal.es\/index.php?rest_route=%2Fwp%2Fv2%2Fcomments&post=1943"}],"version-history":[{"count":0,"href":"https:\/\/granadacostaglobal.es\/index.php?rest_route=\/wp\/v2\/posts\/1943\/revisions"}],"wp:featuredmedia":[{"embeddable":true,"href":"https:\/\/granadacostaglobal.es\/index.php?rest_route=\/"}],"wp:attachment":[{"href":"https:\/\/granadacostaglobal.es\/index.php?rest_route=%2Fwp%2Fv2%2Fmedia&parent=1943"}],"wp:term":[{"taxonomy":"category","embeddable":true,"href":"https:\/\/granadacostaglobal.es\/index.php?rest_route=%2Fwp%2Fv2%2Fcategories&post=1943"},{"taxonomy":"post_tag","embeddable":true,"href":"https:\/\/granadacostaglobal.es\/index.php?rest_route=%2Fwp%2Fv2%2Ftags&post=1943"}],"curies":[{"name":"wp","href":"https:\/\/api.w.org\/{rel}","templated":true}]}}