{"id":19404,"date":"2018-12-31T11:11:00","date_gmt":"2018-12-31T11:11:00","guid":{"rendered":"http:\/\/granadacostanacional.es\/?p=19404"},"modified":"2018-12-31T11:11:00","modified_gmt":"2018-12-31T11:11:00","slug":"el-proyecto-nacional-de-cultura-granada-costa-convoca-el-iv-certamen-nacional-de-microrrelato-y-poesia-granada-costa-para-ninosas-de-8-a-15-anos-escritora-y-poeta-carmen-carrasco-ramos","status":"publish","type":"post","link":"https:\/\/granadacostaglobal.es\/?p=19404","title":{"rendered":"EL PROYECTO NACIONAL DE CULTURA GRANADA COSTA CONVOCA EL IV CERTAMEN NACIONAL DE MICRORRELATO Y POES\u00cdA GRANADA COSTA PARA NI\u00d1OS\/AS DE 8 A 15 A\u00d1OS \u201cESCRITORA Y POETA CARMEN CARRASCO RAMOS\u201d"},"content":{"rendered":"<p style=\"background: white; text-align: justify;\"><span style=\"font-size: 13.5pt; font-family: 'Arial',sans-serif; color: #444444; background: white;\">Desde el Proyecto Nacional de Cultura Granada Costa, a trav\u00e9s de su Academia de las Ciencias, Bellas Artes y Buenas Letras, y con motivo de difundir la literatura, se convoca el IV Certamen Nacional de Microrrelato y Poes\u00eda Granada Costa para ni\u00f1os\/as de 8 a 15 a\u00f1os \u201cEscritora y Poeta Carmen Carrasco Ramos\u201d<\/span><\/p>\n<p style=\"background: white; text-align: justify;\"><span style=\"font-size: 13.5pt; font-family: 'Arial',sans-serif; color: #444444;\">1) Podr\u00e1n participar todos los ni\u00f1os\/as del territorio nacional que lo deseen con un solo microrrelato o poema (escrito en castellano). El tema ser\u00e1 libre.<\/span><\/p>\n<p style=\"background: white; font-variant-ligatures: normal; font-variant-caps: normal; orphans: 2; widows: 2; -webkit-text-stroke-width: 0px; text-decoration-style: initial; text-decoration-color: initial; word-spacing: 0px; text-align: justify;\"><span style=\"font-size: 13.5pt; font-family: 'Arial',sans-serif; color: #444444;\">2) El microrrelato o poema deber\u00e1 ser in\u00e9dito y escrito en formato DIN A4 por quintuplicado, a doble espacio y por una sola cara. No existe ni un m\u00ednimo ni un m\u00e1ximo en los trabajos a presentar.<\/span><\/p>\n<p style=\"background: white; font-variant-ligatures: normal; font-variant-caps: normal; orphans: 2; widows: 2; -webkit-text-stroke-width: 0px; text-decoration-style: initial; text-decoration-color: initial; word-spacing: 0px; text-align: justify;\"><span style=\"font-size: 13.5pt; font-family: 'Arial',sans-serif; color: #444444;\">3) Cada ni\u00f1o\/a presentar\u00e1 un \u00fanico trabajo que ser\u00e1 firmado con un pseud\u00f3nimo, el cual figurar\u00e1 en la cara exterior de un sobre cerrado, en cuyo interior deber\u00e1 ir el nombre y direcci\u00f3n ni\u00f1o\/ni\u00f1a, n\u00famero de tel\u00e9fono y correo electr\u00f3nico de contacto. Tambi\u00e9n figurar\u00e1 el nombre del colegio al que pertenece.<\/span><\/p>\n<p style=\"background: white; font-variant-ligatures: normal; font-variant-caps: normal; orphans: 2; widows: 2; -webkit-text-stroke-width: 0px; text-decoration-style: initial; text-decoration-color: initial; word-spacing: 0px; text-align: justify;\"><span style=\"font-size: 13.5pt; font-family: 'Arial',sans-serif; color: #444444;\">En el caso de que el ni\u00f1o\/a se presente a microrrelato y poes\u00eda deber\u00e1 ser enviado en sobres separados con las normas anteriormente especificadas.<\/span><\/p>\n<p style=\"background: white; font-variant-ligatures: normal; font-variant-caps: normal; orphans: 2; widows: 2; -webkit-text-stroke-width: 0px; text-decoration-style: initial; text-decoration-color: initial; word-spacing: 0px; text-align: justify;\"><span style=\"font-size: 13.5pt; font-family: 'Arial',sans-serif; color: #444444;\">4) Todos los trabajos deben remitirse: al Proyecto Nacional de Cultura Granada Costa. Avenida de Andaluc\u00eda, 18. 2\u00aa planta. 18611- Molv\u00edzar \u2013 Costa Tropical \u2013 Granada (Espa\u00f1a).<\/span><\/p>\n<p style=\"background: white; font-variant-ligatures: normal; font-variant-caps: normal; orphans: 2; widows: 2; -webkit-text-stroke-width: 0px; text-decoration-style: initial; text-decoration-color: initial; word-spacing: 0px; text-align: justify;\"><span style=\"font-size: 13.5pt; font-family: 'Arial',sans-serif; color: #444444;\">5) Premios:<\/span><\/p>\n<p style=\"background: white; font-variant-ligatures: normal; font-variant-caps: normal; orphans: 2; widows: 2; -webkit-text-stroke-width: 0px; text-decoration-style: initial; text-decoration-color: initial; word-spacing: 0px; text-align: justify;\"><span style=\"font-size: 13.5pt; font-family: 'Arial',sans-serif; color: #444444;\">Habr\u00e1 tres categor\u00edas separadas por edades, con sus respectivos premios: en ni\u00f1os\/as de entre 8 y 9, de 10, 11 y 12 y de 13, 14 y 15 a\u00f1os.<\/span><\/p>\n<p style=\"background: white; font-variant-ligatures: normal; font-variant-caps: normal; orphans: 2; widows: 2; -webkit-text-stroke-width: 0px; text-decoration-style: initial; text-decoration-color: initial; word-spacing: 0px; text-align: justify;\"><span style=\"font-size: 13.5pt; font-family: 'Arial',sans-serif; color: #444444;\">El Premio consiste, en cada categor\u00eda, en una Tablet para cada ni\u00f1o, por cada premio, m\u00e1s diploma acreditativo del mismo.<\/span><\/p>\n<p style=\"background: white; font-variant-ligatures: normal; font-variant-caps: normal; orphans: 2; widows: 2; -webkit-text-stroke-width: 0px; text-decoration-style: initial; text-decoration-color: initial; word-spacing: 0px; text-align: justify;\"><span style=\"font-size: 13.5pt; font-family: 'Arial',sans-serif; color: #444444;\">Con los poemas y microrrelatos ganadores, m\u00e1s los finalistas que el jurado acuerde, se editar\u00e1 un libro con un m\u00ednimo de 120 p\u00e1ginas y en las medidas 15 x 21 cms,\u00a0 reparti\u00e9ndose 50 ejemplares a cada ganador\/a, 5 ejemplares a los\/as finalistas, m\u00e1s 100 ejemplares para cada colegio de los\/as ni\u00f1os\/as ganadores\/as.<\/span><\/p>\n<p style=\"background: white; font-variant-ligatures: normal; font-variant-caps: normal; orphans: 2; widows: 2; -webkit-text-stroke-width: 0px; text-decoration-style: initial; text-decoration-color: initial; word-spacing: 0px; text-align: justify;\"><span style=\"font-size: 13.5pt; font-family: 'Arial',sans-serif; color: #444444;\">6) El d\u00eda 30 de septiembre de 2019 finaliza el plazo de admisi\u00f3n de los trabajos.<\/span><\/p>\n<p style=\"background: white; font-variant-ligatures: normal; font-variant-caps: normal; orphans: 2; widows: 2; -webkit-text-stroke-width: 0px; text-decoration-style: initial; text-decoration-color: initial; word-spacing: 0px; text-align: justify;\"><span style=\"font-size: 13.5pt; font-family: 'Arial',sans-serif; color: #444444;\">7) El fallo del jurado se har\u00e1 p\u00fablico el d\u00eda 30 de octubre de 2019 en la p\u00e1gina web de Granada Costa, <a href=\"http:\/\/www.granadacostanacional.es\">www.granadacostanacional.es<\/a> y en el peri\u00f3dico de \u00e1mbito nacional Granada Costa. Para m\u00e1s informaci\u00f3n, tienen a su disposici\u00f3n el correo electr\u00f3nico <span style=\"color: #000080;\"><a style=\"color: #000080;\" href=\"mailto:fundacion@granadacosta.\">fundacion@granadacosta<\/a>.net<\/span> y el tel\u00e9fono de contacto 958 62 64 73.<\/span><\/p>\n<p style=\"background: white; font-variant-ligatures: normal; font-variant-caps: normal; orphans: 2; widows: 2; -webkit-text-stroke-width: 0px; text-decoration-style: initial; text-decoration-color: initial; word-spacing: 0px; text-align: justify;\"><span style=\"font-size: 13.5pt; font-family: 'Arial',sans-serif; color: #444444;\">8) Los premios se entregar\u00e1n durante las Rutas Po\u00e9ticas que se celebrar\u00e1n en diciembre de 2019 en Caravaca (Murcia), por una delegaci\u00f3n del Proyecto Nacional de Cultura Granada Costa, presidida por Do\u00f1a Carmen Carrasco Ramos.<\/span><\/p>\n<p style=\"background: white; font-variant-ligatures: normal; font-variant-caps: normal; orphans: 2; widows: 2; -webkit-text-stroke-width: 0px; text-decoration-style: initial; text-decoration-color: initial; word-spacing: 0px; text-align: justify;\"><span style=\"font-size: 13.5pt; font-family: 'Arial',sans-serif; color: #444444;\">9) El fallo ser\u00e1 inapelable quedando las obras premiadas en propiedad de Granada Costa y reserv\u00e1ndose el derecho de editarlas o difundirlas en sus medios de comunicaci\u00f3n. Las no premiadas ser\u00e1n destruidas.<\/span><\/p>\n<p style=\"background: white; font-variant-ligatures: normal; font-variant-caps: normal; orphans: 2; widows: 2; -webkit-text-stroke-width: 0px; text-decoration-style: initial; text-decoration-color: initial; word-spacing: 0px; text-align: justify;\"><span style=\"font-size: 13.5pt; font-family: 'Arial',sans-serif; color: #444444;\">10) Los ni\u00f1os ganadores se comprometen a asistir al acto de entrega del premio en compa\u00f1\u00eda de sus padres o tutores.<\/span><\/p>\n<p style=\"background: white; text-align: justify;\"><span style=\"font-size: 13.5pt; font-family: 'Arial',sans-serif; color: #444444;\">11) El jurado estar\u00e1 presidido por Do\u00f1a Carmen Carrasco Ramos, Delegada Nacional de Poes\u00eda de Granada Costa, y cinco vocales de reconocido prestigio po\u00e9tico de diferentes provincias de Espa\u00f1a que ser\u00e1n los encargados de puntuar las obras recibidas. Estos son Do\u00f1a To\u00f1y Castillo Mel\u00e9ndez, D. Jos\u00e9 Jaime Capel Molina, D. Diego Sabiote Navarro, D. Juli\u00e1n D\u00edaz Robledo y D. Manuel Ceballos Pozo.<\/span><\/p>\n","protected":false},"excerpt":{"rendered":"<p>Desde el Proyecto Nacional de Cultura Granada Costa, a trav\u00e9s de su Academia de las Ciencias, Bellas Artes y Buenas&hellip;<\/p>\n","protected":false},"author":3,"featured_media":18815,"comment_status":"open","ping_status":"open","sticky":false,"template":"","format":"standard","meta":{"om_disable_all_campaigns":false,"_mi_skip_tracking":false,"_monsterinsights_sitenote_active":false,"_monsterinsights_sitenote_note":"","_monsterinsights_sitenote_category":0,"footnotes":""},"categories":[21,22],"tags":[],"aioseo_notices":[],"_links":{"self":[{"href":"https:\/\/granadacostaglobal.es\/index.php?rest_route=\/wp\/v2\/posts\/19404"}],"collection":[{"href":"https:\/\/granadacostaglobal.es\/index.php?rest_route=\/wp\/v2\/posts"}],"about":[{"href":"https:\/\/granadacostaglobal.es\/index.php?rest_route=\/wp\/v2\/types\/post"}],"author":[{"embeddable":true,"href":"https:\/\/granadacostaglobal.es\/index.php?rest_route=\/wp\/v2\/users\/3"}],"replies":[{"embeddable":true,"href":"https:\/\/granadacostaglobal.es\/index.php?rest_route=%2Fwp%2Fv2%2Fcomments&post=19404"}],"version-history":[{"count":0,"href":"https:\/\/granadacostaglobal.es\/index.php?rest_route=\/wp\/v2\/posts\/19404\/revisions"}],"wp:featuredmedia":[{"embeddable":true,"href":"https:\/\/granadacostaglobal.es\/index.php?rest_route=\/"}],"wp:attachment":[{"href":"https:\/\/granadacostaglobal.es\/index.php?rest_route=%2Fwp%2Fv2%2Fmedia&parent=19404"}],"wp:term":[{"taxonomy":"category","embeddable":true,"href":"https:\/\/granadacostaglobal.es\/index.php?rest_route=%2Fwp%2Fv2%2Fcategories&post=19404"},{"taxonomy":"post_tag","embeddable":true,"href":"https:\/\/granadacostaglobal.es\/index.php?rest_route=%2Fwp%2Fv2%2Ftags&post=19404"}],"curies":[{"name":"wp","href":"https:\/\/api.w.org\/{rel}","templated":true}]}}