{"id":19400,"date":"2018-12-31T10:44:34","date_gmt":"2018-12-31T10:44:34","guid":{"rendered":"http:\/\/granadacostanacional.es\/?p=19400"},"modified":"2018-12-31T10:44:34","modified_gmt":"2018-12-31T10:44:34","slug":"viaje-al-corazon-de-las-cicladas","status":"publish","type":"post","link":"https:\/\/granadacostaglobal.es\/?p=19400","title":{"rendered":"VIAJE AL CORAZ\u00d3N DE LAS C\u00cdCLADAS"},"content":{"rendered":"<p style=\"text-align: justify;\"><strong>DESDE LA ISLA DE DONOUSSA<\/strong><\/p>\n<p style=\"text-align: justify;\"><strong>Carlos Ben\u00edtez Villodres<\/strong><\/p>\n<p style=\"text-align: justify;\">Editorial \u201cGranada Club Selecci\u00f3n\u201d. Molv\u00edzar (Granada) 2018, p\u00e1gs. 152<\/p>\n<p style=\"text-align: justify;\"><strong>\u00a0<\/strong><\/p>\n<p style=\"text-align: justify;\"><strong>Por Anselmo Alba del Campo<\/strong><\/p>\n<p style=\"text-align: justify;\">Catedr\u00e1tico de Filolog\u00eda Hisp\u00e1nica (Teor\u00eda de la Literatura y Literatura Comparada) de la Universidad de G\u00e9nova<\/p>\n<p style=\"text-align: justify;\"><strong>\u00a0<\/strong><\/p>\n<p style=\"text-align: justify;\">En el momento de recibir el presente libro, rememor\u00e9 aquel breve, pero magistral poema de Antonio Machado \u201cProverbios y Cantares, XXIX\u201d, (de \u201cCampos de Castilla, 1907-1917): \u201cCaminante, son tus huellas \/ el camino, y nada m\u00e1s; \/ caminante, no hay camino, \/ se hace camino al andar. \/ Al andar se hace el camino, \/ y al volver la vista atr\u00e1s \/ se ve la senda que nunca \/ se ha de volver a pisar. \/ Caminante, no hay camino, \/ sino estelas en la mar\u201d. \/\/ Ciertamente, aquel que camine de la mejor manera posible, es para m\u00ed aquel que deje el camino mejor de lo que lo encontr\u00f3 para aquellos que lo seguir\u00e1n.<\/p>\n<p style=\"text-align: justify;\">En \u201cDesde la isla de Donoussa\u201d, su autor dej\u00f3 plasmada en el papel la huella imborrable de una parte de su propia vida, y es que todo lo que hace el poeta, todo lo que dice, deja una marca en algo o en alguien. Quiz\u00e1 sea as\u00ed, porque la expresi\u00f3n po\u00e9tica es afloramiento del ser que, con ansias de humanidad, brota de distintas maneras, sumergi\u00e9ndose tanto en lo profundo y como asiendo lo pr\u00f3ximo. Siendo inmortal descansa en el instante ef\u00edmero de la creaci\u00f3n para dejar huellas que atestiguan su paso. Desarrollo vital de generaciones que recurren po\u00e9ticamente al acto de invenci\u00f3n de significados y sentidos existenciales.<\/p>\n<p style=\"text-align: justify;\">El quehacer del poeta tiene m\u00faltiples y variadas vertientes: preling\u00fc\u00edsticas y ling\u00fc\u00edsticas, filos\u00f3ficas y metaf\u00edsicas, psicol\u00f3gicas y estructuralistas, y otro sinf\u00edn de conceptualizaciones que muchas veces alejan al lector de los textos, en lugar de acercarlo. Sin embargo, afirmo que el m\u00e9rito de la creaci\u00f3n po\u00e9tica de Carlos Ben\u00edtez Villodres radica en que, sin renunciar al rigor acad\u00e9mico y metodol\u00f3gico, no pierde de vista el car\u00e1cter vivo que anima a la poes\u00eda de todos los tiempos a identificarse con los lectores, y viceversa.<\/p>\n<p style=\"text-align: justify;\">En su poes\u00eda, nuestro poeta pugna por marcar su orbe interno, as\u00ed como el que le rodea, desde la intensidad de su personalidad, desde las cosechas de su vida y de su labor intelectual, desde las de sus relaciones con su entorno y con sus semejantes y con los mundos de estos, que orbitan m\u00e1s o menos lejos de \u00e9l\u2026 Por consiguiente, Carlos indaga en otras esencias que no est\u00e1n al alcance de sus coet\u00e1neos, pero tan vitales para \u00e9l como para los dem\u00e1s seres humanos de hoy y de ma\u00f1ana. Es decir, el poeta malague\u00f1o pone toda su riqueza intr\u00ednseca al servicio de la psique del lector, a trav\u00e9s de la palabra po\u00e9tica. As\u00ed lo hicieron A. Machado, J. R. Jim\u00e9nez, V. Aleixandre, Ch. Baudelaire, S. Mallarm\u00e9, P. Val\u00e9ry\u2026<\/p>\n<p style=\"text-align: justify;\">Por supuesto que es maravilloso, saludable, enriquecedor y provocativo no ser el poeta que todos esperan que seas, no escribir lo que es f\u00e1cil reconocer, no formar parte del guion de la conformidad: de eso se trata la creaci\u00f3n, el pensamiento, el riesgo, la vida en \u00faltima instancia. Con todas sus dudas y sus anhelos y sus contradicciones, Ben\u00edtez Villodres apuesta por una escritura de la vida. Esta certeza recorre de principio a fin \u201cDesde la isla de Donoussa\u201d. Es su hilo conductor. Es su estilo propio e intransferible. Es el conocimiento de la experiencia del lenguaje, la indagaci\u00f3n en la palabra po\u00e9tica, la expresi\u00f3n de la belleza, el ritmo musical\u2026 lo que imprime la huella en un poema, en la mente y en la vida de quien lo crea y lo recibe. Al fin y al cabo, el poema conjuga al sujeto y al objeto dentro de la realidad sensible.<\/p>\n<p style=\"text-align: justify;\">Carlos Ben\u00edtez Villodres conoce perfectamente la Mitolog\u00eda griega, pues siempre lee y estudia todo cuanto cae en sus manos sobre este conjunto de mitos, tan fascinante y enriquecedor como extenso y profundo. Sobre dicha Mitolog\u00eda trata la primera parte del libro \u201cDesde la isla de Donoussa\u201d.<\/p>\n<p style=\"text-align: justify;\">El presente poemario lo dividi\u00f3 nuestro poeta en cuatro partes: \u201cEn el coraz\u00f3n de la Mitolog\u00eda griega\u201d (16 poemas), \u201cCerca de los pecios del Glaukos\u201d (16 poemas), \u201cDe paseo por Donoussa\u201d (14 poemas), \u201cDe visita a otras islas del Egeo\u201d (15 poemas).\u00a0 Concluye esta obra con un \u201cEp\u00edlogo\u201d, en el que podemos leer un bell\u00edsimo poema compuesto por versos emotivos, atrayentes y placenteros.<\/p>\n<p style=\"text-align: justify;\">Nuestro poeta emplea, en \u201cDesde la isla de Donoussa\u201d, poemas monoestr\u00f3ficos y poliestr\u00f3ficos, donde proliferan, desde el punto de vista de la m\u00e9trica, composiciones isom\u00e9tricas y heterom\u00e9tricas. Ambas est\u00e1n formadas, en su totalidad, por versos heptas\u00edlabos, endecas\u00edlabos y alejandrinos. En cuanto a los procedimientos ret\u00f3ricos, Ben\u00edtez Villodres utiliza principalmente ciertas figuras correspondientes al plano morfosint\u00e1ctico y al l\u00e9xico-sem\u00e1ntico.<\/p>\n<p style=\"text-align: justify;\">La erudici\u00f3n y el ingenio, los sentimientos y la autorreflexi\u00f3n, los valores humanos y literarios&#8230; del poeta malague\u00f1o, como principios b\u00e1sicos de su poder creativo, se fusionan con la belleza y el misterio de la poes\u00eda, lo cual le proporciona a su quehacer po\u00e9tico una magnificaci\u00f3n y exuberancia literarias sumamente valiosas para el lector amante de la poes\u00eda.<\/p>\n<p style=\"text-align: justify;\">Cada d\u00eda el poeta busca ese haz de luz que ilumine la senda por la que marcha hacia la \u00faltima meta de su destino. Para Cervantes, cada cual se fabrica su destino. En esa misma l\u00ednea del Pr\u00edncipe de los Ingenios, se halla Stephen Crane. El autor de \u201cWhilomville Stories\u201d (1900) refiere que quien puede cambiar sus pensamientos puede cambiar su destino. Sin embargo, Julien Green manifiesta que venimos de la noche para volver a la noche, sin saber nada de nuestro destino.<\/p>\n<p style=\"text-align: justify;\">El poeta siempre trabaja, desde la l\u00ednea de la calidad, para crear aquello que a\u00fan est\u00e1 sin concebir dentro de sus proyectos personales. Poco a poco sus esfuerzos van ganando terreno y van dejando huellas inmortales en la mente del lector, en la mente colectiva.<\/p>\n<p style=\"text-align: justify;\">Ben\u00edtez Villodres, como la mayor\u00eda de los escritores que dejan \u201csu huella escrita\u201d, se a\u00edsla del bullicio del \u201cmedio\u201d y de los aplausos para crear esas obras que dejar\u00e1n por siempre su impronta en los adentros de sus lectores y en la memoria universal. \u201cEl destino, la calidad de nuestras obras, de qu\u00e9 estamos hechos, c\u00f3mo vivimos, por d\u00f3nde caminamos, ad\u00f3nde queremos llegar\u2026 Lo dem\u00e1s es lo dem\u00e1s\u201d, refiere el poeta malague\u00f1o.<\/p>\n<p style=\"text-align: justify;\">A veces las huellas escritas se tornan borrosas, casi imperceptibles, con el paso inexorable del tiempo, pero otras persisten m\u00e1s radiantes, son m\u00e1s universales, est\u00e1n m\u00e1s exuberantes\u2026 que reci\u00e9n marcadas. Las primeras son las olvidadas; las segundas, sin embargo, son cada a\u00f1o m\u00e1s rememoradas, en profundidad y en extensi\u00f3n, en culto y en alabanzas\u2026 Evidentemente, el tiempo no es la tinta con la que el poeta escribe, ni la pluma, ni lo escrito\u2026 El tiempo es silencio, vac\u00edo, nada. El tiempo es esa niebla cada vez m\u00e1s espesa que borra huellas o las mantiene frescas, seg\u00fan el destino del poeta.<\/p>\n<p style=\"text-align: justify;\"><a href=\"http:\/\/granadacostanacional.es\/wp-content\/uploads\/2018\/12\/PORTADA-LIBRO-DESDE-LA-ISLA-DE-DONOUSSA.jpg\"><img decoding=\"async\" loading=\"lazy\" class=\"aligncenter size-large wp-image-19402\" src=\"http:\/\/granadacostanacional.es\/wp-content\/uploads\/2018\/12\/PORTADA-LIBRO-DESDE-LA-ISLA-DE-DONOUSSA-898x1024.jpg\" alt=\"PORTADA LIBRO DESDE LA ISLA DE DONOUSSA\" width=\"898\" height=\"1024\" \/><\/a><\/p>\n","protected":false},"excerpt":{"rendered":"<p>DESDE LA ISLA DE DONOUSSA Carlos Ben\u00edtez Villodres Editorial \u201cGranada Club Selecci\u00f3n\u201d. Molv\u00edzar (Granada) 2018, p\u00e1gs. 152 \u00a0 Por Anselmo&hellip;<\/p>\n","protected":false},"author":3,"featured_media":19401,"comment_status":"open","ping_status":"open","sticky":false,"template":"","format":"standard","meta":{"om_disable_all_campaigns":false,"_mi_skip_tracking":false,"_monsterinsights_sitenote_active":false,"_monsterinsights_sitenote_note":"","_monsterinsights_sitenote_category":0,"footnotes":""},"categories":[21],"tags":[],"aioseo_notices":[],"_links":{"self":[{"href":"https:\/\/granadacostaglobal.es\/index.php?rest_route=\/wp\/v2\/posts\/19400"}],"collection":[{"href":"https:\/\/granadacostaglobal.es\/index.php?rest_route=\/wp\/v2\/posts"}],"about":[{"href":"https:\/\/granadacostaglobal.es\/index.php?rest_route=\/wp\/v2\/types\/post"}],"author":[{"embeddable":true,"href":"https:\/\/granadacostaglobal.es\/index.php?rest_route=\/wp\/v2\/users\/3"}],"replies":[{"embeddable":true,"href":"https:\/\/granadacostaglobal.es\/index.php?rest_route=%2Fwp%2Fv2%2Fcomments&post=19400"}],"version-history":[{"count":0,"href":"https:\/\/granadacostaglobal.es\/index.php?rest_route=\/wp\/v2\/posts\/19400\/revisions"}],"wp:featuredmedia":[{"embeddable":true,"href":"https:\/\/granadacostaglobal.es\/index.php?rest_route=\/"}],"wp:attachment":[{"href":"https:\/\/granadacostaglobal.es\/index.php?rest_route=%2Fwp%2Fv2%2Fmedia&parent=19400"}],"wp:term":[{"taxonomy":"category","embeddable":true,"href":"https:\/\/granadacostaglobal.es\/index.php?rest_route=%2Fwp%2Fv2%2Fcategories&post=19400"},{"taxonomy":"post_tag","embeddable":true,"href":"https:\/\/granadacostaglobal.es\/index.php?rest_route=%2Fwp%2Fv2%2Ftags&post=19400"}],"curies":[{"name":"wp","href":"https:\/\/api.w.org\/{rel}","templated":true}]}}