{"id":19350,"date":"2018-12-26T12:07:44","date_gmt":"2018-12-26T12:07:44","guid":{"rendered":"http:\/\/granadacostanacional.es\/?p=19350"},"modified":"2018-12-26T12:07:44","modified_gmt":"2018-12-26T12:07:44","slug":"comunicado-del-proyecto-nacional-de-cultura-granada-costa-para-el-ano-2019","status":"publish","type":"post","link":"https:\/\/granadacostaglobal.es\/?p=19350","title":{"rendered":"Comunicado del Proyecto Nacional de Cultura Granada Costa para el a\u00f1o 2019"},"content":{"rendered":"<p style=\"text-align: justify;\">Queridos compa\u00f1eros:<\/p>\n<p style=\"text-align: justify;\">Finalizando el a\u00f1o 2018, y con la entrada de 2019, nuestro Proyecto Cultural Granada Costa entra en el ciclo de 20 a\u00f1os de vida. Nada tiene que ver aquel peri\u00f3dico que present\u00e1bamos a finales de 1999, con lo que es hoy nuestro Proyecto Nacional de Cultura Granada Costa.<\/p>\n<p style=\"text-align: justify;\">A lo largo de estas dos d\u00e9cadas, hemos tenido que sortear infinidad de dificultades para perdurar durante estos 20 a\u00f1os. La primera fue tener que tomar la decisi\u00f3n de pasar de un peri\u00f3dico semanal a un peri\u00f3dico mensual. Pero al mismo tiempo, convirti\u00e9ndolo en un peri\u00f3dico cultural de \u00e1mbito nacional.<\/p>\n<p style=\"text-align: justify;\">La segunda ha sido darle contenido cultural a este Proyecto. Para ello se pusieron en marcha los Circuitos Culturales a nivel nacional, con uno fijo cada a\u00f1o en Almu\u00f1\u00e9car (Granada), se crearon cert\u00e1menes literarios y distinciones culturales, Medallas de Oro al Trabajo Cultural Granada Costa, Libros de Homenaje, Premios Humanidades, etc.<\/p>\n<p style=\"text-align: justify;\">La tercera, crear una p\u00e1gina web con bastantes contenidos, siendo el principal el Qui\u00e9n es Qui\u00e9n, en el que se crea una hemeroteca particular y recoge datos biogr\u00e1ficos, rese\u00f1as, libros publicados, v\u00eddeos, reportajes fotogr\u00e1ficos, m\u00e1s contacto de colaboradores del Proyecto.<\/p>\n<p style=\"text-align: justify;\">La Cuarta, la m\u00e1s importante de todas ellas, crear la Academia de las Ciencias, Bellas Artes y Buenas Letras, en la que se puedan desarrollar Proyectos de gran envergadura, dentro del mundo de la cultura de Granada Costa.<\/p>\n<p style=\"text-align: justify;\">Todos estos puntos se han desarrollado de una forma, en la que las nuevas tecnolog\u00edas han sido primordiales, pero que, de no haberlas desarrollado, no hubiese tenido futuro nuestro Proyecto.<\/p>\n<p style=\"text-align: justify;\">En el 2019, la inteligencia artificial formar\u00e1 parte de nuestras vidas, y nosotros, que queremos estar a la vanguardia de todas las nuevas tecnolog\u00edas, incorporamos parte de esa inteligencia artificial a trav\u00e9s de nuestras p\u00e1ginas de art\u00edculos de opini\u00f3n y libros que se publiquen dentro del Proyecto Nacional de Cultura Granada Costa. El primero que entrar\u00e1 a formar parte ser\u00e1 el <strong>C\u00f3digo BIDI<\/strong>, que ir\u00e1 incorporado en la cabecera de cada art\u00edculo de opini\u00f3n y libros que publiquemos. Desde cualquier punto del mundo que se lea nuestro peri\u00f3dico tanto en papel como digital, o dicho libro, se podr\u00e1 acceder a la hemeroteca de Qui\u00e9n es Qui\u00e9n del autor de ese art\u00edculo o libro y conocer todos los datos ya mencionados.<\/p>\n<p style=\"text-align: justify;\">Para desarrollar esta tecnolog\u00eda, y en conocimiento de la diversidad demogr\u00e1fica y de intereses que compone nuestro Proyecto de Cultura, hemos desarrollado una nueva tarifa de precios para el pr\u00f3ximo a\u00f1o 2019, disponible para nuestros suscriptores:<\/p>\n<p style=\"text-align: justify;\"><strong>Espa\u00f1a con hemeroteca en Qui\u00e9n es Qui\u00e9n 130,40 \u20ac<\/strong><\/p>\n<p style=\"text-align: justify;\">Pueden participar con un poema en el Rinc\u00f3n Po\u00e9tico, m\u00e1s art\u00edculo en las p\u00e1ginas del peri\u00f3dico Granada Costa. Con C\u00f3digo BIDI.<\/p>\n<p style=\"text-align: justify;\"><strong>Espa\u00f1a sin hemeroteca en Qui\u00e9n es Qui\u00e9n 69 \u20ac<\/strong><\/p>\n<p style=\"text-align: justify;\">Tendr\u00e1n la posibilidad de participar mensualmente con un poema en el rinc\u00f3n po\u00e9tico.<\/p>\n<p style=\"text-align: justify;\"><strong>Europa con hemeroteca en Qui\u00e9n es Qui\u00e9n 187,20 \u20ac<\/strong><\/p>\n<p style=\"text-align: justify;\">Pueden participar con un poema en el Rinc\u00f3n Po\u00e9tico, m\u00e1s art\u00edculo en las p\u00e1ginas del peri\u00f3dico Granada Costa. Con C\u00f3digo BIDI.<\/p>\n<p style=\"text-align: justify;\">Todos los suscriptores recibir\u00e1n 12 env\u00edos al a\u00f1o, en los cuales se incluir\u00e1 el peri\u00f3dico correspondiente del mes, m\u00e1s un libro de regalo. IVA incluido.<\/p>\n<p style=\"text-align: justify;\">Estas tarifas con hemeroteca suponen la unificaci\u00f3n de pagos para aquellas personas que ya ven\u00edan abonando las cantidades por suscripci\u00f3n m\u00e1s p\u00e1gina web (Qui\u00e9n es Qui\u00e9n, publicaci\u00f3n de art\u00edculos, etc).<\/p>\n<p>&nbsp;<\/p>\n<p>&nbsp;<\/p>\n<p style=\"text-align: justify;\">Sin m\u00e1s, y con el deseo de que este sea un gran a\u00f1o para todos,<\/p>\n<p>&nbsp;<\/p>\n<p style=\"text-align: center;\">Jos\u00e9 Segura Haro,<\/p>\n<p style=\"text-align: center;\">Presidente del Proyecto Nacional de Cultura Granada Costa<\/p>\n<p>&nbsp;<\/p>\n<p style=\"text-align: right;\">26 de diciembre de 2018.<\/p>\n","protected":false},"excerpt":{"rendered":"<p>Queridos compa\u00f1eros: Finalizando el a\u00f1o 2018, y con la entrada de 2019, nuestro Proyecto Cultural Granada Costa entra en el&hellip;<\/p>\n","protected":false},"author":3,"featured_media":3699,"comment_status":"open","ping_status":"open","sticky":false,"template":"","format":"standard","meta":{"om_disable_all_campaigns":false,"_mi_skip_tracking":false,"_monsterinsights_sitenote_active":false,"_monsterinsights_sitenote_note":"","_monsterinsights_sitenote_category":0,"footnotes":""},"categories":[21,22,38],"tags":[],"aioseo_notices":[],"_links":{"self":[{"href":"https:\/\/granadacostaglobal.es\/index.php?rest_route=\/wp\/v2\/posts\/19350"}],"collection":[{"href":"https:\/\/granadacostaglobal.es\/index.php?rest_route=\/wp\/v2\/posts"}],"about":[{"href":"https:\/\/granadacostaglobal.es\/index.php?rest_route=\/wp\/v2\/types\/post"}],"author":[{"embeddable":true,"href":"https:\/\/granadacostaglobal.es\/index.php?rest_route=\/wp\/v2\/users\/3"}],"replies":[{"embeddable":true,"href":"https:\/\/granadacostaglobal.es\/index.php?rest_route=%2Fwp%2Fv2%2Fcomments&post=19350"}],"version-history":[{"count":0,"href":"https:\/\/granadacostaglobal.es\/index.php?rest_route=\/wp\/v2\/posts\/19350\/revisions"}],"wp:featuredmedia":[{"embeddable":true,"href":"https:\/\/granadacostaglobal.es\/index.php?rest_route=\/"}],"wp:attachment":[{"href":"https:\/\/granadacostaglobal.es\/index.php?rest_route=%2Fwp%2Fv2%2Fmedia&parent=19350"}],"wp:term":[{"taxonomy":"category","embeddable":true,"href":"https:\/\/granadacostaglobal.es\/index.php?rest_route=%2Fwp%2Fv2%2Fcategories&post=19350"},{"taxonomy":"post_tag","embeddable":true,"href":"https:\/\/granadacostaglobal.es\/index.php?rest_route=%2Fwp%2Fv2%2Ftags&post=19350"}],"curies":[{"name":"wp","href":"https:\/\/api.w.org\/{rel}","templated":true}]}}