{"id":19318,"date":"2018-12-21T15:18:02","date_gmt":"2018-12-21T15:18:02","guid":{"rendered":"http:\/\/granadacostanacional.es\/?p=19318"},"modified":"2018-12-21T15:18:02","modified_gmt":"2018-12-21T15:18:02","slug":"la-mancomunidad-termina-en-plazo-la-remodelacion-de-la-calle-bikini","status":"publish","type":"post","link":"https:\/\/granadacostaglobal.es\/?p=19318","title":{"rendered":"LA MANCOMUNIDAD TERMINA EN PLAZO LA REMODELACI\u00d3N DE LA CALLE BIKINI"},"content":{"rendered":"<p style=\"text-align: justify;\"><em>Hoy el Presidente de la Mancomunidad de Municipios de la Costa Tropical, acompa\u00f1ado\u00a0 de\u00a0 t\u00e9cnicos municipales,\u00a0 visitaba las obras realizadas en la\u00a0 Calle Bikini.<\/em><\/p>\n<p style=\"text-align: justify;\">Este mediod\u00eda, Sergio Garc\u00eda, acompa\u00f1ado de t\u00e9cnicos de las obras y representantes municipales, han visitado las actuaciones ejecutadas\u00a0 con cargo al Canon de mejora, en la calle Bikini de Almu\u00f1\u00e9car.<\/p>\n<p style=\"text-align: justify;\">La inversi\u00f3n de la actuaci\u00f3n realizada\u00a0 en calle Bikini ha sido de \u00a0\u00a0231.232,94 \u20ac, la actuaci\u00f3n se ha divido en dos fases, para evitar molestias en periodos estivales. La primera fase de la renovaci\u00f3n de la calle Bikini se ejecuto entre la Avd. Europa y la calle Guadix, y la segunda fase, se ha realizado desde la Avd. Europa a \u00a0Plaza de Abderraman.<\/p>\n<p style=\"text-align: justify;\">La actuaci\u00f3n ha comprendido una renovaci\u00f3n integral de la red de saneamiento y abastecimiento, sustituyendo las tuber\u00edas existentes por unas de mayor dimensi\u00f3n y resistencia, alargando su trazado anterior, hasta la calle Guadix y conect\u00e1ndolo con la red del paseo mar\u00edtimo.<\/p>\n<p style=\"text-align: justify;\">Tambi\u00e9n se ha dotado de una red separativa de pluviales y saneamiento, de modo que la red de pluviales vierta a rio seco y el saneamiento conste de un \u00fanico ramal que conecte con la red en la Plaza San Cristobal.<\/p>\n<p style=\"text-align: justify;\">En cuanto a la pavimentaci\u00f3n se ha dise\u00f1ado una secci\u00f3n de vial homog\u00e9nea en toda su longitud, compuesta por acera de 1.50 m a ambos lados de la calle pavimentadas de baldosa hidr\u00e1ulica con bordillo de granito, banda de aparcamiento en l\u00ednea de 2m de ancho con solera\u00a0 de hormig\u00f3n, separada de la calzada mediante l\u00ednea de agua de adoqu\u00edn de granito, y calzada con \u00fanico carril de 3m de ancho.<\/p>\n<p style=\"text-align: justify;\">\u201cEsta obra que concluye hoy, es una primera fase de un proyecto que abarca la mejora de redes en el Paseo Mar\u00edtimo\u00a0 y calle Guadix de almu\u00f1ecar con un coste total de m\u00e1s de 1 mill\u00f3n de euros. Con estas actuaciones se pretende solventar los problemas de inundaciones que sufre la zona en \u00e9poca de lluvias\u201d a\u00f1ad\u00eda Sergio Garcia.<\/p>\n<p style=\"text-align: justify;\">El objetivo de Mancomunidad es que para que en el mes de abril de 2019, se hayan terminado todas las actuaciones previstas en el municipio. \u201cEstamos hablando de una inversi\u00f3n en estas tres calles de mas de un mill\u00f3n de euros. A estas le sumamos los trabajos ejecutados en el barrio de La Paloma y en el barrio de San Sebastian, adem\u00e1s de las actuaciones realizadas en los dep\u00f3sitos de lo colorao,\u00a0 cotobro y la flor que ascienden a 700.000 \u20ac, m\u00e1s la tuber\u00eda de m\u00e1s de 3,5 kil\u00f3metros desde la depuradora a la balsa de acumulaci\u00f3n de la comunidad de regantes de r\u00edo verde con una inversi\u00f3n de 400.000 \u20ac.<\/p>\n<p style=\"text-align: justify;\">Estas actuaciones m\u00e1s las de \u00a0las que se est\u00e1n ejecutando en el paseo mar\u00edtimo y casco antiguo de La Herradura suman \u00a0m\u00e1s de siete millones de euros \u00a0invertidos por\u00a0 Mancomunidad en el municipio de Almu\u00f1ecar y\u00a0 La Herradura.<\/p>\n","protected":false},"excerpt":{"rendered":"<p>Hoy el Presidente de la Mancomunidad de Municipios de la Costa Tropical, acompa\u00f1ado\u00a0 de\u00a0 t\u00e9cnicos municipales,\u00a0 visitaba las obras realizadas&hellip;<\/p>\n","protected":false},"author":2,"featured_media":19319,"comment_status":"open","ping_status":"open","sticky":false,"template":"","format":"standard","meta":{"om_disable_all_campaigns":false,"_mi_skip_tracking":false,"_monsterinsights_sitenote_active":false,"_monsterinsights_sitenote_note":"","_monsterinsights_sitenote_category":0,"footnotes":""},"categories":[22],"tags":[],"aioseo_notices":[],"_links":{"self":[{"href":"https:\/\/granadacostaglobal.es\/index.php?rest_route=\/wp\/v2\/posts\/19318"}],"collection":[{"href":"https:\/\/granadacostaglobal.es\/index.php?rest_route=\/wp\/v2\/posts"}],"about":[{"href":"https:\/\/granadacostaglobal.es\/index.php?rest_route=\/wp\/v2\/types\/post"}],"author":[{"embeddable":true,"href":"https:\/\/granadacostaglobal.es\/index.php?rest_route=\/wp\/v2\/users\/2"}],"replies":[{"embeddable":true,"href":"https:\/\/granadacostaglobal.es\/index.php?rest_route=%2Fwp%2Fv2%2Fcomments&post=19318"}],"version-history":[{"count":0,"href":"https:\/\/granadacostaglobal.es\/index.php?rest_route=\/wp\/v2\/posts\/19318\/revisions"}],"wp:featuredmedia":[{"embeddable":true,"href":"https:\/\/granadacostaglobal.es\/index.php?rest_route=\/"}],"wp:attachment":[{"href":"https:\/\/granadacostaglobal.es\/index.php?rest_route=%2Fwp%2Fv2%2Fmedia&parent=19318"}],"wp:term":[{"taxonomy":"category","embeddable":true,"href":"https:\/\/granadacostaglobal.es\/index.php?rest_route=%2Fwp%2Fv2%2Fcategories&post=19318"},{"taxonomy":"post_tag","embeddable":true,"href":"https:\/\/granadacostaglobal.es\/index.php?rest_route=%2Fwp%2Fv2%2Ftags&post=19318"}],"curies":[{"name":"wp","href":"https:\/\/api.w.org\/{rel}","templated":true}]}}